{"id":377,"date":"2022-03-13T11:57:15","date_gmt":"2022-03-13T10:57:15","guid":{"rendered":"https:\/\/seta66.com\/?p=377"},"modified":"2026-04-12T11:19:21","modified_gmt":"2026-04-12T09:19:21","slug":"montesquieu-des-alberes","status":"publish","type":"post","link":"https:\/\/seta66.com\/index.php\/2022\/03\/13\/montesquieu-des-alberes\/","title":{"rendered":"Montesquieu des Alb\u00e8res"},"content":{"rendered":"\t\t<div data-elementor-type=\"wp-post\" data-elementor-id=\"377\" class=\"elementor elementor-377\">\n\t\t\t\t\t\t<section class=\"elementor-section elementor-top-section elementor-element elementor-element-c3fbf31 elementor-section-boxed elementor-section-height-default elementor-section-height-default\" data-id=\"c3fbf31\" data-element_type=\"section\" data-e-type=\"section\">\n\t\t\t\t\t\t<div class=\"elementor-container elementor-column-gap-default\">\n\t\t\t\t\t<div class=\"elementor-column elementor-col-100 elementor-top-column elementor-element elementor-element-42226af\" data-id=\"42226af\" data-element_type=\"column\" data-e-type=\"column\">\n\t\t\t<div class=\"elementor-widget-wrap elementor-element-populated\">\n\t\t\t\t\t\t<div class=\"elementor-element elementor-element-1bce5ac elementor-widget elementor-widget-heading\" data-id=\"1bce5ac\" data-element_type=\"widget\" data-e-type=\"widget\" data-widget_type=\"heading.default\">\n\t\t\t\t<div class=\"elementor-widget-container\">\n\t\t\t\t\t<h2 class=\"elementor-heading-title elementor-size-default\"><a href=\"https:\/\/seta66.com\/index.php\/2022\/03\/13\/montesquieu-des-alberes\/\">Montesquieu des Alb\u00e8res<br><\/a><\/h2>\t\t\t\t<\/div>\n\t\t\t\t<\/div>\n\t\t\t\t\t<\/div>\n\t\t<\/div>\n\t\t\t\t\t<\/div>\n\t\t<\/section>\n\t\t\t\t<section class=\"elementor-section elementor-top-section elementor-element elementor-element-f0afe92 elementor-section-boxed elementor-section-height-default elementor-section-height-default\" data-id=\"f0afe92\" data-element_type=\"section\" data-e-type=\"section\">\n\t\t\t\t\t\t<div class=\"elementor-container elementor-column-gap-default\">\n\t\t\t\t\t<div class=\"elementor-column elementor-col-100 elementor-top-column elementor-element elementor-element-316e56f\" data-id=\"316e56f\" data-element_type=\"column\" data-e-type=\"column\">\n\t\t\t<div class=\"elementor-widget-wrap elementor-element-populated\">\n\t\t\t\t\t\t<div class=\"elementor-element elementor-element-916eb41 elementor-widget-divider--view-line elementor-widget elementor-widget-divider\" data-id=\"916eb41\" data-element_type=\"widget\" data-e-type=\"widget\" data-widget_type=\"divider.default\">\n\t\t\t\t<div class=\"elementor-widget-container\">\n\t\t\t\t\t\t\t<div class=\"elementor-divider\">\n\t\t\t<span class=\"elementor-divider-separator\">\n\t\t\t\t\t\t<\/span>\n\t\t<\/div>\n\t\t\t\t\t\t<\/div>\n\t\t\t\t<\/div>\n\t\t\t\t\t<\/div>\n\t\t<\/div>\n\t\t\t\t\t<\/div>\n\t\t<\/section>\n\t\t\t\t<section class=\"elementor-section elementor-top-section elementor-element elementor-element-8e524da elementor-section-boxed elementor-section-height-default elementor-section-height-default\" data-id=\"8e524da\" data-element_type=\"section\" data-e-type=\"section\">\n\t\t\t\t\t\t<div class=\"elementor-container elementor-column-gap-default\">\n\t\t\t\t\t<div class=\"elementor-column elementor-col-100 elementor-top-column elementor-element elementor-element-e3cfd6d\" data-id=\"e3cfd6d\" data-element_type=\"column\" data-e-type=\"column\">\n\t\t\t<div class=\"elementor-widget-wrap elementor-element-populated\">\n\t\t\t\t\t\t<div class=\"elementor-element elementor-element-119613b elementor-widget elementor-widget-text-editor\" data-id=\"119613b\" data-element_type=\"widget\" data-e-type=\"widget\" data-widget_type=\"text-editor.default\">\n\t\t\t\t<div class=\"elementor-widget-container\">\n\t\t\t\t\t\t\t\t\t<p><a href=\"https:\/\/www.montesquieu-des-alberes.fr\/\">Site de la Mairie :<\/a><\/p>\t\t\t\t\t\t\t\t<\/div>\n\t\t\t\t<\/div>\n\t\t\t\t\t<\/div>\n\t\t<\/div>\n\t\t\t\t\t<\/div>\n\t\t<\/section>\n\t\t\t\t<section class=\"elementor-section elementor-top-section elementor-element elementor-element-38e90a0 elementor-section-boxed elementor-section-height-default elementor-section-height-default\" data-id=\"38e90a0\" data-element_type=\"section\" data-e-type=\"section\">\n\t\t\t\t\t\t<div class=\"elementor-container elementor-column-gap-default\">\n\t\t\t\t\t<div class=\"elementor-column elementor-col-100 elementor-top-column elementor-element elementor-element-0643390\" data-id=\"0643390\" data-element_type=\"column\" data-e-type=\"column\">\n\t\t\t<div class=\"elementor-widget-wrap elementor-element-populated\">\n\t\t\t\t\t\t<div class=\"elementor-element elementor-element-0376f34 elementor-widget-divider--view-line elementor-widget elementor-widget-divider\" data-id=\"0376f34\" data-element_type=\"widget\" data-e-type=\"widget\" data-widget_type=\"divider.default\">\n\t\t\t\t<div class=\"elementor-widget-container\">\n\t\t\t\t\t\t\t<div class=\"elementor-divider\">\n\t\t\t<span class=\"elementor-divider-separator\">\n\t\t\t\t\t\t<\/span>\n\t\t<\/div>\n\t\t\t\t\t\t<\/div>\n\t\t\t\t<\/div>\n\t\t\t\t\t<\/div>\n\t\t<\/div>\n\t\t\t\t\t<\/div>\n\t\t<\/section>\n\t\t\t\t<section class=\"elementor-section elementor-top-section elementor-element elementor-element-2659513 elementor-section-boxed elementor-section-height-default elementor-section-height-default\" data-id=\"2659513\" data-element_type=\"section\" data-e-type=\"section\">\n\t\t\t\t\t\t<div class=\"elementor-container elementor-column-gap-default\">\n\t\t\t\t\t<div class=\"elementor-column elementor-col-100 elementor-top-column elementor-element elementor-element-0294513\" data-id=\"0294513\" data-element_type=\"column\" data-e-type=\"column\">\n\t\t\t<div class=\"elementor-widget-wrap elementor-element-populated\">\n\t\t\t\t\t\t<div class=\"elementor-element elementor-element-2d88979 elementor-widget elementor-widget-text-editor\" data-id=\"2d88979\" data-element_type=\"widget\" data-e-type=\"widget\" data-widget_type=\"text-editor.default\">\n\t\t\t\t<div class=\"elementor-widget-container\">\n\t\t\t\t\t\t\t\t\t<h6 style=\"text-align: center;\"><strong>R\u00e9ponse publique de SETA \u00e0 la r\u00e9union du 12 mars 2026<\/strong><\/h6>\n<p>Lors de la r\u00e9union publique du 12 mars, Madame le Maire a r\u00e9agi \u00e0 la lettre ouverte que nous avions adress\u00e9e aux deux listes candidates.<br>Nous remercions la municipalit\u00e9 d\u2019avoir pris connaissance de ce document, mais plusieurs r\u00e9ponses apport\u00e9es appellent des clarifications, afin que les habitants disposent d\u2019une information compl\u00e8te, exacte et v\u00e9rifiable.<\/p>\n<p>Nous r\u00e9pondons ici <strong>point par point<\/strong>, conform\u00e9ment aux faits administratifs et aux documents officiels.<\/p>\n<ol>\n<li><b> Le projet des Famades<\/b><\/li>\n<\/ol>\n<p><strong>Ce que nous avons entendu :<\/strong><\/p>\n<p>Madame le Maire a affirm\u00e9 qu\u2019\u00ab il n\u2019y a pas de projet des Famades \u00bb et a \u00e9voqu\u00e9 un commissaire enqu\u00eateur.<\/p>\n<p><strong>Les faits :<\/strong><\/p>\n<ul>\n<li>Les terrains concern\u00e9s sont toujours class\u00e9s <strong>1AUh<\/strong> dans le PLU.<\/li>\n<li>La proc\u00e9dure utilis\u00e9e \u00e9tait une <strong>modification simplifi\u00e9e<\/strong>, qui <strong>ne comporte pas de commissaire enqu\u00eateur<\/strong>.<\/li>\n<li>L\u2019enqu\u00eate publique (concertation)&nbsp; &nbsp;a recueilli <strong>74 % d\u2019avis d\u00e9favorables<\/strong>.<\/li>\n<\/ul>\n<p><strong>Notre position :<\/strong><\/p>\n<p>Le dossier existe bel et bien, juridiquement et administrativement.<br>Nous regrettons que la r\u00e9ponse ait consist\u00e9 \u00e0 nier son existence plut\u00f4t qu\u2019\u00e0 r\u00e9pondre aux questions pos\u00e9es : maintien, modification ou abandon du projet.<\/p>\n<p><em>SETA pr\u00e9cise que ce dossier fait L\u2019objet&nbsp; d\u2019un recours au tribunal administratif de Montpellier<\/em><\/p>\n<ol start=\"2\">\n<li><strong> Le PUP (Projet Urbain Partenarial)<\/strong><\/li>\n<\/ol>\n<p><strong>Ce que nous avons entendu :<\/strong><\/p>\n<p>Madame le Maire a d\u00e9clar\u00e9 qu\u2019\u00ab il n\u2019y a pas de PUP \u00bb, suscitant des rires dans la salle.<\/p>\n<p><strong>Les faits :<\/strong><\/p>\n<ul>\n<li>Le terme <strong>PUP<\/strong> figure dans un <strong>proc\u00e8s-verbal officiel du conseil municipal<\/strong>, sign\u00e9.<\/li>\n<li>Ce point fait l\u2019objet d\u2019une <strong>plainte p\u00e9nale<\/strong>, toujours en cours d\u2019instruction.<\/li>\n<li>Aucun classement sans suite ne nous a \u00e9t\u00e9 notifi\u00e9.<\/li>\n<\/ul>\n<p><strong>Notre position :<\/strong><\/p>\n<p>Il est inexact d\u2019affirmer qu\u2019il n\u2019y a pas de PUP alors que la municipalit\u00e9 elle-m\u00eame l\u2019a inscrit dans un PV et sign\u00e9<br>Nous demandons toujours la publication compl\u00e8te des documents concern\u00e9s.<\/p>\n<p><em>SETA pr\u00e9cise que ce dossier fait L\u2019objet&nbsp; d\u2019une relance aupr\u00e8s du Procureur de la R\u00e9publique qui instruit cette affaire<\/em><\/p>\n<ol start=\"3\">\n<li><strong> Le pr\u00eat de 2 millions d\u2019euros<\/strong><\/li>\n<\/ol>\n<p><strong>Ce que nous avons entendu :<\/strong><\/p>\n<p>La dette pourrait \u00eatre rembours\u00e9e en 4,5 ans si les subventions restent identiques.<\/p>\n<p><strong>Les faits :<\/strong><\/p>\n<ul>\n<li>Les acquisitions r\u00e9alis\u00e9es doivent \u00eatre <strong>entretenues<\/strong>, <strong>mises en conformit\u00e9<\/strong>, <strong>g\u00e9r\u00e9es<\/strong> ou <strong>mises en location<\/strong>.<\/li>\n<li><b>Ces co\u00fbts sont r\u00e9els et r\u00e9currents<\/b>.<\/li>\n<li>Certaines acquisitions sont inoccup\u00e9es depuis plus d\u2019un an.<\/li>\n<\/ul>\n<p><strong>Notre position :<\/strong><\/p>\n<p>Une projection optimiste ne constitue pas une r\u00e9ponse \u00e0 nos questions sur :<\/p>\n<ul>\n<li>l\u2019usage des fonds,<\/li>\n<li>la strat\u00e9gie de pr\u00e9emption,<\/li>\n<li>la gestion rigoureuse de l\u2019argent public.<\/li>\n<\/ul>\n<ol start=\"4\">\n<li><strong> Le parc photovolta\u00efque des Trompettes<\/strong><\/li>\n<\/ol>\n<p><strong>Ce que nous avons entendu :<\/strong><\/p>\n<p>Les \u00e9tudes sont en cours organis\u00e9es par la soci\u00e9t\u00e9 ABO WIND et il n\u2019y aurait pas eu de zone de compensation sur la parcelle.<\/p>\n<p><strong>Les faits :<\/strong><\/p>\n<ul>\n<li>Une <strong>photo a\u00e9rienne<\/strong> montre clairement l\u2019existence d\u2019un \u00e9cran v\u00e9g\u00e9tal li\u00e9 \u00e0 une zone de compensation LGV et la visite au sol confirme la qualit\u00e9 de cette compensation<\/li>\n<li>Ce projet est situ\u00e9 \u00e0 <strong>200 m\u00e8tres des habitations<\/strong>.<\/li>\n<li>Les \u00e9tudes sont r\u00e9alis\u00e9es sous l\u2019\u00e9gide&nbsp; de la soci\u00e9t\u00e9 d\u2019ABO Wind et de ses&nbsp; sous-traitant, et non par un organisme ind\u00e9pendant.<\/li>\n<li>Une r\u00e9gie municipale serait possible et plus avantageuse.<\/li>\n<\/ul>\n<p><strong>Notre position :<\/strong><\/p>\n<p>Nous demandons des \u00e9tudes ind\u00e9pendantes et une r\u00e9flexion sur l\u2019implantation, afin de prot\u00e9ger les riverains et le paysage.<\/p>\n<ol start=\"5\">\n<li><strong> Les anomalies du PLU et la disparition de tron\u00e7ons d\u2019assainissement<\/strong><\/li>\n<\/ol>\n<p><strong>Ce que nous avons entendu :<\/strong><\/p>\n<p>Madame le Maire a \u00e9voqu\u00e9 un cas individuel concernant une fosse septique.<\/p>\n<p><strong>Les faits :<\/strong><\/p>\n<ul>\n<li>Le probl\u00e8me concerne <strong>cinq parcelles<\/strong>, pas une seule.<\/li>\n<li>Des tron\u00e7ons d\u2019assainissement collectif pr\u00e9sents sur le terrain ont <strong>disparu des cartes du PLU<\/strong>. (CF<span style=\"font-size: 11pt; text-indent: 0em; text-align: inherit;\">&nbsp;&nbsp; <\/span><span style=\"font-size: 11pt; text-indent: 0em; text-align: inherit;\">lettre ouverte ci-dessous avec les cartes).<\/span><p><span style=\"font-size:11.0pt;line-height:115%\"><o:p><\/o:p><\/span><\/p><\/li>\n<li>Cette disparition rend des dents creuses <strong>inconstructibles<\/strong>, conform\u00e9ment \u00e0 la loi Alur.<\/li>\n<li>Le cas individuel cit\u00e9 fait partie du lot des personnes l\u00e9s\u00e9es&nbsp; et cela ne r\u00e9pond pas \u00e0 la question pos\u00e9e.<\/li>\n<\/ul>\n<p><strong>Notre position :<\/strong><\/p>\n<p>Nous demandons la <strong>restauration des donn\u00e9es exactes<\/strong>, une <strong>explication publique<\/strong> et une <strong>r\u00e9vision transparente<\/strong> du PLU.<\/p>\n<ol start=\"6\">\n<li><strong> Le PAEN (P\u00e9rim\u00e8tre Agricole et Naturel Prot\u00e9g\u00e9)<\/strong><\/li>\n<\/ol>\n<p><strong>Ce que nous avons entendu :<\/strong><\/p>\n<p>\u00ab Cela d\u00e9pend du Conseil d\u00e9partemental \u00bb et \u00ab les discussions sont en cours \u00bb.<\/p>\n<p><strong>Les faits :<\/strong><\/p>\n<ul>\n<li>La commune est <strong>co\u2011d\u00e9cisionnaire<\/strong> du PAEN.<\/li>\n<li>Des cartes de travail existent d\u00e9j\u00e0.<\/li>\n<li>Aucun document n\u2019a \u00e9t\u00e9 pr\u00e9sent\u00e9 lors de la r\u00e9union.<\/li>\n<li>Les choix engag\u00e9s n\u2019ont pas \u00e9t\u00e9 expliqu\u00e9s.<\/li>\n<\/ul>\n<p><strong>Notre position :<\/strong><\/p>\n<p>Nous demandons la pr\u00e9sentation publique du p\u00e9rim\u00e8tre envisag\u00e9, des crit\u00e8res retenus et des arbitrages d\u00e9j\u00e0 effectu\u00e9s.<\/p>\n<p><strong>C<\/strong><b>onclusion<\/b><\/p>\n<p>SETA ne cherche ni la pol\u00e9mique ni la confrontation.<br>Notre objectif est simple : <strong>que les habitants disposent d\u2019informations exactes, compl\u00e8tes et v\u00e9rifiables<\/strong>, afin de pouvoir se prononcer en connaissance de cause.<\/p>\n<p>Nous continuerons \u00e0 travailler avec rigueur, documents \u00e0 l\u2019appui, pour d\u00e9fendre l\u2019int\u00e9r\u00eat g\u00e9n\u00e9ral, la transparence et la qualit\u00e9 de vie \u00e0 Montesquieu-des-Alb\u00e8res.<\/p>\n<p><strong>Le Conseil d\u2019Administration de SETA<\/strong><\/p>\t\t\t\t\t\t\t\t<\/div>\n\t\t\t\t<\/div>\n\t\t\t\t\t<\/div>\n\t\t<\/div>\n\t\t\t\t\t<\/div>\n\t\t<\/section>\n\t\t\t\t<section class=\"elementor-section elementor-top-section elementor-element elementor-element-f72e078 elementor-section-boxed elementor-section-height-default elementor-section-height-default\" data-id=\"f72e078\" data-element_type=\"section\" data-e-type=\"section\">\n\t\t\t\t\t\t<div class=\"elementor-container elementor-column-gap-default\">\n\t\t\t\t\t<div class=\"elementor-column elementor-col-100 elementor-top-column elementor-element elementor-element-42e1ddd\" data-id=\"42e1ddd\" data-element_type=\"column\" data-e-type=\"column\">\n\t\t\t<div class=\"elementor-widget-wrap elementor-element-populated\">\n\t\t\t\t\t\t<div class=\"elementor-element elementor-element-f99e513 elementor-widget elementor-widget-text-editor\" data-id=\"f99e513\" data-element_type=\"widget\" data-e-type=\"widget\" data-widget_type=\"text-editor.default\">\n\t\t\t\t<div class=\"elementor-widget-container\">\n\t\t\t\t\t\t\t\t\t<p>\u00a0<\/p><h5><span style=\"color: #008000;\">S<\/span><b><span style=\"color: #008000;\">ETA\u00a0 \u00a0s&rsquo;interroge<\/span>\u00a0\u00a0<\/b><\/h5><p><strong>Lettre ouverte de SETA aux candidats aux \u00e9lections municipales de Montesquieu-des-Alb\u00e8res<\/strong><\/p><p><strong>SETA \u2013 Sauvegarde de l\u2019Environnement du Tech et des Alb\u00e8res<\/strong><\/p><p>Montesquieu-des-Alb\u00e8res<\/p><p><span style=\"color: #008000;\"><strong>\u00c0 l\u2019attention des candidates et candidats au futur conseil municipal<\/strong><\/span><\/p><p>\u00c0 l\u2019approche des \u00e9lections municipales, nous constatons avec \u00e9tonnement que <strong>plusieurs sujets majeurs pour l\u2019avenir de notre commune<\/strong> ne sont abord\u00e9s dans aucun des documents de campagne diffus\u00e9s \u00e0 ce jour.<br \/>Ces sujets concernent pourtant <strong>la d\u00e9mocratie locale, l\u2019urbanisme, l\u2019usage des fonds publics, la transparence municipale et la protection de notre environnement<\/strong>.<\/p><p>En tant qu\u2019association reconnue pour son travail de vigilance citoyenne, nous estimons indispensable que chaque liste se positionne clairement sur ces questions.<\/p><ol><li><span style=\"color: #008000;\"><strong> Le projet des Famades et le r\u00e9sultat de l\u2019enqu\u00eate publique<\/strong><\/span><\/li><\/ol><p>L\u2019enqu\u00eate publique relative au projet de lotissement des Famades a r\u00e9v\u00e9l\u00e9 une <strong>opposition massive des habitants<\/strong>, avec plus de <strong>74 % d\u2019avis d\u00e9favorables<\/strong> d\u00e9pos\u00e9s en mairie.<\/p><p>Malgr\u00e9 cela, le conseil municipal sortant a poursuivi le projet, sans tenir compte de cette expression citoyenne.<\/p><p><a href=\"https:\/\/seta66.com\/wp-content\/uploads\/2026\/03\/2026-03-10-at-15-30-56.png\"><img fetchpriority=\"high\" decoding=\"async\" class=\"wp-image-7667 aligncenter\" src=\"https:\/\/seta66.com\/wp-content\/uploads\/2026\/03\/2026-03-10-at-15-30-56.png\" alt=\"\" width=\"383\" height=\"444\" srcset=\"https:\/\/seta66.com\/wp-content\/uploads\/2026\/03\/2026-03-10-at-15-30-56.png 752w, https:\/\/seta66.com\/wp-content\/uploads\/2026\/03\/2026-03-10-at-15-30-56-259x300.png 259w\" sizes=\"(max-width: 383px) 100vw, 383px\" \/><\/a><\/p><p>Nous demandons aux candidats :<\/p><ul><li><span style=\"color: #ff0000;\">Reconnaissez-vous la l\u00e9gitimit\u00e9 de ce r\u00e9sultat ?<\/span><\/li><li><span style=\"color: #ff0000;\">Maintiendrez-vous, modifierez-vous ou abandonnerez-vous ce projet ?<\/span><\/li><\/ul><ol start=\"2\"><li><span style=\"color: #008000;\"><strong> Le PUP (Projet Urbain Partenarial) et la question de la transparence<\/strong><\/span><\/li><\/ol><p>Un PUP a \u00e9t\u00e9 pr\u00e9sent\u00e9 en conseil municipal comme un financement priv\u00e9 d\u2019\u00e9quipements publics.<br \/>Or, les documents montrent qu\u2019il s\u2019agissait en r\u00e9alit\u00e9 d\u2019un <strong>versement de fonds publics au b\u00e9n\u00e9fice d\u2019un projet priv\u00e9<\/strong>, ce qui fait aujourd\u2019hui l\u2019objet d\u2019un <strong>recours p\u00e9nal d\u00e9pos\u00e9 par deux membres du conseil municipal et de la SETA\u00a0 \u00a0<\/strong><\/p><p><a href=\"https:\/\/seta66.com\/wp-content\/uploads\/2026\/03\/2026-03-10-at-15-35-00.png\"><img decoding=\"async\" class=\"aligncenter wp-image-7668\" src=\"https:\/\/seta66.com\/wp-content\/uploads\/2026\/03\/2026-03-10-at-15-35-00.png\" alt=\"\" width=\"275\" height=\"395\" srcset=\"https:\/\/seta66.com\/wp-content\/uploads\/2026\/03\/2026-03-10-at-15-35-00.png 597w, https:\/\/seta66.com\/wp-content\/uploads\/2026\/03\/2026-03-10-at-15-35-00-209x300.png 209w\" sizes=\"(max-width: 275px) 100vw, 275px\" \/><\/a><\/p><p>Nous demandons :<\/p><ul><li><span style=\"color: #ff0000;\">Comment garantirez-vous la transparence des d\u00e9cisions futures ?<\/span><\/li><li><span style=\"color: #ff0000;\">Publieriez-vous l\u2019int\u00e9gralit\u00e9 des documents relatifs \u00e0 ce PUP ?<\/span><\/li><li><span style=\"color: #ff0000;\">Vous engagez-vous \u00e0 ne plus recourir \u00e0 des montages financiers ambigus ?<\/span><\/li><\/ul><ol start=\"3\"><li><span style=\"color: #008000;\"><strong> Le pr\u00eat de 2 millions d\u2019euros et l\u2019usage des fonds<\/strong><\/span><\/li><\/ol><p>Un pr\u00eat de <strong>2 millions d\u2019euros<\/strong> a \u00e9t\u00e9 contract\u00e9 pour transformer une grange en salle de spectacle. Projet avort\u00e9 en conseil municipal <br \/>Les fonds ont \u00e9t\u00e9 <strong>consomm\u00e9s dans des pr\u00e9emptions co\u00fbteuses et contest\u00e9es<\/strong>, ainsi que dans des d\u00e9penses d\u2019entretien sans rapport avec le projet initial.<\/p><p><a href=\"https:\/\/seta66.com\/wp-content\/uploads\/2026\/03\/2026-03-10-at-17-58-42.png\"><br \/><img decoding=\"async\" class=\"aligncenter size-full wp-image-7683\" src=\"https:\/\/seta66.com\/wp-content\/uploads\/2026\/03\/2026-03-10-at-17-58-42.png\" alt=\"\" width=\"622\" height=\"593\" srcset=\"https:\/\/seta66.com\/wp-content\/uploads\/2026\/03\/2026-03-10-at-17-58-42.png 622w, https:\/\/seta66.com\/wp-content\/uploads\/2026\/03\/2026-03-10-at-17-58-42-300x286.png 300w, https:\/\/seta66.com\/wp-content\/uploads\/2026\/03\/2026-03-10-at-17-58-42-315x300.png 315w\" sizes=\"(max-width: 622px) 100vw, 622px\" \/><\/a>liste des\u00a0 pr\u00e9emptions apr\u00e8s le pr\u00eat<\/p><p>Nous demandons :<\/p><ul><li><span style=\"color: #ff0000;\">Quelle est votre analyse de l\u2019usage de ces fonds ?<\/span><\/li><li><span style=\"color: #ff0000;\">Quelle politique de pr\u00e9emption et d\u2019investissement adopterez-vous ?<\/span><\/li><li><span style=\"color: #ff0000;\">Comment assurerez-vous une gestion rigoureuse et transparente de l\u2019argent public ?<\/span><\/li><\/ul><ol start=\"4\"><li><span style=\"color: #008000;\"><strong> Le parc photovolta\u00efque des Trompettes et ses impacts<\/strong><\/span><\/li><\/ol><p>Un projet de parc photovolta\u00efque de 5 ha est en cours \u00e0 <strong>200 m\u00e8tres du lotissement des Trompettes Hautes<\/strong> en partenariat avec une soci\u00e9t\u00e9 priv\u00e9 ABO WIND.<\/p><p><span style=\"color: #008000;\">NB\u00a0: (Ce projet pourrait\u00a0 \u00eatre r\u00e9alis\u00e9 dans le cadre d\u2019une r\u00e9gie et \u00eatre tr\u00e8s avantageux pour les Montesquivains, et d\u00e9localis\u00e9 sur d\u2019autres parcelles appartenant \u00e0\u00a0 la commune).<\/span><\/p><p>Ce projet pourrait :<\/p><ul><li><span style=\"color: #000000;\">supprimer une <strong>zone de compensation li\u00e9e \u00e0 la LGV<\/strong>,<\/span><\/li><li><span style=\"color: #000000;\"><strong>augmenter le bruit<\/strong> des rames TGV en supprimant un \u00e9cran v\u00e9g\u00e9tal,<\/span><\/li><li><span style=\"color: #000000;\">modifier durablement le paysage et la qualit\u00e9 de vie des riverains.<\/span><\/li><\/ul><p>Nous demandons :<\/p><ul><li><span style=\"color: #ff0000;\">Soutenez-vous ce projet tel qu\u2019il est con\u00e7u ?<\/span><\/li><li><span style=\"color: #ff0000;\">Demanderez-vous des \u00e9tudes compl\u00e9mentaires sur le bruit, le paysage et les impacts environnementaux ?<\/span><\/li><li><span style=\"color: #ff0000;\">Comment garantirez-vous la protection des habitants concern\u00e9s ?<\/span><\/li><\/ul><ol start=\"5\"><li><span style=\"color: #008000;\"><strong> Les anomalies du PLU et la disparition de r\u00e9seaux d\u2019assainissement<\/strong><\/span><\/li><\/ol><p>Des tron\u00e7ons d\u2019assainissement collectif ont <strong>disparu des documents officiels du PLU<\/strong>, notamment sur l\u2019avenue de la Mer.<br \/>Ces\u00a0 disparitions ont\u00a0 pour effet de <strong>rendre inconstructibles des dents creuses<\/strong> conform\u00e9ment \u00e0 la loi Alur de 2014.<\/p><p style=\"text-align: center;\"><a href=\"https:\/\/seta66.com\/wp-content\/uploads\/2026\/03\/2026-03-10-at-15-39-34.png\"><img loading=\"lazy\" decoding=\"async\" class=\"wp-image-7670 aligncenter\" src=\"https:\/\/seta66.com\/wp-content\/uploads\/2026\/03\/2026-03-10-at-15-39-34.png\" alt=\"\" width=\"288\" height=\"202\" srcset=\"https:\/\/seta66.com\/wp-content\/uploads\/2026\/03\/2026-03-10-at-15-39-34.png 843w, https:\/\/seta66.com\/wp-content\/uploads\/2026\/03\/2026-03-10-at-15-39-34-300x210.png 300w, https:\/\/seta66.com\/wp-content\/uploads\/2026\/03\/2026-03-10-at-15-39-34-768x538.png 768w, https:\/\/seta66.com\/wp-content\/uploads\/2026\/03\/2026-03-10-at-15-39-34-428x300.png 428w\" sizes=\"(max-width: 288px) 100vw, 288px\" \/>la carte pr\u00e9sent\u00e9e\u00a0 dans le PLU\u00a0 approuv\u00e9 en juin 2019<\/a><\/p><p style=\"text-align: center;\"><a href=\"https:\/\/seta66.com\/wp-content\/uploads\/2026\/03\/2026-03-10-at-15-37-51.png\"><img loading=\"lazy\" decoding=\"async\" class=\"aligncenter wp-image-7669\" src=\"https:\/\/seta66.com\/wp-content\/uploads\/2026\/03\/2026-03-10-at-15-37-51.png\" alt=\"\" width=\"284\" height=\"216\" srcset=\"https:\/\/seta66.com\/wp-content\/uploads\/2026\/03\/2026-03-10-at-15-37-51.png 416w, https:\/\/seta66.com\/wp-content\/uploads\/2026\/03\/2026-03-10-at-15-37-51-300x229.png 300w, https:\/\/seta66.com\/wp-content\/uploads\/2026\/03\/2026-03-10-at-15-37-51-394x300.png 394w\" sizes=\"(max-width: 284px) 100vw, 284px\" \/><\/a><a href=\"https:\/\/seta66.com\/wp-content\/uploads\/2026\/03\/2026-03-10-at-15-37-51.png\">la carte corrig\u00e9e\u00a0 des donn\u00e9es r\u00e9elles\u00a0 et conformes<\/a><\/p><p><strong>\u00a0 \u00a0<\/strong><\/p><p>Nous demandons :<\/p><ul><li><span style=\"color: #ff0000;\">Vous engagez-vous \u00e0 r\u00e9tablir les donn\u00e9es d\u2019assainissement qui ont \u00e9t\u00e9 modifi\u00e9es dans le PLU ?<\/span><\/li><li><span style=\"color: #ff0000;\">Ouvrirez-vous une r\u00e9vision du PLU transparente, participative et conforme aux besoins r\u00e9els du village ?<\/span><\/li><li><span style=\"color: #ff0000;\">Comment garantirez-vous l\u2019int\u00e9grit\u00e9 des documents d\u2019urbanisme ?<\/span><\/li><\/ul><p><strong>\u00a0 6.\u00a0 <span style=\"color: #008000;\">Le PAEN\u00a0 \u00a0la mairie \u00e0 d\u00e9cid\u00e9<\/span>\u00a0\u00a0<\/strong><\/p><p><a href=\"https:\/\/seta66.com\/wp-content\/uploads\/2026\/03\/2026-03-10-at-15-59-06.png\"><img loading=\"lazy\" decoding=\"async\" class=\"aligncenter wp-image-7671\" src=\"https:\/\/seta66.com\/wp-content\/uploads\/2026\/03\/2026-03-10-at-15-59-06.png\" alt=\"\" width=\"427\" height=\"299\" srcset=\"https:\/\/seta66.com\/wp-content\/uploads\/2026\/03\/2026-03-10-at-15-59-06.png 923w, https:\/\/seta66.com\/wp-content\/uploads\/2026\/03\/2026-03-10-at-15-59-06-300x210.png 300w, https:\/\/seta66.com\/wp-content\/uploads\/2026\/03\/2026-03-10-at-15-59-06-768x538.png 768w, https:\/\/seta66.com\/wp-content\/uploads\/2026\/03\/2026-03-10-at-15-59-06-428x300.png 428w\" sizes=\"(max-width: 427px) 100vw, 427px\" \/><\/a><\/p><h6><strong><span style=\"color: #008000;\">Conclusion : la d\u00e9mocratie locale m\u00e9rite des r\u00e9ponses claires<\/span><\/strong><\/h6><p>Ces questions ne sont ni techniques ni secondaires.<br \/>Elles touchent \u00e0 :<\/p><ul><li><span style=\"color: #ff0000;\">la <strong>confiance dans les institutions<\/strong>,<\/span><\/li><li><span style=\"color: #ff0000;\">la <strong>bonne gestion des finances publiques<\/strong>,<\/span><\/li><li><span style=\"color: #ff0000;\">la <strong>pr\u00e9servation de notre environnement<\/strong>,<\/span><\/li><li><span style=\"color: #ff0000;\">et la <strong>qualit\u00e9 de vie des habitants<\/strong>.<\/span><\/li><\/ul><p>Nous appelons donc chaque liste \u00e0 <strong>r\u00e9pondre publiquement et pr\u00e9cis\u00e9ment<\/strong> \u00e0 ces interrogations l\u00e9gitimes.<\/p><p>Les habitants de Montesquieu-des-Alb\u00e8res ont droit \u00e0 une information compl\u00e8te et \u00e0 des engagements clairs.<\/p><p><strong>Pour SETA,<br \/>Le Conseil d\u2019Administration<\/strong><\/p>\t\t\t\t\t\t\t\t<\/div>\n\t\t\t\t<\/div>\n\t\t\t\t\t<\/div>\n\t\t<\/div>\n\t\t\t\t\t<\/div>\n\t\t<\/section>\n\t\t\t\t<section class=\"elementor-section elementor-top-section elementor-element elementor-element-e83e0f2 elementor-section-boxed elementor-section-height-default elementor-section-height-default\" data-id=\"e83e0f2\" data-element_type=\"section\" data-e-type=\"section\">\n\t\t\t\t\t\t<div class=\"elementor-container elementor-column-gap-default\">\n\t\t\t\t\t<div class=\"elementor-column elementor-col-100 elementor-top-column elementor-element elementor-element-14c05e7\" data-id=\"14c05e7\" data-element_type=\"column\" data-e-type=\"column\">\n\t\t\t<div class=\"elementor-widget-wrap elementor-element-populated\">\n\t\t\t\t\t\t<div class=\"elementor-element elementor-element-82d07d7 elementor-widget elementor-widget-text-editor\" data-id=\"82d07d7\" data-element_type=\"widget\" data-e-type=\"widget\" data-widget_type=\"text-editor.default\">\n\t\t\t\t<div class=\"elementor-widget-container\">\n\t\t\t\t\t\t\t\t\t<h2 style=\"text-align: center;\"><a href=\"https:\/\/election-municipale.linternaute.com\/resultats\/montesquieu-des-alberes\/ville-66115\">Seta vous informe sur la situation\u00a0 financi\u00e9re de la commune et plus\u00a0\u00a0<\/a><\/h2>\t\t\t\t\t\t\t\t<\/div>\n\t\t\t\t<\/div>\n\t\t\t\t\t<\/div>\n\t\t<\/div>\n\t\t\t\t\t<\/div>\n\t\t<\/section>\n\t\t\t\t<section class=\"elementor-section elementor-top-section elementor-element elementor-element-f1ee719 elementor-section-boxed elementor-section-height-default elementor-section-height-default\" data-id=\"f1ee719\" data-element_type=\"section\" data-e-type=\"section\">\n\t\t\t\t\t\t<div class=\"elementor-container elementor-column-gap-default\">\n\t\t\t\t\t<div class=\"elementor-column elementor-col-100 elementor-top-column elementor-element elementor-element-81f390a\" data-id=\"81f390a\" data-element_type=\"column\" data-e-type=\"column\">\n\t\t\t<div class=\"elementor-widget-wrap elementor-element-populated\">\n\t\t\t\t\t\t<div class=\"elementor-element elementor-element-7685e2d elementor-widget elementor-widget-text-editor\" data-id=\"7685e2d\" data-element_type=\"widget\" data-e-type=\"widget\" data-widget_type=\"text-editor.default\">\n\t\t\t\t<div class=\"elementor-widget-container\">\n\t\t\t\t\t\t\t\t\t<h1 style=\"text-align: center;\">Pour la d\u00e9fense des Famades<\/h1><h1 style=\"text-align: center;\"><a href=\"https:\/\/seta66.com\/index.php\/2022\/11\/14\/parrainage-des-murets\/\" target=\"_blank\" rel=\"noopener\">Parrainez un muret<\/a><\/h1><p style=\"text-align: center;\">et tr\u00e8s important :<\/p><p style=\"text-align: center;\"><a href=\"https:\/\/seta66.com\/index.php\/2024\/03\/04\/adhesion\/\" target=\"_blank\" rel=\"noopener\">ADHEREZ<\/a><\/p>\t\t\t\t\t\t\t\t<\/div>\n\t\t\t\t<\/div>\n\t\t\t\t\t<\/div>\n\t\t<\/div>\n\t\t\t\t\t<\/div>\n\t\t<\/section>\n\t\t\t\t<section class=\"elementor-section elementor-top-section elementor-element elementor-element-10640d8 elementor-section-boxed elementor-section-height-default elementor-section-height-default\" data-id=\"10640d8\" data-element_type=\"section\" data-e-type=\"section\">\n\t\t\t\t\t\t<div class=\"elementor-container elementor-column-gap-default\">\n\t\t\t\t\t<div class=\"elementor-column elementor-col-100 elementor-top-column elementor-element elementor-element-463c4ff\" data-id=\"463c4ff\" data-element_type=\"column\" data-e-type=\"column\">\n\t\t\t<div class=\"elementor-widget-wrap elementor-element-populated\">\n\t\t\t\t\t\t<div class=\"elementor-element elementor-element-207126d elementor-widget elementor-widget-text-editor\" data-id=\"207126d\" data-element_type=\"widget\" data-e-type=\"widget\" data-widget_type=\"text-editor.default\">\n\t\t\t\t<div class=\"elementor-widget-container\">\n\t\t\t\t\t\t\t\t\t<h3 style=\"text-align: center;\"><span style=\"color: #008000;\"><strong>Meilleurs voeux\u00a0 a toutes les Montesquivaines et Montesquivains\u00a0<\/strong><\/span><\/h3><p>En ce d\u00e9but d\u2019ann\u00e9e, alors que nous adressons nos v\u0153ux aux Montesquivaines et Montesquivains, l\u2019actualit\u00e9 municipale d\u00e9marre sur les chapeaux de roue. En effet, un avis de mise en conformit\u00e9 du PLU concernant un projet de centrale photo\u00e9lectrique vient d\u2019\u00eatre publi\u00e9\u2026 avec une date qui interroge profond\u00e9ment.<br \/>Fixer l\u2019\u00e9ch\u00e9ance au 31 d\u00e9cembre 2025, alors m\u00eame que la concertation n\u2019est ouverte que du 2 au 17 janvier 2026, laisse plus d\u2019un citoyen pantois. Comment comprendre une telle d\u00e9marche\u202f? Quel sens d\u00e9mocratique donner \u00e0 une proc\u00e9dure o\u00f9 la p\u00e9riode de participation du public d\u00e9bute apr\u00e8s la date mentionn\u00e9e dans l\u2019avis officiel\u202f?<br \/>Une concertation digne de ce nom suppose transparence, coh\u00e9rence et respect du calendrier d\u00e9mocratique. Les habitants m\u00e9ritent d\u2019\u00eatre pleinement inform\u00e9s et associ\u00e9s aux d\u00e9cisions qui engagent l\u2019avenir de leur commune, en particulier lorsqu\u2019il s\u2019agit d\u2019un projet d\u2019envergure comme une centrale photo\u00e9lectrique.<br \/>En ce d\u00e9but d\u2019ann\u00e9e, souhaitons que 2026 soit plac\u00e9e sous le signe d\u2019un dialogue sinc\u00e8re, d\u2019une gouvernance claire et d\u2019une participation citoyenne r\u00e9elle.<\/p>\t\t\t\t\t\t\t\t<\/div>\n\t\t\t\t<\/div>\n\t\t\t\t\t<\/div>\n\t\t<\/div>\n\t\t\t\t\t<\/div>\n\t\t<\/section>\n\t\t\t\t<section class=\"elementor-section elementor-top-section elementor-element elementor-element-fc6de49 elementor-section-boxed elementor-section-height-default elementor-section-height-default\" data-id=\"fc6de49\" data-element_type=\"section\" data-e-type=\"section\">\n\t\t\t\t\t\t<div class=\"elementor-container elementor-column-gap-default\">\n\t\t\t\t\t<div class=\"elementor-column elementor-col-100 elementor-top-column elementor-element elementor-element-df9b082\" data-id=\"df9b082\" data-element_type=\"column\" data-e-type=\"column\">\n\t\t\t<div class=\"elementor-widget-wrap elementor-element-populated\">\n\t\t\t\t\t\t<div class=\"elementor-element elementor-element-5156e47 elementor-widget elementor-widget-image\" data-id=\"5156e47\" data-element_type=\"widget\" data-e-type=\"widget\" data-widget_type=\"image.default\">\n\t\t\t\t<div class=\"elementor-widget-container\">\n\t\t\t\t\t\t\t\t\t\t\t\t\t\t\t<img loading=\"lazy\" decoding=\"async\" width=\"1024\" height=\"705\" src=\"https:\/\/seta66.com\/wp-content\/uploads\/2022\/03\/2026-01-09-at-13-59-03-1024x705.png\" class=\"attachment-large size-large wp-image-7495\" alt=\"\" srcset=\"https:\/\/seta66.com\/wp-content\/uploads\/2022\/03\/2026-01-09-at-13-59-03-1024x705.png 1024w, https:\/\/seta66.com\/wp-content\/uploads\/2022\/03\/2026-01-09-at-13-59-03-300x207.png 300w, https:\/\/seta66.com\/wp-content\/uploads\/2022\/03\/2026-01-09-at-13-59-03-768x529.png 768w, https:\/\/seta66.com\/wp-content\/uploads\/2022\/03\/2026-01-09-at-13-59-03-435x300.png 435w, https:\/\/seta66.com\/wp-content\/uploads\/2022\/03\/2026-01-09-at-13-59-03.png 1511w\" sizes=\"(max-width: 1024px) 100vw, 1024px\" \/>\t\t\t\t\t\t\t\t\t\t\t\t\t\t\t<\/div>\n\t\t\t\t<\/div>\n\t\t\t\t\t<\/div>\n\t\t<\/div>\n\t\t\t\t\t<\/div>\n\t\t<\/section>\n\t\t\t\t<section class=\"elementor-section elementor-top-section elementor-element elementor-element-4f3833d elementor-section-boxed elementor-section-height-default elementor-section-height-default\" data-id=\"4f3833d\" data-element_type=\"section\" data-e-type=\"section\">\n\t\t\t\t\t\t<div class=\"elementor-container elementor-column-gap-default\">\n\t\t\t\t\t<div class=\"elementor-column elementor-col-100 elementor-top-column elementor-element elementor-element-958e642\" data-id=\"958e642\" data-element_type=\"column\" data-e-type=\"column\">\n\t\t\t<div class=\"elementor-widget-wrap elementor-element-populated\">\n\t\t\t\t\t\t<div class=\"elementor-element elementor-element-5e04aea elementor-widget elementor-widget-text-editor\" data-id=\"5e04aea\" data-element_type=\"widget\" data-e-type=\"widget\" data-widget_type=\"text-editor.default\">\n\t\t\t\t<div class=\"elementor-widget-container\">\n\t\t\t\t\t\t\t\t\t<h1 style=\"text-align: center;\">LUNDI\u00a0 18 NOVEMBRE 2024<\/h1><h1 style=\"text-align: center;\">Concertation\u00a0 sur un projet de parc photovolta\u00efque\u00a0<\/h1><h1 style=\"text-align: center;\">du 18 \/11\/2024 au 3 \/12\/2024 inclus<\/h1><p style=\"text-align: center;\">Vous pouvez acc\u00e9der\u00a0 aux informations\u00a0 concernant ce projet sur le site\u00a0 de la soci\u00e9t\u00e9 en charge du projet\u00a0 choisi par le conseil municipal\u00a0<\/p><p style=\"text-align: center;\"><a href=\"https:\/\/www.aboenergy.com\/fr\/zone-information\/nos-projets\/occitanie\/montesquieu-des-alberes.html\" target=\"_blank\" rel=\"noopener\">https:\/\/www.aboenergy.com\/fr\/zone-information\/nos-projets\/occitanie\/montesquieu-des-alberes.html<\/a><\/p><p><a href=\"https:\/\/seta66.com\/wp-content\/uploads\/2024\/11\/concertation-photovoltaique-montesquieu-.jpg\" target=\"_blank\" rel=\"noopener\"><img loading=\"lazy\" decoding=\"async\" class=\"aligncenter wp-image-6525\" src=\"https:\/\/seta66.com\/wp-content\/uploads\/2024\/11\/concertation-photovoltaique-montesquieu-.jpg\" alt=\"\" width=\"426\" height=\"602\" srcset=\"https:\/\/seta66.com\/wp-content\/uploads\/2024\/11\/concertation-photovoltaique-montesquieu-.jpg 1811w, https:\/\/seta66.com\/wp-content\/uploads\/2024\/11\/concertation-photovoltaique-montesquieu--212x300.jpg 212w, https:\/\/seta66.com\/wp-content\/uploads\/2024\/11\/concertation-photovoltaique-montesquieu--724x1024.jpg 724w, https:\/\/seta66.com\/wp-content\/uploads\/2024\/11\/concertation-photovoltaique-montesquieu--768x1086.jpg 768w, https:\/\/seta66.com\/wp-content\/uploads\/2024\/11\/concertation-photovoltaique-montesquieu--1087x1536.jpg 1087w, https:\/\/seta66.com\/wp-content\/uploads\/2024\/11\/concertation-photovoltaique-montesquieu--1449x2048.jpg 1449w\" sizes=\"(max-width: 426px) 100vw, 426px\" \/><\/a><\/p><p>Vous pouvez d\u00e9poser vos observations\u00a0 sur le mail\u00a0 du charg\u00e9 de projet\u00a0 de la soci\u00e9t\u00e9, a l&rsquo;adresse suivante\u00a0 <a href=\"mailto:axel.isnardon@aboenergy.com\" target=\"_blank\" rel=\"noopener\">axel.isnardon@aboenergy.com<\/a><\/p>\t\t\t\t\t\t\t\t<\/div>\n\t\t\t\t<\/div>\n\t\t\t\t\t<\/div>\n\t\t<\/div>\n\t\t\t\t\t<\/div>\n\t\t<\/section>\n\t\t\t\t<section class=\"elementor-section elementor-top-section elementor-element elementor-element-377c3ed elementor-section-boxed elementor-section-height-default elementor-section-height-default\" data-id=\"377c3ed\" data-element_type=\"section\" data-e-type=\"section\">\n\t\t\t\t\t\t<div class=\"elementor-container elementor-column-gap-default\">\n\t\t\t\t\t<div class=\"elementor-column elementor-col-100 elementor-top-column elementor-element elementor-element-7011679\" data-id=\"7011679\" data-element_type=\"column\" data-e-type=\"column\">\n\t\t\t<div class=\"elementor-widget-wrap elementor-element-populated\">\n\t\t\t\t\t\t<div class=\"elementor-element elementor-element-28f92d8 elementor-widget elementor-widget-image\" data-id=\"28f92d8\" data-element_type=\"widget\" data-e-type=\"widget\" data-widget_type=\"image.default\">\n\t\t\t\t<div class=\"elementor-widget-container\">\n\t\t\t\t\t\t\t\t\t\t\t\t\t\t\t<img loading=\"lazy\" decoding=\"async\" width=\"820\" height=\"942\" src=\"https:\/\/seta66.com\/wp-content\/uploads\/2022\/03\/2024-08-28-at-19-29-22.jpg\" class=\"attachment-large size-large wp-image-6483\" alt=\"\" srcset=\"https:\/\/seta66.com\/wp-content\/uploads\/2022\/03\/2024-08-28-at-19-29-22.jpg 820w, https:\/\/seta66.com\/wp-content\/uploads\/2022\/03\/2024-08-28-at-19-29-22-261x300.jpg 261w, https:\/\/seta66.com\/wp-content\/uploads\/2022\/03\/2024-08-28-at-19-29-22-768x882.jpg 768w\" sizes=\"(max-width: 820px) 100vw, 820px\" \/>\t\t\t\t\t\t\t\t\t\t\t\t\t\t\t<\/div>\n\t\t\t\t<\/div>\n\t\t\t\t\t<\/div>\n\t\t<\/div>\n\t\t\t\t\t<\/div>\n\t\t<\/section>\n\t\t\t\t<section class=\"elementor-section elementor-top-section elementor-element elementor-element-e87fc85 elementor-section-boxed elementor-section-height-default elementor-section-height-default\" data-id=\"e87fc85\" data-element_type=\"section\" data-e-type=\"section\">\n\t\t\t\t\t\t<div class=\"elementor-container elementor-column-gap-default\">\n\t\t\t\t\t<div class=\"elementor-column elementor-col-100 elementor-top-column elementor-element elementor-element-f42f271\" data-id=\"f42f271\" data-element_type=\"column\" data-e-type=\"column\">\n\t\t\t<div class=\"elementor-widget-wrap elementor-element-populated\">\n\t\t\t\t\t\t<div class=\"elementor-element elementor-element-4cf8ecb elementor-widget elementor-widget-text-editor\" data-id=\"4cf8ecb\" data-element_type=\"widget\" data-e-type=\"widget\" data-widget_type=\"text-editor.default\">\n\t\t\t\t<div class=\"elementor-widget-container\">\n\t\t\t\t\t\t\t\t\t<p><a href=\"https:\/\/www.change.org\/p\/ne-laissons-pas-b%C3%A9tonner-le-massif-des-alb%C3%A8res-%C3%A0-montesquieu\/u\/31247600\">Signez la p\u00e9tition pour la protection des\u00a0 murets\u00a0 sur le pays Catalan.Motivez\u00a0 nos \u00e9lus<\/a><\/p>\t\t\t\t\t\t\t\t<\/div>\n\t\t\t\t<\/div>\n\t\t\t\t\t<\/div>\n\t\t<\/div>\n\t\t\t\t\t<\/div>\n\t\t<\/section>\n\t\t\t\t<section class=\"elementor-section elementor-top-section elementor-element elementor-element-b44ac82 elementor-section-boxed elementor-section-height-default elementor-section-height-default\" data-id=\"b44ac82\" data-element_type=\"section\" data-e-type=\"section\">\n\t\t\t\t\t\t<div class=\"elementor-container elementor-column-gap-default\">\n\t\t\t\t\t<div class=\"elementor-column elementor-col-100 elementor-top-column elementor-element elementor-element-880c440\" data-id=\"880c440\" data-element_type=\"column\" data-e-type=\"column\">\n\t\t\t<div class=\"elementor-widget-wrap elementor-element-populated\">\n\t\t\t\t\t\t<div class=\"elementor-element elementor-element-d21aba0 elementor-widget elementor-widget-image\" data-id=\"d21aba0\" data-element_type=\"widget\" data-e-type=\"widget\" data-widget_type=\"image.default\">\n\t\t\t\t<div class=\"elementor-widget-container\">\n\t\t\t\t\t\t\t\t\t\t\t\t\t\t\t<img loading=\"lazy\" decoding=\"async\" width=\"553\" height=\"821\" src=\"https:\/\/seta66.com\/wp-content\/uploads\/2022\/03\/2023-12-19-at-23-18-23.jpg\" class=\"attachment-large size-large wp-image-4621\" alt=\"\" srcset=\"https:\/\/seta66.com\/wp-content\/uploads\/2022\/03\/2023-12-19-at-23-18-23.jpg 553w, https:\/\/seta66.com\/wp-content\/uploads\/2022\/03\/2023-12-19-at-23-18-23-202x300.jpg 202w\" sizes=\"(max-width: 553px) 100vw, 553px\" \/>\t\t\t\t\t\t\t\t\t\t\t\t\t\t\t<\/div>\n\t\t\t\t<\/div>\n\t\t\t\t\t<\/div>\n\t\t<\/div>\n\t\t\t\t\t<\/div>\n\t\t<\/section>\n\t\t\t\t<section class=\"elementor-section elementor-top-section elementor-element elementor-element-e2444eb elementor-section-boxed elementor-section-height-default elementor-section-height-default\" data-id=\"e2444eb\" data-element_type=\"section\" data-e-type=\"section\">\n\t\t\t\t\t\t<div class=\"elementor-container elementor-column-gap-default\">\n\t\t\t\t\t<div class=\"elementor-column elementor-col-100 elementor-top-column elementor-element elementor-element-0c72e30\" data-id=\"0c72e30\" data-element_type=\"column\" data-e-type=\"column\">\n\t\t\t<div class=\"elementor-widget-wrap elementor-element-populated\">\n\t\t\t\t\t\t<div class=\"elementor-element elementor-element-884748c elementor-widget elementor-widget-text-editor\" data-id=\"884748c\" data-element_type=\"widget\" data-e-type=\"widget\" data-widget_type=\"text-editor.default\">\n\t\t\t\t<div class=\"elementor-widget-container\">\n\t\t\t\t\t\t\t\t\t<h3>AUTOUR DU POT : INSCRIVEZ-VOUS<\/h3><div>\u00a0<\/div><div>Bonjour \u00e0 tous (tes) ,<\/div><div>\u00a0<\/div><h5><b>Vendredi 15 d\u00e9cembre \u00e0 Montesquieu des Alb\u00e8res d\u00e8s 17 h, soir\u00e9e autour du pot.<\/b><\/h5><div>\u00a0<\/div><div><em><strong>Sympathisants, membres de la SETA, membres d&rsquo;associations amies, sont invit\u00e9s \u00e0 venir enrichir nos ateliers collaboratifs.<\/strong><\/em><\/div><div><em><strong>Plus que jamais nous avons besoin de mettre en commun nos forces et nos id\u00e9es.\u00a0<\/strong><\/em><\/div><div>\u00a0<\/div><h5>Vendredi\u00a0 15 D\u00e9cembre 2023<\/h5><h2>\u00a0SETA\u00a0\u00a0<\/h2><div>La SETA qui f\u00eatera ses trois ans au d\u00e9but de l\u2019an prochain souhaite mieux associer, \u00a0pour l\u2019\u00e9tablissement de son programme d\u2019actions pour 2024, tous ceux qui luttent contre les projets mortif\u00e8res sur notre territoire.\u00a0<\/div><p>\u00a0<\/p><div>Mettre en coh\u00e9rence, \u00a0 harmoniser les calendriers, co-organiser les actions\u2026sur les th\u00e8mes propos\u00e9s mais aussi pourquoi pas sur de nouveaux chantiers.<\/div><div>Il ne manque pas de bonnes id\u00e9es \u00e0 mettre au pot commun.<\/div><div>\u00a0<\/div><div>Nous comptons sur vous pour cela \u2026 et pour partager la poule au pot apr\u00e8s les ateliers.<\/div><div>\u00a0<\/div><h5>S\u2019inscrire aupr\u00e8s d\u2019Herv\u00e9 : 06 41 08 42 07\u202c<\/h5><h5><a href=\"mailto:rv66750gt@gmail.com\" target=\"_blank\" rel=\"noopener\">mailto:rv66750gt@gmail.com<\/a><\/h5>\t\t\t\t\t\t\t\t<\/div>\n\t\t\t\t<\/div>\n\t\t\t\t\t<\/div>\n\t\t<\/div>\n\t\t\t\t\t<\/div>\n\t\t<\/section>\n\t\t\t\t<section class=\"elementor-section elementor-top-section elementor-element elementor-element-ac3a5ab elementor-section-boxed elementor-section-height-default elementor-section-height-default\" data-id=\"ac3a5ab\" data-element_type=\"section\" data-e-type=\"section\">\n\t\t\t\t\t\t<div class=\"elementor-container elementor-column-gap-default\">\n\t\t\t\t\t<div class=\"elementor-column elementor-col-100 elementor-top-column elementor-element elementor-element-902386c\" data-id=\"902386c\" data-element_type=\"column\" data-e-type=\"column\">\n\t\t\t<div class=\"elementor-widget-wrap elementor-element-populated\">\n\t\t\t\t\t\t<div class=\"elementor-element elementor-element-debb82e elementor-widget elementor-widget-wpzoom-elementor-addons-image-box\" data-id=\"debb82e\" data-element_type=\"widget\" data-e-type=\"widget\" data-widget_type=\"wpzoom-elementor-addons-image-box.default\">\n\t\t\t\t<div class=\"elementor-widget-container\">\n\t\t\t\t\t\t\t<div class=\"wpzoom-elementor-addons-image-box\">\n\t\t\t<h3>\n\t\t\t\t<span class=\"wpzoom-elementor-addons-image-box-link not-linked has-image\" style=\"background-image:url('https:\/\/seta66.com\/wp-content\/uploads\/2022\/03\/2023-11-15-at-15-17-35.jpg');\"><span>Venez nombreux<\/span><\/span>\t\t\t<\/h3>\n\t\t<\/div><!-- \/\/.wpzoom-elementor-addons-image-box -->\n\t\t\t\t\t\t<\/div>\n\t\t\t\t<\/div>\n\t\t\t\t\t<\/div>\n\t\t<\/div>\n\t\t\t\t\t<\/div>\n\t\t<\/section>\n\t\t\t\t<section class=\"elementor-section elementor-top-section elementor-element elementor-element-7f0f3fb elementor-section-boxed elementor-section-height-default elementor-section-height-default\" data-id=\"7f0f3fb\" data-element_type=\"section\" data-e-type=\"section\">\n\t\t\t\t\t\t<div class=\"elementor-container elementor-column-gap-default\">\n\t\t\t\t\t<div class=\"elementor-column elementor-col-100 elementor-top-column elementor-element elementor-element-b78bc64\" data-id=\"b78bc64\" data-element_type=\"column\" data-e-type=\"column\">\n\t\t\t<div class=\"elementor-widget-wrap elementor-element-populated\">\n\t\t\t\t\t\t<div class=\"elementor-element elementor-element-31e6c4c elementor-widget elementor-widget-image\" data-id=\"31e6c4c\" data-element_type=\"widget\" data-e-type=\"widget\" data-widget_type=\"image.default\">\n\t\t\t\t<div class=\"elementor-widget-container\">\n\t\t\t\t\t\t\t\t\t\t\t\t\t\t\t<img loading=\"lazy\" decoding=\"async\" width=\"384\" height=\"753\" src=\"https:\/\/seta66.com\/wp-content\/uploads\/2022\/03\/2023-10-04-at-17-32-03.jpg\" class=\"attachment-large size-large wp-image-4250\" alt=\"\" srcset=\"https:\/\/seta66.com\/wp-content\/uploads\/2022\/03\/2023-10-04-at-17-32-03.jpg 384w, https:\/\/seta66.com\/wp-content\/uploads\/2022\/03\/2023-10-04-at-17-32-03-153x300.jpg 153w\" sizes=\"(max-width: 384px) 100vw, 384px\" \/>\t\t\t\t\t\t\t\t\t\t\t\t\t\t\t<\/div>\n\t\t\t\t<\/div>\n\t\t\t\t\t<\/div>\n\t\t<\/div>\n\t\t\t\t\t<\/div>\n\t\t<\/section>\n\t\t\t\t<section class=\"elementor-section elementor-top-section elementor-element elementor-element-e1b3cd9 elementor-section-boxed elementor-section-height-default elementor-section-height-default\" data-id=\"e1b3cd9\" data-element_type=\"section\" data-e-type=\"section\">\n\t\t\t\t\t\t<div class=\"elementor-container elementor-column-gap-default\">\n\t\t\t\t\t<div class=\"elementor-column elementor-col-100 elementor-top-column elementor-element elementor-element-c5b2a14\" data-id=\"c5b2a14\" data-element_type=\"column\" data-e-type=\"column\">\n\t\t\t<div class=\"elementor-widget-wrap elementor-element-populated\">\n\t\t\t\t\t\t<div class=\"elementor-element elementor-element-8fc09b6 elementor-widget elementor-widget-text-editor\" data-id=\"8fc09b6\" data-element_type=\"widget\" data-e-type=\"widget\" data-widget_type=\"text-editor.default\">\n\t\t\t\t<div class=\"elementor-widget-container\">\n\t\t\t\t\t\t\t\t\t<p><a href=\"https:\/\/seta66.com\/wp-content\/uploads\/2023\/09\/2023-09-02-at-18-40-30.jpg\"><img loading=\"lazy\" decoding=\"async\" class=\"aligncenter size-full wp-image-4167\" src=\"https:\/\/seta66.com\/wp-content\/uploads\/2023\/09\/2023-09-02-at-18-40-30.jpg\" alt=\"\" width=\"729\" height=\"780\" srcset=\"https:\/\/seta66.com\/wp-content\/uploads\/2023\/09\/2023-09-02-at-18-40-30.jpg 729w, https:\/\/seta66.com\/wp-content\/uploads\/2023\/09\/2023-09-02-at-18-40-30-280x300.jpg 280w\" sizes=\"(max-width: 729px) 100vw, 729px\" \/><\/a>Les cicognes\u00a0 traversent\u00a0 notre localit\u00e9\u00a0<\/p><p>\u00a0 L&rsquo;une d&rsquo;elle c&rsquo;est \u00e9lectrocut\u00e9e sur une ligne a moyenne tension\u00a0<\/p><p><a href=\"https:\/\/seta66.com\/wp-content\/uploads\/2023\/09\/Type-de-ligne-Montesquieu1-scaled.jpg\"><img loading=\"lazy\" decoding=\"async\" class=\"aligncenter size-full wp-image-4166\" src=\"https:\/\/seta66.com\/wp-content\/uploads\/2023\/09\/Type-de-ligne-Montesquieu1-scaled.jpg\" alt=\"\" width=\"2560\" height=\"1920\" srcset=\"https:\/\/seta66.com\/wp-content\/uploads\/2023\/09\/Type-de-ligne-Montesquieu1-scaled.jpg 2560w, https:\/\/seta66.com\/wp-content\/uploads\/2023\/09\/Type-de-ligne-Montesquieu1-300x225.jpg 300w, https:\/\/seta66.com\/wp-content\/uploads\/2023\/09\/Type-de-ligne-Montesquieu1-1024x768.jpg 1024w, https:\/\/seta66.com\/wp-content\/uploads\/2023\/09\/Type-de-ligne-Montesquieu1-768x576.jpg 768w, https:\/\/seta66.com\/wp-content\/uploads\/2023\/09\/Type-de-ligne-Montesquieu1-1536x1152.jpg 1536w, https:\/\/seta66.com\/wp-content\/uploads\/2023\/09\/Type-de-ligne-Montesquieu1-2048x1536.jpg 2048w, https:\/\/seta66.com\/wp-content\/uploads\/2023\/09\/Type-de-ligne-Montesquieu1-400x300.jpg 400w\" sizes=\"(max-width: 2560px) 100vw, 2560px\" \/><\/a>Apr\u00e8s Bages, Brouilla\u00a0 Montesquieu\u00a0\u00a0 demandons a RTE\u00a0 et aux communes\u00a0 de faire le n\u00e9cessaire\u00a0 pour les prot\u00e9ger\u00a0<\/p><p>@ photos LPO66<\/p>\t\t\t\t\t\t\t\t<\/div>\n\t\t\t\t<\/div>\n\t\t\t\t\t<\/div>\n\t\t<\/div>\n\t\t\t\t\t<\/div>\n\t\t<\/section>\n\t\t\t\t<section class=\"elementor-section elementor-top-section elementor-element elementor-element-7665f2d elementor-section-boxed elementor-section-height-default elementor-section-height-default\" data-id=\"7665f2d\" data-element_type=\"section\" data-e-type=\"section\">\n\t\t\t\t\t\t<div class=\"elementor-container elementor-column-gap-default\">\n\t\t\t\t\t<div class=\"elementor-column elementor-col-100 elementor-top-column elementor-element elementor-element-9654a07\" data-id=\"9654a07\" data-element_type=\"column\" data-e-type=\"column\">\n\t\t\t<div class=\"elementor-widget-wrap elementor-element-populated\">\n\t\t\t\t\t\t<div class=\"elementor-element elementor-element-55c37b8 elementor-invisible elementor-widget elementor-widget-heading\" data-id=\"55c37b8\" data-element_type=\"widget\" data-e-type=\"widget\" data-settings=\"{&quot;_animation&quot;:&quot;zoomInUp&quot;}\" data-widget_type=\"heading.default\">\n\t\t\t\t<div class=\"elementor-widget-container\">\n\t\t\t\t\t<h2 class=\"elementor-heading-title elementor-size-default\"><a href=\"https:\/\/seta66.com\/index.php\/2023\/04\/27\/seta-fete\/\" target=\"_blank\">R\u00e9servation pour la SETA FETE 2023<\/a><\/h2>\t\t\t\t<\/div>\n\t\t\t\t<\/div>\n\t\t\t\t\t<\/div>\n\t\t<\/div>\n\t\t\t\t\t<\/div>\n\t\t<\/section>\n\t\t\t\t<section class=\"elementor-section elementor-top-section elementor-element elementor-element-1e340ae elementor-section-boxed elementor-section-height-default elementor-section-height-default\" data-id=\"1e340ae\" data-element_type=\"section\" data-e-type=\"section\">\n\t\t\t\t\t\t<div class=\"elementor-container elementor-column-gap-default\">\n\t\t\t\t\t<div class=\"elementor-column elementor-col-100 elementor-top-column elementor-element elementor-element-3952772\" data-id=\"3952772\" data-element_type=\"column\" data-e-type=\"column\">\n\t\t\t<div class=\"elementor-widget-wrap elementor-element-populated\">\n\t\t\t\t\t\t<div class=\"elementor-element elementor-element-b672ae7 elementor-widget elementor-widget-heading\" data-id=\"b672ae7\" data-element_type=\"widget\" data-e-type=\"widget\" data-widget_type=\"heading.default\">\n\t\t\t\t<div class=\"elementor-widget-container\">\n\t\t\t\t\t<h1 class=\"elementor-heading-title elementor-size-default\">Une DFCI pour les Famades\n\nci dessous le projet d\u00e9pos\u00e9 par la Mairie <\/h1>\t\t\t\t<\/div>\n\t\t\t\t<\/div>\n\t\t\t\t\t<\/div>\n\t\t<\/div>\n\t\t\t\t\t<\/div>\n\t\t<\/section>\n\t\t\t\t<section class=\"elementor-section elementor-top-section elementor-element elementor-element-e0af072 elementor-section-boxed elementor-section-height-default elementor-section-height-default\" data-id=\"e0af072\" data-element_type=\"section\" data-e-type=\"section\">\n\t\t\t\t\t\t<div class=\"elementor-container elementor-column-gap-default\">\n\t\t\t\t\t<div class=\"elementor-column elementor-col-100 elementor-top-column elementor-element elementor-element-1d59518\" data-id=\"1d59518\" data-element_type=\"column\" data-e-type=\"column\">\n\t\t\t<div class=\"elementor-widget-wrap elementor-element-populated\">\n\t\t\t\t\t\t<div class=\"elementor-element elementor-element-e6a96af elementor-widget elementor-widget-image\" data-id=\"e6a96af\" data-element_type=\"widget\" data-e-type=\"widget\" data-widget_type=\"image.default\">\n\t\t\t\t<div class=\"elementor-widget-container\">\n\t\t\t\t\t\t\t\t\t\t\t\t\t\t\t\t<a href=\"https:\/\/seta66.com\/wp-content\/uploads\/2022\/03\/2023-03-21-at-11-40-23.jpg\" target=\"_blank\">\n\t\t\t\t\t\t\t<img loading=\"lazy\" decoding=\"async\" width=\"1024\" height=\"580\" src=\"https:\/\/seta66.com\/wp-content\/uploads\/2022\/03\/2023-03-21-at-11-40-23-1024x580.jpg\" class=\"attachment-large size-large wp-image-3338\" alt=\"\" srcset=\"https:\/\/seta66.com\/wp-content\/uploads\/2022\/03\/2023-03-21-at-11-40-23-1024x580.jpg 1024w, https:\/\/seta66.com\/wp-content\/uploads\/2022\/03\/2023-03-21-at-11-40-23-300x170.jpg 300w, https:\/\/seta66.com\/wp-content\/uploads\/2022\/03\/2023-03-21-at-11-40-23-768x435.jpg 768w, https:\/\/seta66.com\/wp-content\/uploads\/2022\/03\/2023-03-21-at-11-40-23-431x244.jpg 431w, https:\/\/seta66.com\/wp-content\/uploads\/2022\/03\/2023-03-21-at-11-40-23.jpg 1438w\" sizes=\"(max-width: 1024px) 100vw, 1024px\" \/>\t\t\t\t\t\t\t\t<\/a>\n\t\t\t\t\t\t\t\t\t\t\t\t\t\t\t<\/div>\n\t\t\t\t<\/div>\n\t\t\t\t\t<\/div>\n\t\t<\/div>\n\t\t\t\t\t<\/div>\n\t\t<\/section>\n\t\t\t\t<section class=\"elementor-section elementor-top-section elementor-element elementor-element-64f0aff elementor-section-boxed elementor-section-height-default elementor-section-height-default\" data-id=\"64f0aff\" data-element_type=\"section\" data-e-type=\"section\">\n\t\t\t\t\t\t<div class=\"elementor-container elementor-column-gap-default\">\n\t\t\t\t\t<div class=\"elementor-column elementor-col-100 elementor-top-column elementor-element elementor-element-eb58074\" data-id=\"eb58074\" data-element_type=\"column\" data-e-type=\"column\">\n\t\t\t<div class=\"elementor-widget-wrap elementor-element-populated\">\n\t\t\t\t\t\t<div class=\"elementor-element elementor-element-2ae180d elementor-widget elementor-widget-text-editor\" data-id=\"2ae180d\" data-element_type=\"widget\" data-e-type=\"widget\" data-widget_type=\"text-editor.default\">\n\t\t\t\t<div class=\"elementor-widget-container\">\n\t\t\t\t\t\t\t\t\t<p>Sur cette vue a\u00e9rienne de la piste DFCI pr\u00e9vue par notre Mairie, nous voyons tous tr\u00e8s bien un chemin sur la gauche\u00a0 juste au niveau de l&rsquo;inscription\u00a0 D11<\/p><p><a href=\"https:\/\/seta66.com\/wp-content\/uploads\/2023\/04\/ARTICLE-DFCI.pdf\" target=\"_blank\" rel=\"noopener\">Lire la suite<\/a><\/p><p>\u00a0<\/p><p>\u00a0<\/p>\t\t\t\t\t\t\t\t<\/div>\n\t\t\t\t<\/div>\n\t\t\t\t\t<\/div>\n\t\t<\/div>\n\t\t\t\t\t<\/div>\n\t\t<\/section>\n\t\t\t\t<section class=\"elementor-section elementor-top-section elementor-element elementor-element-101b6b0 elementor-section-boxed elementor-section-height-default elementor-section-height-default\" data-id=\"101b6b0\" data-element_type=\"section\" data-e-type=\"section\">\n\t\t\t\t\t\t<div class=\"elementor-container elementor-column-gap-default\">\n\t\t\t\t\t<div class=\"elementor-column elementor-col-100 elementor-top-column elementor-element elementor-element-f7d0fc6\" data-id=\"f7d0fc6\" data-element_type=\"column\" data-e-type=\"column\">\n\t\t\t<div class=\"elementor-widget-wrap elementor-element-populated\">\n\t\t\t\t\t\t<div class=\"elementor-element elementor-element-e98fd3f elementor-widget elementor-widget-heading\" data-id=\"e98fd3f\" data-element_type=\"widget\" data-e-type=\"widget\" data-widget_type=\"heading.default\">\n\t\t\t\t<div class=\"elementor-widget-container\">\n\t\t\t\t\t<h2 class=\"elementor-heading-title elementor-size-default\">Un avis de la DRAC  qui voyage lentement <br>ci-dessous <\/h2>\t\t\t\t<\/div>\n\t\t\t\t<\/div>\n\t\t\t\t\t<\/div>\n\t\t<\/div>\n\t\t\t\t\t<\/div>\n\t\t<\/section>\n\t\t\t\t<section class=\"elementor-section elementor-top-section elementor-element elementor-element-a5c84ba elementor-section-boxed elementor-section-height-default elementor-section-height-default\" data-id=\"a5c84ba\" data-element_type=\"section\" data-e-type=\"section\">\n\t\t\t\t\t\t<div class=\"elementor-container elementor-column-gap-default\">\n\t\t\t\t\t<div class=\"elementor-column elementor-col-100 elementor-top-column elementor-element elementor-element-a4298de\" data-id=\"a4298de\" data-element_type=\"column\" data-e-type=\"column\">\n\t\t\t<div class=\"elementor-widget-wrap elementor-element-populated\">\n\t\t\t\t\t\t<div class=\"elementor-element elementor-element-5193ff3 elementor-widget elementor-widget-image\" data-id=\"5193ff3\" data-element_type=\"widget\" data-e-type=\"widget\" data-widget_type=\"image.default\">\n\t\t\t\t<div class=\"elementor-widget-container\">\n\t\t\t\t\t\t\t\t\t\t\t\t\t\t\t\t<a href=\"https:\/\/seta66.com\/wp-content\/uploads\/2022\/03\/avis-de-la-drac-doc01245420230330145349-1.pdf\" target=\"_blank\">\n\t\t\t\t\t\t\t<img loading=\"lazy\" decoding=\"async\" width=\"631\" height=\"903\" src=\"https:\/\/seta66.com\/wp-content\/uploads\/2022\/03\/2023-04-07-at-17-01-10.jpg\" class=\"attachment-large size-large wp-image-3278\" alt=\"\" srcset=\"https:\/\/seta66.com\/wp-content\/uploads\/2022\/03\/2023-04-07-at-17-01-10.jpg 631w, https:\/\/seta66.com\/wp-content\/uploads\/2022\/03\/2023-04-07-at-17-01-10-210x300.jpg 210w\" sizes=\"(max-width: 631px) 100vw, 631px\" \/>\t\t\t\t\t\t\t\t<\/a>\n\t\t\t\t\t\t\t\t\t\t\t\t\t\t\t<\/div>\n\t\t\t\t<\/div>\n\t\t\t\t\t<\/div>\n\t\t<\/div>\n\t\t\t\t\t<\/div>\n\t\t<\/section>\n\t\t\t\t<section class=\"elementor-section elementor-top-section elementor-element elementor-element-f7875ac elementor-section-boxed elementor-section-height-default elementor-section-height-default\" data-id=\"f7875ac\" data-element_type=\"section\" data-e-type=\"section\">\n\t\t\t\t\t\t<div class=\"elementor-container elementor-column-gap-default\">\n\t\t\t\t\t<div class=\"elementor-column elementor-col-100 elementor-top-column elementor-element elementor-element-3f05acf\" data-id=\"3f05acf\" data-element_type=\"column\" data-e-type=\"column\">\n\t\t\t<div class=\"elementor-widget-wrap elementor-element-populated\">\n\t\t\t\t\t\t<div class=\"elementor-element elementor-element-c0ac8a2 elementor-widget elementor-widget-text-editor\" data-id=\"c0ac8a2\" data-element_type=\"widget\" data-e-type=\"widget\" data-widget_type=\"text-editor.default\">\n\t\t\t\t<div class=\"elementor-widget-container\">\n\t\t\t\t\t\t\t\t\t<h4><strong>Le conseil municipal du mardi\u00a0 21 mars<\/strong><\/h4><div>Un d\u00e9ni de d\u00e9mocratie<\/div><div>Une enqu\u00eate publique directement \u00e0 la poubelle<\/div><div>seule les avis favorables sont retenus par le Conseil municipal<\/div><div>La p\u00e9tition est pass\u00e9e sous silence<\/div><div>Les 140 avis d\u00e9favorables et les 1300\u00a0\u00a0 questions\u00a0 sont\u00a0 pass\u00e9es aux oubliettes sans r\u00e9ponses<\/div><div>Merci a madame le maire de reconnaitre le travail que nous avons effectu\u00e9 avec un record de participation\u00a0 pour une enqu\u00eate publique \u00e0 Montesquieu des Alb\u00e8res<\/div><div>L&rsquo;avis de la DRAC\u00a0 \u00e0 \u00e9t\u00e9 lu en Conseil municipal\u00a0 <strong>apr\u00e8s<\/strong> insistance de l&rsquo;opposition ainsi que les remarques\u00a0 \u00e9crites et d\u00e9pos\u00e9es\u00a0 par la SETA. <br \/>Les Montesquivain(es)\u00a0 et la Seta\u00a0 se sont r\u00e9unis sur le parvis de la mairie pour une d\u00e9claration<\/div><div>visible ci-dessous<\/div><div>\u00a0<\/div>\t\t\t\t\t\t\t\t<\/div>\n\t\t\t\t<\/div>\n\t\t\t\t\t<\/div>\n\t\t<\/div>\n\t\t\t\t\t<\/div>\n\t\t<\/section>\n\t\t\t\t<section class=\"elementor-section elementor-top-section elementor-element elementor-element-53be6d0 elementor-section-boxed elementor-section-height-default elementor-section-height-default\" data-id=\"53be6d0\" data-element_type=\"section\" data-e-type=\"section\">\n\t\t\t\t\t\t<div class=\"elementor-container elementor-column-gap-default\">\n\t\t\t\t\t<div class=\"elementor-column elementor-col-100 elementor-top-column elementor-element elementor-element-0ad34dc\" data-id=\"0ad34dc\" data-element_type=\"column\" data-e-type=\"column\">\n\t\t\t<div class=\"elementor-widget-wrap elementor-element-populated\">\n\t\t\t\t\t\t<div class=\"elementor-element elementor-element-6017618 elementor-widget elementor-widget-video\" data-id=\"6017618\" data-element_type=\"widget\" data-e-type=\"widget\" data-settings=\"{&quot;video_type&quot;:&quot;hosted&quot;,&quot;controls&quot;:&quot;yes&quot;}\" data-widget_type=\"video.default\">\n\t\t\t\t<div class=\"elementor-widget-container\">\n\t\t\t\t\t\t\t<div class=\"e-hosted-video elementor-wrapper elementor-open-inline\">\n\t\t\t\t\t<video class=\"elementor-video\" src=\"https:\/\/seta66.com\/wp-content\/uploads\/2022\/03\/Deliberation-conseil-municipal-sur-modif-plu-feature-forme.mp4\" controls=\"\" preload=\"metadata\" controlsList=\"nodownload\"><\/video>\n\t\t\t\t<\/div>\n\t\t\t\t\t\t<\/div>\n\t\t\t\t<\/div>\n\t\t\t\t\t<\/div>\n\t\t<\/div>\n\t\t\t\t\t<\/div>\n\t\t<\/section>\n\t\t\t\t<section class=\"elementor-section elementor-top-section elementor-element elementor-element-44888bc elementor-section-boxed elementor-section-height-default elementor-section-height-default\" data-id=\"44888bc\" data-element_type=\"section\" data-e-type=\"section\">\n\t\t\t\t\t\t<div class=\"elementor-container elementor-column-gap-default\">\n\t\t\t\t\t<div class=\"elementor-column elementor-col-100 elementor-top-column elementor-element elementor-element-c1569be\" data-id=\"c1569be\" data-element_type=\"column\" data-e-type=\"column\">\n\t\t\t<div class=\"elementor-widget-wrap elementor-element-populated\">\n\t\t\t\t\t\t<div class=\"elementor-element elementor-element-543fcf7 elementor-widget elementor-widget-heading\" data-id=\"543fcf7\" data-element_type=\"widget\" data-e-type=\"widget\" data-widget_type=\"heading.default\">\n\t\t\t\t<div class=\"elementor-widget-container\">\n\t\t\t\t\t<h2 class=\"elementor-heading-title elementor-size-default\">Ouverture d'une enqu\u00eate publique pour la cr\u00e9ation d'une piste DFCI<\/h2>\t\t\t\t<\/div>\n\t\t\t\t<\/div>\n\t\t\t\t\t<\/div>\n\t\t<\/div>\n\t\t\t\t\t<\/div>\n\t\t<\/section>\n\t\t\t\t<section class=\"elementor-section elementor-top-section elementor-element elementor-element-98f3232 elementor-section-boxed elementor-section-height-default elementor-section-height-default\" data-id=\"98f3232\" data-element_type=\"section\" data-e-type=\"section\">\n\t\t\t\t\t\t<div class=\"elementor-container elementor-column-gap-default\">\n\t\t\t\t\t<div class=\"elementor-column elementor-col-100 elementor-top-column elementor-element elementor-element-cccf0f9\" data-id=\"cccf0f9\" data-element_type=\"column\" data-e-type=\"column\">\n\t\t\t<div class=\"elementor-widget-wrap elementor-element-populated\">\n\t\t\t\t\t\t<div class=\"elementor-element elementor-element-95dd42e elementor-widget elementor-widget-image\" data-id=\"95dd42e\" data-element_type=\"widget\" data-e-type=\"widget\" data-widget_type=\"image.default\">\n\t\t\t\t<div class=\"elementor-widget-container\">\n\t\t\t\t\t\t\t\t\t\t\t\t\t\t\t\t<a href=\"https:\/\/seta66.com\/wp-content\/uploads\/2023\/02\/AP-PAC-servitude-montesquieu-AL7-bis.pdf\" target=\"_blank\">\n\t\t\t\t\t\t\t<img loading=\"lazy\" decoding=\"async\" width=\"555\" height=\"382\" src=\"https:\/\/seta66.com\/wp-content\/uploads\/2022\/03\/image001.png\" class=\"attachment-large size-large wp-image-3142\" alt=\"\" srcset=\"https:\/\/seta66.com\/wp-content\/uploads\/2022\/03\/image001.png 555w, https:\/\/seta66.com\/wp-content\/uploads\/2022\/03\/image001-300x206.png 300w, https:\/\/seta66.com\/wp-content\/uploads\/2022\/03\/image001-431x297.png 431w\" sizes=\"(max-width: 555px) 100vw, 555px\" \/>\t\t\t\t\t\t\t\t<\/a>\n\t\t\t\t\t\t\t\t\t\t\t\t\t\t\t<\/div>\n\t\t\t\t<\/div>\n\t\t\t\t\t<\/div>\n\t\t<\/div>\n\t\t\t\t\t<\/div>\n\t\t<\/section>\n\t\t\t\t<section class=\"elementor-section elementor-top-section elementor-element elementor-element-2924d1b elementor-section-boxed elementor-section-height-default elementor-section-height-default\" data-id=\"2924d1b\" data-element_type=\"section\" data-e-type=\"section\">\n\t\t\t\t\t\t<div class=\"elementor-container elementor-column-gap-default\">\n\t\t\t\t\t<div class=\"elementor-column elementor-col-100 elementor-top-column elementor-element elementor-element-155af20\" data-id=\"155af20\" data-element_type=\"column\" data-e-type=\"column\">\n\t\t\t<div class=\"elementor-widget-wrap elementor-element-populated\">\n\t\t\t\t\t\t<div class=\"elementor-element elementor-element-589db55 elementor-widget elementor-widget-text-editor\" data-id=\"589db55\" data-element_type=\"widget\" data-e-type=\"widget\" data-widget_type=\"text-editor.default\">\n\t\t\t\t<div class=\"elementor-widget-container\">\n\t\t\t\t\t\t\t\t\t<p>Depuis le lundi 13 F\u00e9vrier 2023\u00a0 une enqu\u00eate publique est ouverte pour la cr\u00e9ation d\u2019une piste DFCI,\u00a0<\/p><p>\u00a0les documents doivent \u00eatre disponibles en Mairie<\/p><p>Une personne\u00a0 s\u2019est rendue en Mairie le jeudi 23 f\u00e9vrier\u00a0 pour consulter le dossier\u00a0 annonc\u00e9 dans l\u2019avis\u00a0 ci-dessus.<\/p><p>La r\u00e9ponse\u00a0 obtenue par ce Montesquivain(ne) ce Jeudi 23 f\u00e9vrier\u00a0 2023 \u00a0\u00a0\u00a0<\/p><h5><em><strong>Aucun dossier n\u2019est disponible<\/strong><\/em><\/h5><p><em><strong>Apr\u00e8s enqu\u00eate <\/strong><\/em><\/p><p><a href=\"https:\/\/seta66.com\/wp-content\/uploads\/2023\/02\/AP-PAC-servitude-montesquieu-AL7.pdf\" target=\"_blank\" rel=\"noopener\"><em><strong>la pr\u00e9fecture \u00e0 mis en ligne le document pdf\u00a0 le 17\/2\/2023<\/strong><\/em><\/a><\/p><p><a href=\"https:\/\/seta66.com\/wp-content\/uploads\/2023\/02\/AP-PAC-servitude-montesquieu-AL7.pdf\" target=\"_blank\" rel=\"noopener\"><em><strong>et pour la mairie\u00a0 de Montesquieu\u00a0 le week end\u00a0 du 25\/2\/2023<\/strong><\/em><\/a><\/p><p><em><a href=\"https:\/\/seta66.com\/wp-content\/uploads\/2023\/02\/AP-PAC-servitude-montesquieu-AL7-bis.pdf\" target=\"_blank\" rel=\"noopener\">NB : Pour avoir la carte IGN de ce document lisible en mode\u00a0 paysage<\/a><\/em><\/p>\t\t\t\t\t\t\t\t<\/div>\n\t\t\t\t<\/div>\n\t\t\t\t\t<\/div>\n\t\t<\/div>\n\t\t\t\t\t<\/div>\n\t\t<\/section>\n\t\t\t\t<section class=\"elementor-section elementor-top-section elementor-element elementor-element-22b10f5 elementor-section-boxed elementor-section-height-default elementor-section-height-default\" data-id=\"22b10f5\" data-element_type=\"section\" data-e-type=\"section\">\n\t\t\t\t\t\t<div class=\"elementor-container elementor-column-gap-default\">\n\t\t\t\t\t<div class=\"elementor-column elementor-col-100 elementor-top-column elementor-element elementor-element-d401921\" data-id=\"d401921\" data-element_type=\"column\" data-e-type=\"column\">\n\t\t\t<div class=\"elementor-widget-wrap elementor-element-populated\">\n\t\t\t\t\t\t<div class=\"elementor-element elementor-element-31d71b5 elementor-widget elementor-widget-heading\" data-id=\"31d71b5\" data-element_type=\"widget\" data-e-type=\"widget\" data-widget_type=\"heading.default\">\n\t\t\t\t<div class=\"elementor-widget-container\">\n\t\t\t\t\t<h2 class=\"elementor-heading-title elementor-size-default\">parrainer un muret<\/h2>\t\t\t\t<\/div>\n\t\t\t\t<\/div>\n\t\t\t\t\t<\/div>\n\t\t<\/div>\n\t\t\t\t\t<\/div>\n\t\t<\/section>\n\t\t\t\t<section class=\"elementor-section elementor-top-section elementor-element elementor-element-80d0e21 elementor-section-boxed elementor-section-height-default elementor-section-height-default\" data-id=\"80d0e21\" data-element_type=\"section\" data-e-type=\"section\">\n\t\t\t\t\t\t<div class=\"elementor-container elementor-column-gap-default\">\n\t\t\t\t\t<div class=\"elementor-column elementor-col-100 elementor-top-column elementor-element elementor-element-811b501\" data-id=\"811b501\" data-element_type=\"column\" data-e-type=\"column\">\n\t\t\t<div class=\"elementor-widget-wrap elementor-element-populated\">\n\t\t\t\t\t\t<div class=\"elementor-element elementor-element-8fdfb1d elementor-widget elementor-widget-text-editor\" data-id=\"8fdfb1d\" data-element_type=\"widget\" data-e-type=\"widget\" data-widget_type=\"text-editor.default\">\n\t\t\t\t<div class=\"elementor-widget-container\">\n\t\t\t\t\t\t\t\t\t<p><a href=\"http:\/\/wikipedra.catpaisatge.net\" target=\"_blank\" rel=\"noopener\" data-wplink-url-error=\"true\">nos amis de l\u2019autre versant des Alb\u00e8res , eux, ont su pr\u00e9server ce type de patrimoine http:\/\/wikipedra.catpaisatge.net<\/a><\/p>\t\t\t\t\t\t\t\t<\/div>\n\t\t\t\t<\/div>\n\t\t\t\t\t<\/div>\n\t\t<\/div>\n\t\t\t\t\t<\/div>\n\t\t<\/section>\n\t\t\t\t<section class=\"elementor-section elementor-top-section elementor-element elementor-element-d88f41d elementor-section-boxed elementor-section-height-default elementor-section-height-default\" data-id=\"d88f41d\" data-element_type=\"section\" data-e-type=\"section\">\n\t\t\t\t\t\t<div class=\"elementor-container elementor-column-gap-default\">\n\t\t\t\t\t<div class=\"elementor-column elementor-col-100 elementor-top-column elementor-element elementor-element-6222d5b\" data-id=\"6222d5b\" data-element_type=\"column\" data-e-type=\"column\">\n\t\t\t<div class=\"elementor-widget-wrap elementor-element-populated\">\n\t\t\t\t\t\t<div class=\"elementor-element elementor-element-7a1cb32 elementor-widget elementor-widget-image\" data-id=\"7a1cb32\" data-element_type=\"widget\" data-e-type=\"widget\" data-widget_type=\"image.default\">\n\t\t\t\t<div class=\"elementor-widget-container\">\n\t\t\t\t\t\t\t\t\t\t\t\t\t\t\t\t<a href=\"https:\/\/seta66.com\/index.php\/2023\/02\/02\/parrainage-des-murets\/\" target=\"_blank\">\n\t\t\t\t\t\t\t<img loading=\"lazy\" decoding=\"async\" width=\"736\" height=\"990\" src=\"https:\/\/seta66.com\/wp-content\/uploads\/2022\/03\/2023-02-10-at-17-27-26.jpg\" class=\"attachment-large size-large wp-image-3088\" alt=\"\" srcset=\"https:\/\/seta66.com\/wp-content\/uploads\/2022\/03\/2023-02-10-at-17-27-26.jpg 736w, https:\/\/seta66.com\/wp-content\/uploads\/2022\/03\/2023-02-10-at-17-27-26-223x300.jpg 223w\" sizes=\"(max-width: 736px) 100vw, 736px\" \/>\t\t\t\t\t\t\t\t<\/a>\n\t\t\t\t\t\t\t\t\t\t\t\t\t\t\t<\/div>\n\t\t\t\t<\/div>\n\t\t\t\t<div class=\"elementor-element elementor-element-5fae47c elementor-widget elementor-widget-heading\" data-id=\"5fae47c\" data-element_type=\"widget\" data-e-type=\"widget\" data-widget_type=\"heading.default\">\n\t\t\t\t<div class=\"elementor-widget-container\">\n\t\t\t\t\t<h5 class=\"elementor-heading-title elementor-size-default\">lettre ouverte \u00e0&nbsp; :<br>\nMesdames les Pr\u00e9sidentes de R\u00e9gion et du D\u00e9partement,\nMonsieur le Pr\u00e9sident de la Communaut\u00e9s de communes ACVI,\nMadame la Pr\u00e9sidente du Pays Pyr\u00e9n\u00e9es M\u00e9diterran\u00e9e,\nMme Le Maire de Montesquieu-des-Alb\u00e8res.<\/h5>\t\t\t\t<\/div>\n\t\t\t\t<\/div>\n\t\t\t\t\t<\/div>\n\t\t<\/div>\n\t\t\t\t\t<\/div>\n\t\t<\/section>\n\t\t\t\t<section class=\"elementor-section elementor-top-section elementor-element elementor-element-a491e77 elementor-section-boxed elementor-section-height-default elementor-section-height-default\" data-id=\"a491e77\" data-element_type=\"section\" data-e-type=\"section\">\n\t\t\t\t\t\t<div class=\"elementor-container elementor-column-gap-default\">\n\t\t\t\t\t<div class=\"elementor-column elementor-col-100 elementor-top-column elementor-element elementor-element-524a63e\" data-id=\"524a63e\" data-element_type=\"column\" data-e-type=\"column\">\n\t\t\t<div class=\"elementor-widget-wrap elementor-element-populated\">\n\t\t\t\t\t\t<div class=\"elementor-element elementor-element-c7096af animated-fast elementor-invisible elementor-widget elementor-widget-image\" data-id=\"c7096af\" data-element_type=\"widget\" data-e-type=\"widget\" data-settings=\"{&quot;_animation&quot;:&quot;fadeInDown&quot;}\" data-widget_type=\"image.default\">\n\t\t\t\t<div class=\"elementor-widget-container\">\n\t\t\t\t\t\t\t\t\t\t\t\t\t\t\t<img loading=\"lazy\" decoding=\"async\" width=\"800\" height=\"450\" src=\"https:\/\/seta66.com\/wp-content\/uploads\/2022\/03\/lesmurets-lettre-ouverte.png\" class=\"attachment-large size-large wp-image-2821\" alt=\"\" srcset=\"https:\/\/seta66.com\/wp-content\/uploads\/2022\/03\/lesmurets-lettre-ouverte.png 800w, https:\/\/seta66.com\/wp-content\/uploads\/2022\/03\/lesmurets-lettre-ouverte-300x169.png 300w, https:\/\/seta66.com\/wp-content\/uploads\/2022\/03\/lesmurets-lettre-ouverte-768x432.png 768w, https:\/\/seta66.com\/wp-content\/uploads\/2022\/03\/lesmurets-lettre-ouverte-431x242.png 431w\" sizes=\"(max-width: 800px) 100vw, 800px\" \/>\t\t\t\t\t\t\t\t\t\t\t\t\t\t\t<\/div>\n\t\t\t\t<\/div>\n\t\t\t\t<div class=\"elementor-element elementor-element-8039eea elementor-widget elementor-widget-text-editor\" data-id=\"8039eea\" data-element_type=\"widget\" data-e-type=\"widget\" data-widget_type=\"text-editor.default\">\n\t\t\t\t<div class=\"elementor-widget-container\">\n\t\t\t\t\t\t\t\t\t<p align=\"left\"><i>\u00a0<\/i><\/p><p>\u00ab\u00a0Qui ne s\u2019est pas \u00e9mu devant les murets, cabanes, feixes, \u00e9rig\u00e9s en pierre s\u00e8che dans nos campagnes ? Du Haut Conflent aux rives de la M\u00e9diterran\u00e9e, partout ces constructions, t\u00e9moignage d\u2019activit\u00e9s r\u00e9volues, constituent un patrimoine vernaculaire remarquable.<\/p><p>Sur les hauteurs de Montesquieu-des-Alb\u00e8res, le site des Famades pr\u00e9sente de nombreux attraits sur une superficie de 3 ha :<\/p><ul><li>1 300 m de murets et terrasses en bon \u00e9tat de conservation, accompagn\u00e9s de bassins, canaux d\u2019irrigation creus\u00e9s dans la roche pour amener l\u2019eau du San Cristau dans les jardins,<\/li><li>une zone naturelle class\u00e9e ZICO (Zone d\u2019importance pour la Conservation des Oiseaux)<\/li><li>la proximit\u00e9 imm\u00e9diate du Massif des Alb\u00e8res<\/li><\/ul><p>C\u2019est un lieu fa\u00e7onn\u00e9 par l\u2019homme dans le respect de la nature et selon un usage parcimonieux des ressources.<\/p><h6>Ce site aujourd\u2019hui menac\u00e9 par l\u2019urbanisation avait \u00e9t\u00e9 jug\u00e9 en 2004 suffisamment int\u00e9ressant par le CAUE ( Conseil en Architecture Urbanisme Environnement) pour y mener <em><b>un <\/b><span lang=\"fr-FR\"><b>projet p\u00e9dagogique, \u00ab\u00a0le parcours de l\u2019eau<\/b><\/span><b>\u00a0<\/b>\u00bb<\/em> \u00e0 la demande de l\u2019ancienne municipalit\u00e9. La nouvelle \u00e9quipe n\u2019a pas choisi la valorisation de ce lieu et depuis ce projet dort dans les cartons.<\/h6><p>En 2018, le commissaire enqu\u00eateur apr\u00e8s une visite sur les lieux a \u00e9crit dans son rapport : <i>\u00ab\u00a0<\/i><span lang=\"fr-FR\"><i>Une visite sur place permet d\u2019<\/i><\/span><span lang=\"fr-FR\"><span lang=\"it-IT\"><i>appr<\/i><\/span><\/span><span lang=\"fr-FR\"><i>\u00e9cier la qualit\u00e9 de ce patrimoine qui m\u00e9rite, au moins d\u2019\u00eatre pr\u00e9serv\u00e9, sinon mis en valeur. Je pr\u00e9conise donc une protection des murs et du r\u00e9seau d\u2019irrigation, par l\u2019application de l\u2019article L 151-19 du code de l\u2019urbanisme\u00a0\u00bb<\/i><\/span><\/p><h6><b>Depuis novembre 2018, le savoir-faire et la technique de la pierre s\u00e8che ont \u00e9t\u00e9 inscrits sur la liste repr\u00e9sentative du patrimoine immat\u00e9riel de l\u2019humanit\u00e9 par l\u2019UNESCO. Pourquoi dans le Parc Naturel R\u00e9gional des Pyr\u00e9n\u00e9es Catalanes, ces constructions font l\u2019objet de tous les \u00e9gards, et dans les Alb\u00e8res, elles seraient vou\u00e9es \u00e0 la destruction\u00a0?<\/b><\/h6><p>Il serait pr\u00e9judiciable pour notre D\u00e9partement de voir dispara\u00eetre \u00e0 jamais ce patrimoine et avec lui toutes les opportunit\u00e9s de d\u00e9veloppement d\u2019un tourisme \u00ab\u00a0nature et patrimoine\u00a0\u00bb r\u00e9silient.<\/p><h6><strong>Le site des Famades c\u2019est l\u2019eau, la pierre et la m\u00e9moire.<\/strong><\/h6><p>Le site pourrait offrir au public la d\u00e9monstration pratique d\u2019une gestion respectueuse de l\u2019eau \u00e0 des fins agricoles, pourquoi pas en lien avec la Maison de l\u2019Eau et de la M\u00e9diterran\u00e9e du Boulou.<\/p><p>Les constructions en pierre s\u00e8che pr\u00e9sentes dans les Alb\u00e8res m\u00e9ritent une plus grande renomm\u00e9e et pourraient donner lieu \u00e0 une valorisation en r\u00e9seau (moulin de la Pave, cabanes de Mataporc\u2026) incluant Montesquieu.<\/p><p><em><strong>Ce lieu jusqu\u2019ici pr\u00e9serv\u00e9 est un lieu de m\u00e9moire. Les experts estiment que ces murs datent du XVIII et XIX si\u00e8cles au moins, sans \u00e9carter qu\u2019ils puissent \u00eatre plus anciens. 1 km2 de murets repr\u00e9senterait plus de 20 000 tonnes de pierres d\u00e9plac\u00e9es. C\u2019est un travail titanesque !<\/strong><\/em><\/p><p>Ce patrimoine a une histoire. Ne pas le pr\u00e9server serait une n\u00e9gligence, le d\u00e9truire serait une atteinte \u00e0 notre identit\u00e9.<\/p><p>La population soucieuse de son cadre de vie et de ses traditions attend d\u00e9sormais votre r\u00e9ponse.<\/p>\t\t\t\t\t\t\t\t<\/div>\n\t\t\t\t<\/div>\n\t\t\t\t\t<\/div>\n\t\t<\/div>\n\t\t\t\t\t<\/div>\n\t\t<\/section>\n\t\t\t\t<section class=\"elementor-section elementor-top-section elementor-element elementor-element-0e5bf1d elementor-section-boxed elementor-section-height-default elementor-section-height-default\" data-id=\"0e5bf1d\" data-element_type=\"section\" data-e-type=\"section\">\n\t\t\t\t\t\t<div class=\"elementor-container elementor-column-gap-default\">\n\t\t\t\t\t<div class=\"elementor-column elementor-col-100 elementor-top-column elementor-element elementor-element-53d0575\" data-id=\"53d0575\" data-element_type=\"column\" data-e-type=\"column\">\n\t\t\t<div class=\"elementor-widget-wrap elementor-element-populated\">\n\t\t\t\t\t\t<div class=\"elementor-element elementor-element-737e118 elementor-widget elementor-widget-heading\" data-id=\"737e118\" data-element_type=\"widget\" data-e-type=\"widget\" data-widget_type=\"heading.default\">\n\t\t\t\t<div class=\"elementor-widget-container\">\n\t\t\t\t\t<h5 class=\"elementor-heading-title elementor-size-default\"><a href=\"https:\/\/www.change.org\/p\/ne-laissons-pas-b\u00e9tonner-le-massif-des-alb\u00e8res-\u00e0-montesquieu\" target=\"_blank\">Signez la  p\u00e9tition  en ligne a propos du futur projet de b\u00e9tonisation des Famades\n<\/a><\/h5>\t\t\t\t<\/div>\n\t\t\t\t<\/div>\n\t\t\t\t\t<\/div>\n\t\t<\/div>\n\t\t\t\t\t<\/div>\n\t\t<\/section>\n\t\t\t\t<section class=\"elementor-section elementor-top-section elementor-element elementor-element-84c8eef elementor-section-boxed elementor-section-height-default elementor-section-height-default\" data-id=\"84c8eef\" data-element_type=\"section\" data-e-type=\"section\">\n\t\t\t\t\t\t<div class=\"elementor-container elementor-column-gap-default\">\n\t\t\t\t\t<div class=\"elementor-column elementor-col-100 elementor-top-column elementor-element elementor-element-8dfcf93\" data-id=\"8dfcf93\" data-element_type=\"column\" data-e-type=\"column\">\n\t\t\t<div class=\"elementor-widget-wrap elementor-element-populated\">\n\t\t\t\t\t\t<div class=\"elementor-element elementor-element-1023cca elementor-widget elementor-widget-text-editor\" data-id=\"1023cca\" data-element_type=\"widget\" data-e-type=\"widget\" data-widget_type=\"text-editor.default\">\n\t\t\t\t<div class=\"elementor-widget-container\">\n\t\t\t\t\t\t\t\t\t<h6><span style=\"font-family: arial, sans-serif;\">Pour tous ceux qui ne connaissent pas encore cette partie des Alb\u00e8res sacrifi\u00e9e et en avant premi\u00e8re, la SETA a le plaisir de vous pr\u00e9senter les FAMADES en vid\u00e9o en cliquant sur le lien suivant :<\/span><\/h6><p><span style=\"font-family: arial, sans-serif;\"><b><a href=\"https:\/\/youtu.be\/Q5FOx8KYAkQ\" target=\"_blank\" rel=\"noopener\" data-saferedirecturl=\"https:\/\/www.google.com\/url?q=https:\/\/youtu.be\/Q5FOx8KYAkQ&amp;source=gmail&amp;ust=1670411756371000&amp;usg=AOvVaw2bmMfhSF1g3bQvC263jq19\">https:\/\/youtu.be\/Q5FOx8KYAkQ<\/a><\/b><\/span><\/p><p><span style=\"color: #000000; font-family: arial, sans-serif;\"><b>DIMANCHE 11 D\u00c9CEMBRE &#8211; JOURN\u00c9E DE SAUVEGARDE DES FAMADES<\/b><\/span><\/p><p><span style=\"font-family: arial, sans-serif;\">Pour la n\u00e9cessaire sauvegarde de la zone ZICO\u00ab\u00a0Zone d\u2019Importance pour la Conservation des Oiseaux\u00a0\u00bb\u00a0\u00a0<\/span>et des murets, bassins, canaux\u00a0qui se trouvent sur le site des Famades \u00e0 Montesquieu-des-Alb\u00e8res<\/p><p><span style=\"font-family: arial, sans-serif;\"><b>Venez parrainer un muret !\u00a0<\/b><\/span><\/p><p><span style=\"font-family: arial, sans-serif;\">Gr\u00e2ce \u00e0 vous chaque\u00a0mur des Famades portera d\u00e8s dimanche le nom d\u2019un oiseau d\u2019une esp\u00e8ce locale et sortira ainsi de l\u2019anonymat dans lequel\u00a0<\/span>certains voudraient les voir rester, afin de plus facilement les d\u00e9truire.<\/p><p><span style=\"font-family: arial, sans-serif;\">GR\u00c2CE \u00c0 CE PARRAINAGE, NOUS VOULONS INTERPELLER LES AUTORIT\u00c9S SUR LA N\u00c9CESSIT\u00c9 D\u2019IDENTIFIER ET D\u2019ASSURER LA PROTECTION\u00a0<\/span>JURIDIQUE\u00a0DE CE PATRIMOINE EN VERTU DE L\u2019ART 151-19 DU CODE DE L&rsquo;URBANISME<\/p><ul><li><span style=\"font-family: arial, sans-serif;\"><span style=\"font-family: arial, sans-serif;\">Parrainer un muret, c\u2019est gratuit et utile,<\/span><\/span><p>\u00a0<\/p><\/li><li><span style=\"font-family: arial, sans-serif;\">Parrainer un muret, c\u2019est le mettre sous notre protection collective,\u00a0<br \/><\/span><div>\u00a0<\/div><\/li><li><span style=\"font-family: arial, sans-serif;\">Parrainer un muret, c\u2019est prot\u00e9ger la bio-diversit\u00e9,\u00a0<\/span><\/li><\/ul><p><span style=\"font-family: arial, sans-serif;\">Parrainer un muret, \u00a0c\u2019est dire stop \u00e0 la b\u00e9tonisation des Famades et des Alb\u00e8res en g\u00e9n\u00e9ral.<\/span><\/p><p><span style=\"font-family: arial, sans-serif;\"><b>Venez nombreux !\u00a0<\/b><\/span><\/p>\t\t\t\t\t\t\t\t<\/div>\n\t\t\t\t<\/div>\n\t\t\t\t\t<\/div>\n\t\t<\/div>\n\t\t\t\t\t<\/div>\n\t\t<\/section>\n\t\t\t\t<section class=\"elementor-section elementor-top-section elementor-element elementor-element-ad08ec8 elementor-section-boxed elementor-section-height-default elementor-section-height-default\" data-id=\"ad08ec8\" data-element_type=\"section\" data-e-type=\"section\">\n\t\t\t\t\t\t<div class=\"elementor-container elementor-column-gap-default\">\n\t\t\t\t\t<div class=\"elementor-column elementor-col-100 elementor-top-column elementor-element elementor-element-3c1c258\" data-id=\"3c1c258\" data-element_type=\"column\" data-e-type=\"column\">\n\t\t\t<div class=\"elementor-widget-wrap elementor-element-populated\">\n\t\t\t\t\t\t<div class=\"elementor-element elementor-element-a934272 elementor-widget elementor-widget-image\" data-id=\"a934272\" data-element_type=\"widget\" data-e-type=\"widget\" data-widget_type=\"image.default\">\n\t\t\t\t<div class=\"elementor-widget-container\">\n\t\t\t\t\t\t\t\t\t\t\t\t\t\t\t<img loading=\"lazy\" decoding=\"async\" width=\"719\" height=\"1024\" src=\"https:\/\/seta66.com\/wp-content\/uploads\/2022\/03\/2022-12-02-at-15-28-26-719x1024.jpg\" class=\"attachment-large size-large wp-image-2475\" alt=\"\" srcset=\"https:\/\/seta66.com\/wp-content\/uploads\/2022\/03\/2022-12-02-at-15-28-26-719x1024.jpg 719w, https:\/\/seta66.com\/wp-content\/uploads\/2022\/03\/2022-12-02-at-15-28-26-211x300.jpg 211w, https:\/\/seta66.com\/wp-content\/uploads\/2022\/03\/2022-12-02-at-15-28-26.jpg 748w\" sizes=\"(max-width: 719px) 100vw, 719px\" \/>\t\t\t\t\t\t\t\t\t\t\t\t\t\t\t<\/div>\n\t\t\t\t<\/div>\n\t\t\t\t\t<\/div>\n\t\t<\/div>\n\t\t\t\t\t<\/div>\n\t\t<\/section>\n\t\t\t\t<section class=\"elementor-section elementor-top-section elementor-element elementor-element-2585e04 elementor-section-boxed elementor-section-height-default elementor-section-height-default\" data-id=\"2585e04\" data-element_type=\"section\" data-e-type=\"section\">\n\t\t\t\t\t\t<div class=\"elementor-container elementor-column-gap-default\">\n\t\t\t\t\t<div class=\"elementor-column elementor-col-100 elementor-top-column elementor-element elementor-element-5ecf6f3\" data-id=\"5ecf6f3\" data-element_type=\"column\" data-e-type=\"column\">\n\t\t\t<div class=\"elementor-widget-wrap elementor-element-populated\">\n\t\t\t\t\t\t<div class=\"elementor-element elementor-element-999725a elementor-widget elementor-widget-text-editor\" data-id=\"999725a\" data-element_type=\"widget\" data-e-type=\"widget\" data-widget_type=\"text-editor.default\">\n\t\t\t\t<div class=\"elementor-widget-container\">\n\t\t\t\t\t\t\t\t\t<div class=\"x11i5rnm xat24cr x1mh8g0r x1vvkbs xdj266r x126k92a\">\n<h5 dir=\"auto\">11 D\u00c9CEMBRE PARRAINAGE DES FEIXES (MURETS) A MONTESQUIEU DES ALBERES<\/h5>\n<div dir=\"auto\">Dimanche 11 d\u00e9cembre \u00e0 partir de 10h, la SETA organise une journ\u00e9e de parrainage des murets pour la sauvegarde des FAMADES.<\/div>\n<div dir=\"auto\">Ce patrimoine b\u00e2ti de terrasses, murets, bassins et canaux m\u00e9rite d\u2019\u00eatre sauv\u00e9.<\/div>\n<\/div>\n<div class=\"x11i5rnm xat24cr x1mh8g0r x1vvkbs xtlvy1s x126k92a\">\n<div dir=\"auto\">Les murets de pierres s\u00e8ches (feixes) constituent un patrimoine architectural remarquable qui enrichit le paysage.<\/div>\n<div dir=\"auto\">Ils sont utiles pour la bio-diversit\u00e9 car beaucoup d\u2019esp\u00e8ces de faune et de flore y trouvent refuge.<\/div>\n<div dir=\"auto\">Ils sont essentiels pour la s\u00e9curit\u00e9 car ils mod\u00e8rent la pente et \u00e9vitent les ravinements, retiennent l&rsquo;humidit\u00e9.<\/div>\n<\/div>\n<div class=\"x11i5rnm xat24cr x1mh8g0r x1vvkbs xtlvy1s x126k92a\">\n<div dir=\"auto\">Avec nous, agissez pour leur sauvegarde !<\/div>\n<\/div>\n<div class=\"x11i5rnm xat24cr x1mh8g0r x1vvkbs xtlvy1s x126k92a\">\n<div dir=\"auto\">(-) Parrainer un mur, c\u2019est le mettre sous notre protection collective (plusieurs personnes peuvent parrainer un mur et vous pouvez parrainer plusieurs murs).<\/div>\n<\/div>\n<div class=\"x11i5rnm xat24cr x1mh8g0r x1vvkbs xtlvy1s x126k92a\">\n<div dir=\"auto\">(-) Parrainer un mur, c\u2019est signifier aux autorit\u00e9s que nous demandons que ce patrimoine soit identifi\u00e9 et b\u00e9n\u00e9ficie d\u2019une v\u00e9ritable protection juridique conform\u00e9ment \u00e0 l\u2019article L 151-19 du code de l\u2019urbanisme.<\/div>\n<\/div>\n<div class=\"x11i5rnm xat24cr x1mh8g0r x1vvkbs xtlvy1s x126k92a\">\n<div dir=\"auto\">(-) Parrainer un mur c\u2019est dire stop \u00e0 la b\u00e9tonisation des Famades et des Alb\u00e8res en g\u00e9n\u00e9ral.<\/div><div dir=\"auto\">On compte sur vous !<\/div>\n<\/div>\t\t\t\t\t\t\t\t<\/div>\n\t\t\t\t<\/div>\n\t\t\t\t\t<\/div>\n\t\t<\/div>\n\t\t\t\t\t<\/div>\n\t\t<\/section>\n\t\t\t\t<section class=\"elementor-section elementor-top-section elementor-element elementor-element-2800371 elementor-section-boxed elementor-section-height-default elementor-section-height-default\" data-id=\"2800371\" data-element_type=\"section\" data-e-type=\"section\">\n\t\t\t\t\t\t<div class=\"elementor-container elementor-column-gap-default\">\n\t\t\t\t\t<div class=\"elementor-column elementor-col-100 elementor-top-column elementor-element elementor-element-f413564\" data-id=\"f413564\" data-element_type=\"column\" data-e-type=\"column\">\n\t\t\t<div class=\"elementor-widget-wrap elementor-element-populated\">\n\t\t\t\t\t\t<div class=\"elementor-element elementor-element-a65db4d elementor-widget elementor-widget-text-editor\" data-id=\"a65db4d\" data-element_type=\"widget\" data-e-type=\"widget\" data-widget_type=\"text-editor.default\">\n\t\t\t\t<div class=\"elementor-widget-container\">\n\t\t\t\t\t\t\t\t\t<h3 id=\":2us\" class=\"hP\" tabindex=\"-1\" data-thread-perm-id=\"thread-f:1750563770915894968\" data-legacy-thread-id=\"184b40798a1c36b8\">PLUS QUE QUELQUES JOURS POUR S\u2019OPPOSER A LA B\u00c9TONISATION DES FAMADES !<\/h3><div>La consultation pour la modification du plan local d\u2019urbanisme de Montesquieu-des-Alb\u00e8res touche \u00e0 sa fin.<\/div><div>\u00a0<\/div><div>Si vous n\u2019avez pas encore adress\u00e9 vos observations, vous pouvez encore le faire.<\/div><div>Pas besoin d&rsquo;\u00eatre Montesquivain pour donner son avis. L&rsquo;avenir des Alb\u00e8res est l&rsquo;affaire de tous.<\/div><div>\u00a0<\/div><div><span style=\"color: #000000;\">Ci-joint notre formulaire \u00e0 compl\u00e9ter et nous retourner avant le 1er d\u00e9cembre par email\u00a0<\/span><i><span style=\"color: #3d85c6;\"><a href=\"mailto:seta66740@gmail.com\" target=\"_blank\" rel=\"noopener\">seta66740@gmail.com<\/a><\/span><\/i><span style=\"color: #000000;\"> ou \u00e0 l&rsquo;adresse de la SETA : <\/span><span style=\"color: #3d85c6;\">1 grand rue- 66740 Montesquieu des Alb\u00e8res<\/span><\/div><div>La SETA le d\u00e9posera pour vous en mairie.<br \/>Vous pouvez \u00e9galement le d\u00e9poser directement \u00e0 la mairie de Montesquieu aux heures d&rsquo;ouverture.<\/div><div>\u00a0<\/div><div>A ce jour pr\u00e8s de 100 personnes ont particip\u00e9, \u00e9mettant plus de 900 observations.<\/div><div>Un record pour une consultation de ce type qui, \u00a0pour la mairie, \u00a0ne devait n\u2019\u00eatre qu\u2019une promenade de sant\u00e9 !\u00a0<\/div><div>\u00a0<\/div><div>On compte sur vous !<\/div><div>\u00a0<\/div><div><a href=\"https:\/\/www.change.org\/p\/ne-laissons-pas-b\u00e9tonner-le-massif-des-alb\u00e8res-\u00e0-montesquieu\" target=\"_blank\" rel=\"noopener\">Vous pouvez aussi signer la p\u00e9tition en ligne.<\/a><\/div>\t\t\t\t\t\t\t\t<\/div>\n\t\t\t\t<\/div>\n\t\t\t\t\t<\/div>\n\t\t<\/div>\n\t\t\t\t\t<\/div>\n\t\t<\/section>\n\t\t\t\t<section class=\"elementor-section elementor-top-section elementor-element elementor-element-11c9ffd elementor-section-boxed elementor-section-height-default elementor-section-height-default\" data-id=\"11c9ffd\" data-element_type=\"section\" data-e-type=\"section\">\n\t\t\t\t\t\t<div class=\"elementor-container elementor-column-gap-default\">\n\t\t\t\t\t<div class=\"elementor-column elementor-col-100 elementor-top-column elementor-element elementor-element-9be97aa\" data-id=\"9be97aa\" data-element_type=\"column\" data-e-type=\"column\">\n\t\t\t<div class=\"elementor-widget-wrap elementor-element-populated\">\n\t\t\t\t\t\t<div class=\"elementor-element elementor-element-c2058c7 elementor-widget elementor-widget-text-editor\" data-id=\"c2058c7\" data-element_type=\"widget\" data-e-type=\"widget\" data-widget_type=\"text-editor.default\">\n\t\t\t\t<div class=\"elementor-widget-container\">\n\t\t\t\t\t\t\t\t\t<p><a href=\"https:\/\/seta66.com\/wp-content\/uploads\/2022\/11\/FORMULAIRE-CONSULTATION-WEB.pagesbis.pdf\" target=\"_blank\" rel=\"noopener\"><img loading=\"lazy\" decoding=\"async\" class=\"aligncenter size-full wp-image-2300\" src=\"https:\/\/seta66.com\/wp-content\/uploads\/2022\/11\/tract-pour-internet.jpg\" alt=\"\" width=\"552\" height=\"826\" srcset=\"https:\/\/seta66.com\/wp-content\/uploads\/2022\/11\/tract-pour-internet.jpg 552w, https:\/\/seta66.com\/wp-content\/uploads\/2022\/11\/tract-pour-internet-200x300.jpg 200w\" sizes=\"(max-width: 552px) 100vw, 552px\" \/><\/a><a href=\"https:\/\/seta66.com\/wp-content\/uploads\/2022\/11\/FORMULAIRE-CONSULTATION-WEB.pagesbis.pdf\" target=\"_blank\" rel=\"noopener\"> cliquez sur le tract pour remplir votre formulaire<\/a><\/p><p>\u00a0imprimez\u00a0 signez\u00a0 envoyez ou d\u00e9posez a l&rsquo;adresse ci-dessus<\/p>\t\t\t\t\t\t\t\t<\/div>\n\t\t\t\t<\/div>\n\t\t\t\t\t<\/div>\n\t\t<\/div>\n\t\t\t\t\t<\/div>\n\t\t<\/section>\n\t\t\t\t<section class=\"elementor-section elementor-top-section elementor-element elementor-element-3665f8b elementor-section-boxed elementor-section-height-default elementor-section-height-default\" data-id=\"3665f8b\" data-element_type=\"section\" data-e-type=\"section\">\n\t\t\t\t\t\t<div class=\"elementor-container elementor-column-gap-default\">\n\t\t\t\t\t<div class=\"elementor-column elementor-col-100 elementor-top-column elementor-element elementor-element-19a6343\" data-id=\"19a6343\" data-element_type=\"column\" data-e-type=\"column\">\n\t\t\t<div class=\"elementor-widget-wrap elementor-element-populated\">\n\t\t\t\t\t\t<div class=\"elementor-element elementor-element-4f7664c elementor-widget elementor-widget-text-editor\" data-id=\"4f7664c\" data-element_type=\"widget\" data-e-type=\"widget\" data-widget_type=\"text-editor.default\">\n\t\t\t\t<div class=\"elementor-widget-container\">\n\t\t\t\t\t\t\t\t\t<p><a href=\"https:\/\/seta66.com\/wp-content\/uploads\/2022\/11\/modification-simplifiee-du-PLU.pdf\" target=\"_blank\" rel=\"noopener\">Ci-joint\u00a0 une partie du dossier\u00a0 d\u00e9pos\u00e9\u00a0\u00a0 en mairie pour consultation<\/a><\/p>\t\t\t\t\t\t\t\t<\/div>\n\t\t\t\t<\/div>\n\t\t\t\t\t<\/div>\n\t\t<\/div>\n\t\t\t\t\t<\/div>\n\t\t<\/section>\n\t\t\t\t<section class=\"elementor-section elementor-top-section elementor-element elementor-element-4a1189f elementor-section-boxed elementor-section-height-default elementor-section-height-default\" data-id=\"4a1189f\" data-element_type=\"section\" data-e-type=\"section\">\n\t\t\t\t\t\t<div class=\"elementor-container elementor-column-gap-default\">\n\t\t\t\t\t<div class=\"elementor-column elementor-col-100 elementor-top-column elementor-element elementor-element-77376b8\" data-id=\"77376b8\" data-element_type=\"column\" data-e-type=\"column\">\n\t\t\t<div class=\"elementor-widget-wrap elementor-element-populated\">\n\t\t\t\t\t\t<div class=\"elementor-element elementor-element-3077dc1 elementor-widget elementor-widget-text-editor\" data-id=\"3077dc1\" data-element_type=\"widget\" data-e-type=\"widget\" data-widget_type=\"text-editor.default\">\n\t\t\t\t<div class=\"elementor-widget-container\">\n\t\t\t\t\t\t\t\t\t<div class=\"x11i5rnm xat24cr x1mh8g0r x1vvkbs xdj266r x126k92a\"><h6 dir=\"auto\"><strong>CONSULTATION PUBLIQUE : encore un beau mensonge !<\/strong><\/h6><div dir=\"auto\">Madame le Maire nous roule dans la farine : pour justifier la modification du PLU sur les Famades, elle invoque le motif d\u2019une meilleure int\u00e9gration paysag\u00e8re des constructions.<\/div><div dir=\"auto\">\u00a0<\/div><div dir=\"auto\">\u00a0<\/div><div dir=\"auto\"><p><div style=\"width: 854px;\" class=\"wp-video\"><video class=\"wp-video-shortcode\" id=\"video-377-1\" width=\"854\" height=\"480\" preload=\"metadata\" controls=\"controls\"><source type=\"video\/mp4\" src=\"https:\/\/seta66.com\/wp-content\/uploads\/2022\/11\/raison-du-retrait-supprime20images.mp4?_=1\" \/><a href=\"https:\/\/seta66.com\/wp-content\/uploads\/2022\/11\/raison-du-retrait-supprime20images.mp4\">https:\/\/seta66.com\/wp-content\/uploads\/2022\/11\/raison-du-retrait-supprime20images.mp4<\/a><\/video><\/div><\/p><\/div><div dir=\"auto\">\u00a0<\/div><\/div><div class=\"x11i5rnm xat24cr x1mh8g0r x1vvkbs xtlvy1s x126k92a\"><div dir=\"auto\">La belle affaire ! La preuve en image : la modification vise \u00e0 favoriser un propri\u00e9taire priv\u00e9 et un cadeau pour le promoteur<\/div><\/div>\t\t\t\t\t\t\t\t<\/div>\n\t\t\t\t<\/div>\n\t\t\t\t\t<\/div>\n\t\t<\/div>\n\t\t\t\t\t<\/div>\n\t\t<\/section>\n\t\t\t\t<section class=\"elementor-section elementor-top-section elementor-element elementor-element-e21d603 elementor-section-boxed elementor-section-height-default elementor-section-height-default\" data-id=\"e21d603\" data-element_type=\"section\" data-e-type=\"section\">\n\t\t\t\t\t\t<div class=\"elementor-container elementor-column-gap-default\">\n\t\t\t\t\t<div class=\"elementor-column elementor-col-100 elementor-top-column elementor-element elementor-element-14f3ee4\" data-id=\"14f3ee4\" data-element_type=\"column\" data-e-type=\"column\">\n\t\t\t<div class=\"elementor-widget-wrap elementor-element-populated\">\n\t\t\t\t\t\t<div class=\"elementor-element elementor-element-fb6f504 elementor-widget elementor-widget-heading\" data-id=\"fb6f504\" data-element_type=\"widget\" data-e-type=\"widget\" data-widget_type=\"heading.default\">\n\t\t\t\t<div class=\"elementor-widget-container\">\n\t\t\t\t\t<h2 class=\"elementor-heading-title elementor-size-default\">Conseil Municipal de Montesquieu du 27 septembre 2022 :\n\n Pas de projet FAMADES,\n pas d'am\u00e9nageur?\nN'est-ce pas Madame Le Maire... preuve par l'image.<br><\/h2>\t\t\t\t<\/div>\n\t\t\t\t<\/div>\n\t\t\t\t\t<\/div>\n\t\t<\/div>\n\t\t\t\t\t<\/div>\n\t\t<\/section>\n\t\t\t\t<section class=\"elementor-section elementor-top-section elementor-element elementor-element-2987f93 elementor-section-boxed elementor-section-height-default elementor-section-height-default\" data-id=\"2987f93\" data-element_type=\"section\" data-e-type=\"section\">\n\t\t\t\t\t\t<div class=\"elementor-container elementor-column-gap-default\">\n\t\t\t\t\t<div class=\"elementor-column elementor-col-100 elementor-top-column elementor-element elementor-element-cec9bd7\" data-id=\"cec9bd7\" data-element_type=\"column\" data-e-type=\"column\">\n\t\t\t<div class=\"elementor-widget-wrap elementor-element-populated\">\n\t\t\t\t\t\t<div class=\"elementor-element elementor-element-3a690ce elementor-widget elementor-widget-wp-widget-media_video\" data-id=\"3a690ce\" data-element_type=\"widget\" data-e-type=\"widget\" data-widget_type=\"wp-widget-media_video.default\">\n\t\t\t\t<div class=\"elementor-widget-container\">\n\t\t\t\t\t<div style=\"width:100%;\" class=\"wp-video\"><video class=\"wp-video-shortcode\" id=\"video-377-2\" preload=\"metadata\" controls=\"controls\"><source type=\"video\/mp4\" src=\"https:\/\/seta66.com\/wp-content\/uploads\/2022\/11\/un-amenageur-pr-facebook-begue20images.mp4?_=2\" \/><source type=\"video\/mp4\" src=\"https:\/\/seta66.com\/wp-content\/uploads\/2022\/11\/un-amenageur-pr-facebook-begue20images.mp4?_=2\" \/><a href=\"https:\/\/seta66.com\/wp-content\/uploads\/2022\/11\/un-amenageur-pr-facebook-begue20images.mp4\">https:\/\/seta66.com\/wp-content\/uploads\/2022\/11\/un-amenageur-pr-facebook-begue20images.mp4<\/a><\/video><\/div>\t\t\t\t<\/div>\n\t\t\t\t<\/div>\n\t\t\t\t\t<\/div>\n\t\t<\/div>\n\t\t\t\t\t<\/div>\n\t\t<\/section>\n\t\t\t\t<section class=\"elementor-section elementor-top-section elementor-element elementor-element-1c2986d elementor-section-boxed elementor-section-height-default elementor-section-height-default\" data-id=\"1c2986d\" data-element_type=\"section\" data-e-type=\"section\">\n\t\t\t\t\t\t<div class=\"elementor-container elementor-column-gap-default\">\n\t\t\t\t\t<div class=\"elementor-column elementor-col-100 elementor-top-column elementor-element elementor-element-939785b\" data-id=\"939785b\" data-element_type=\"column\" data-e-type=\"column\">\n\t\t\t<div class=\"elementor-widget-wrap elementor-element-populated\">\n\t\t\t\t\t\t<div class=\"elementor-element elementor-element-c28bc13 elementor-widget elementor-widget-text-editor\" data-id=\"c28bc13\" data-element_type=\"widget\" data-e-type=\"widget\" data-widget_type=\"text-editor.default\">\n\t\t\t\t<div class=\"elementor-widget-container\">\n\t\t\t\t\t\t\t\t\t<p><span dir=\"ltr\" role=\"presentation\">Montesquieu<\/span><span dir=\"ltr\" role=\"presentation\">&#8211;<\/span><span dir=\"ltr\" role=\"presentation\">des<\/span><span dir=\"ltr\" role=\"presentation\">&#8211;<\/span><span dir=\"ltr\" role=\"presentation\">Alb\u00e8res<\/span><br role=\"presentation\" \/><strong><span dir=\"ltr\" role=\"presentation\">TOUJOURS<\/span> <span dir=\"ltr\" role=\"presentation\">PLUS<\/span> <span dir=\"ltr\" role=\"presentation\">DE<\/span> <span dir=\"ltr\" role=\"presentation\">B\u00c9TON<\/span><\/strong><br role=\"presentation\" \/><span dir=\"ltr\" role=\"presentation\">Une<\/span> <span dir=\"ltr\" role=\"presentation\">consultation<\/span> <span dir=\"ltr\" role=\"presentation\">pour<\/span> <span dir=\"ltr\" role=\"presentation\">augmenter<\/span> <span dir=\"ltr\" role=\"presentation\">le<\/span> <span dir=\"ltr\" role=\"presentation\">b\u00e9tonnage<\/span> <span dir=\"ltr\" role=\"presentation\">des<\/span> <span dir=\"ltr\" role=\"presentation\">Alb\u00e8res<\/span> <span dir=\"ltr\" role=\"presentation\">aura<\/span> <span dir=\"ltr\" role=\"presentation\">lieu<\/span> <span dir=\"ltr\" role=\"presentation\">entre<\/span> <em><strong><span dir=\"ltr\" role=\"presentation\">le<\/span> <span dir=\"ltr\" role=\"presentation\">3<\/span> <span dir=\"ltr\" role=\"presentation\">novembre<\/span> <span dir=\"ltr\" role=\"presentation\">et<\/span> <span dir=\"ltr\" role=\"presentation\">le<\/span> <span dir=\"ltr\" role=\"presentation\">2<\/span><\/strong><\/em><span dir=\"ltr\" role=\"presentation\"><em><strong> d\u00e9cembre 2022<\/strong><\/em>.<\/span><br role=\"presentation\" \/><span dir=\"ltr\" role=\"presentation\">Sous<\/span> <span dir=\"ltr\" role=\"presentation\">pr\u00e9texte<\/span> <span dir=\"ltr\" role=\"presentation\">de<\/span> <span dir=\"ltr\" role=\"presentation\">la<\/span> <span dir=\"ltr\" role=\"presentation\">n\u00e9cessaire<\/span> <span dir=\"ltr\" role=\"presentation\">rectification<\/span> <span dir=\"ltr\" role=\"presentation\">d\u2019une certaine<\/span> <span dir=\"ltr\" role=\"presentation\">erreur<\/span> <span dir=\"ltr\" role=\"presentation\">mat\u00e9rielle<\/span> <span dir=\"ltr\" role=\"presentation\">survenue<\/span> <span dir=\"ltr\" role=\"presentation\">dans<\/span> <span dir=\"ltr\" role=\"presentation\">le<\/span> <span dir=\"ltr\" role=\"presentation\">PLU<\/span> <span dir=\"ltr\" role=\"presentation\">de<\/span> <span dir=\"ltr\" role=\"presentation\">2018, <\/span><span dir=\"ltr\" role=\"presentation\">la<\/span> <span dir=\"ltr\" role=\"presentation\">mairie<\/span> <span dir=\"ltr\" role=\"presentation\">lance<\/span> <span dir=\"ltr\" role=\"presentation\">une<\/span> <span dir=\"ltr\" role=\"presentation\">consultation<\/span> <span dir=\"ltr\" role=\"presentation\">aupr\u00e8s<\/span> <span dir=\"ltr\" role=\"presentation\">de<\/span> <span dir=\"ltr\" role=\"presentation\">la<\/span> <span dir=\"ltr\" role=\"presentation\">population<\/span> <span dir=\"ltr\" role=\"presentation\">et<\/span> <span dir=\"ltr\" role=\"presentation\">glisse<\/span> <span dir=\"ltr\" role=\"presentation\">entre<\/span> <span dir=\"ltr\" role=\"presentation\">deux<\/span> <span dir=\"ltr\" role=\"presentation\">modifications <\/span><span dir=\"ltr\" role=\"presentation\">anodines,<\/span> <span dir=\"ltr\" role=\"presentation\">une<\/span> <span dir=\"ltr\" role=\"presentation\">mesure<\/span> <span dir=\"ltr\" role=\"presentation\">concernant<\/span> <span dir=\"ltr\" role=\"presentation\">le<\/span> <span dir=\"ltr\" role=\"presentation\">site<\/span> <span dir=\"ltr\" role=\"presentation\">des<\/span> <span dir=\"ltr\" role=\"presentation\">Famades.<\/span><\/p><p><span dir=\"ltr\" role=\"presentation\">Sous<\/span> <span dir=\"ltr\" role=\"presentation\">l\u2019appellation<\/span> <span dir=\"ltr\" role=\"presentation\">prometteuse<\/span> <span dir=\"ltr\" role=\"presentation\">\u00ab<\/span> <span dir=\"ltr\" role=\"presentation\">favoriser <\/span><span dir=\"ltr\" role=\"presentation\">l\u2019int\u00e9gration<\/span> <span dir=\"ltr\" role=\"presentation\">de<\/span> <span dir=\"ltr\" role=\"presentation\">projet<\/span><span dir=\"ltr\" role=\"presentation\">s<\/span> <span dir=\"ltr\" role=\"presentation\">urbanistiques<\/span> <span dir=\"ltr\" role=\"presentation\">dans<\/span> <span dir=\"ltr\" role=\"presentation\">le<\/span> <span dir=\"ltr\" role=\"presentation\">paysag<\/span><span dir=\"ltr\" role=\"presentation\">e<\/span> <span dir=\"ltr\" role=\"presentation\">\u00bb<\/span><span dir=\"ltr\" role=\"presentation\">,<\/span> <span dir=\"ltr\" role=\"presentation\">elle<\/span> <span dir=\"ltr\" role=\"presentation\">vise<\/span> <span dir=\"ltr\" role=\"presentation\">\u00e0<\/span> <span dir=\"ltr\" role=\"presentation\">accro\u00eetre<\/span> <span dir=\"ltr\" role=\"presentation\">les<\/span> <span dir=\"ltr\" role=\"presentation\">surfaces <\/span><span dir=\"ltr\" role=\"presentation\">constructibles<\/span> <span dir=\"ltr\" role=\"presentation\">dans<\/span> <span dir=\"ltr\" role=\"presentation\">cette<\/span> <span dir=\"ltr\" role=\"presentation\">zone.<\/span> <span dir=\"ltr\" role=\"presentation\">Donc,<\/span> <span dir=\"ltr\" role=\"presentation\">toujours<\/span> <span dir=\"ltr\" role=\"presentation\">plus<\/span> <span dir=\"ltr\" role=\"presentation\">de<\/span> <span dir=\"ltr\" role=\"presentation\">b\u00e9ton.<\/span><br role=\"presentation\" \/><span dir=\"ltr\" role=\"presentation\">La<\/span> <span dir=\"ltr\" role=\"presentation\">ficelle<\/span> <span dir=\"ltr\" role=\"presentation\">est<\/span> <span dir=\"ltr\" role=\"presentation\">un<\/span> <span dir=\"ltr\" role=\"presentation\">peu<\/span> <span dir=\"ltr\" role=\"presentation\">grosse.<\/span><br role=\"presentation\" \/><span dir=\"ltr\" role=\"presentation\">Encore<\/span> <span dir=\"ltr\" role=\"presentation\">un<\/span> <span dir=\"ltr\" role=\"presentation\">cadeau<\/span> <span dir=\"ltr\" role=\"presentation\">pour<\/span> <span dir=\"ltr\" role=\"presentation\">le<\/span> <span dir=\"ltr\" role=\"presentation\">futur<\/span> <span dir=\"ltr\" role=\"presentation\">promoteur<\/span> <span dir=\"ltr\" role=\"presentation\">et<\/span> <span dir=\"ltr\" role=\"presentation\">les<\/span> <span dir=\"ltr\" role=\"presentation\">heureux<\/span> <span dir=\"ltr\" role=\"presentation\">v<\/span><span dir=\"ltr\" role=\"presentation\">endeurs<\/span> <span dir=\"ltr\" role=\"presentation\">des<\/span> <span dir=\"ltr\" role=\"presentation\">parcelles<\/span><br role=\"presentation\" \/><span dir=\"ltr\" role=\"presentation\">Accorder<\/span> <span dir=\"ltr\" role=\"presentation\">aux<\/span> <span dir=\"ltr\" role=\"presentation\">futures<\/span> <span dir=\"ltr\" role=\"presentation\">constructions<\/span> <span dir=\"ltr\" role=\"presentation\">un<\/span> <span dir=\"ltr\" role=\"presentation\">alignement<\/span> <span dir=\"ltr\" role=\"presentation\">sur<\/span> <span dir=\"ltr\" role=\"presentation\">la<\/span> <span dir=\"ltr\" role=\"presentation\">voie<\/span> <span dir=\"ltr\" role=\"presentation\">publique,<\/span> <span dir=\"ltr\" role=\"presentation\">les<\/span> <span dir=\"ltr\" role=\"presentation\">affranchissant<\/span> <span dir=\"ltr\" role=\"presentation\">des<\/span> <span dir=\"ltr\" role=\"presentation\">3<\/span> <span dir=\"ltr\" role=\"presentation\">m <\/span><span dir=\"ltr\" role=\"presentation\">de<\/span> <span dir=\"ltr\" role=\"presentation\">recul<\/span> <span dir=\"ltr\" role=\"presentation\">r\u00e8glementaires<\/span> <span dir=\"ltr\" role=\"presentation\">jusqu\u2019alors<\/span> <span dir=\"ltr\" role=\"presentation\">impos\u00e9s<\/span> <span dir=\"ltr\" role=\"presentation\">\u00e0<\/span> <span dir=\"ltr\" role=\"presentation\">tous<\/span> <span dir=\"ltr\" role=\"presentation\">les<\/span> <span dir=\"ltr\" role=\"presentation\">montesquivains<\/span> <span dir=\"ltr\" role=\"presentation\">des<\/span> <span dir=\"ltr\" role=\"presentation\">quartiers <\/span><span dir=\"ltr\" role=\"presentation\">pavillonnaires,<\/span> <span dir=\"ltr\" role=\"presentation\">c\u2019est<\/span> <span dir=\"ltr\" role=\"presentation\">par<\/span> <span dir=\"ltr\" role=\"presentation\">voie<\/span> <span dir=\"ltr\" role=\"presentation\">de<\/span> <span dir=\"ltr\" role=\"presentation\">cons\u00e9quence<\/span> <span dir=\"ltr\" role=\"presentation\">per<\/span><span dir=\"ltr\" role=\"presentation\">mettre<\/span> <span dir=\"ltr\" role=\"presentation\">d\u2019artificialiser<\/span> <span dir=\"ltr\" role=\"presentation\">pour<\/span> <span dir=\"ltr\" role=\"presentation\">chaque<\/span> <span dir=\"ltr\" role=\"presentation\">parcelle<\/span> <span dir=\"ltr\" role=\"presentation\">une<\/span><br role=\"presentation\" \/><span dir=\"ltr\" role=\"presentation\">bande<\/span> <span dir=\"ltr\" role=\"presentation\">de<\/span> <span dir=\"ltr\" role=\"presentation\">40<\/span> <span dir=\"ltr\" role=\"presentation\">m<\/span><span dir=\"ltr\" role=\"presentation\">2<\/span> <span dir=\"ltr\" role=\"presentation\">suppl\u00e9mentaires.<\/span><br role=\"presentation\" \/><span dir=\"ltr\" role=\"presentation\">Adieu<\/span> <span dir=\"ltr\" role=\"presentation\">le<\/span> <span dir=\"ltr\" role=\"presentation\">jardin,<\/span> <span dir=\"ltr\" role=\"presentation\">adieu<\/span> <span dir=\"ltr\" role=\"presentation\">la<\/span> <span dir=\"ltr\" role=\"presentation\">terre<\/span> <span dir=\"ltr\" role=\"presentation\">qui<\/span> <span dir=\"ltr\" role=\"presentation\">absorbe<\/span> <span dir=\"ltr\" role=\"presentation\">les<\/span> <span dir=\"ltr\" role=\"presentation\">pluies<\/span> <span dir=\"ltr\" role=\"presentation\">et<\/span> <span dir=\"ltr\" role=\"presentation\">bonjour<\/span> <span dir=\"ltr\" role=\"presentation\">le<\/span> <span dir=\"ltr\" role=\"presentation\">b\u00e9ton<\/span> <span dir=\"ltr\" role=\"presentation\">!<\/span><br role=\"presentation\" \/><span dir=\"ltr\" role=\"presentation\">L\u2019association<\/span> <span dir=\"ltr\" role=\"presentation\">SETA<\/span> <span dir=\"ltr\" role=\"presentation\">saisira<\/span> <span dir=\"ltr\" role=\"presentation\">le<\/span> <span dir=\"ltr\" role=\"presentation\">moment<\/span> <span dir=\"ltr\" role=\"presentation\">de<\/span> <span dir=\"ltr\" role=\"presentation\">cette<\/span> <span dir=\"ltr\" role=\"presentation\">consultation<\/span> <span dir=\"ltr\" role=\"presentation\">pour<\/span> <span dir=\"ltr\" role=\"presentation\">rappeler<\/span> <span dir=\"ltr\" role=\"presentation\">que<\/span> <span dir=\"ltr\" role=\"presentation\">le<\/span> <span dir=\"ltr\" role=\"presentation\">projet<\/span> <span dir=\"ltr\" role=\"presentation\">de <\/span><span dir=\"ltr\" role=\"presentation\">loti<\/span><span dir=\"ltr\" role=\"presentation\">ssement<\/span> <span dir=\"ltr\" role=\"presentation\">des<\/span> <span dir=\"ltr\" role=\"presentation\">Famades<\/span> <span dir=\"ltr\" role=\"presentation\">pour<\/span> <span dir=\"ltr\" role=\"presentation\">lequel<\/span> <span dir=\"ltr\" role=\"presentation\">Madame<\/span> <span dir=\"ltr\" role=\"presentation\">le<\/span> <span dir=\"ltr\" role=\"presentation\">Maire<\/span> <span dir=\"ltr\" role=\"presentation\">se<\/span> <span dir=\"ltr\" role=\"presentation\">d\u00e9m\u00e8ne<\/span> <span dir=\"ltr\" role=\"presentation\">sans<\/span> <span dir=\"ltr\" role=\"presentation\">compter<\/span> <span dir=\"ltr\" role=\"presentation\">(n\u2019a<\/span><span dir=\"ltr\" role=\"presentation\">&#8211;<\/span><span dir=\"ltr\" role=\"presentation\">t<\/span><span dir=\"ltr\" role=\"presentation\">&#8211;<\/span><span dir=\"ltr\" role=\"presentation\">elle<\/span> <span dir=\"ltr\" role=\"presentation\">pas <\/span><span dir=\"ltr\" role=\"presentation\">avou\u00e9<\/span> <span dir=\"ltr\" role=\"presentation\">lors<\/span> <span dir=\"ltr\" role=\"presentation\">du<\/span> <span dir=\"ltr\" role=\"presentation\">dernier<\/span> <span dir=\"ltr\" role=\"presentation\">conseil<\/span> <span dir=\"ltr\" role=\"presentation\">municipal<\/span> <span dir=\"ltr\" role=\"presentation\">s\u2019\u00eatre<\/span> <span dir=\"ltr\" role=\"presentation\">rendue<\/span> <span dir=\"ltr\" role=\"presentation\">sur<\/span> <span dir=\"ltr\" role=\"presentation\">les<\/span> <span dir=\"ltr\" role=\"presentation\">lieux<\/span> <span dir=\"ltr\" role=\"presentation\">avec<\/span> <span dir=\"ltr\" role=\"presentation\">le<\/span> <span dir=\"ltr\" role=\"presentation\">g\u00e9om\u00e8tre)<\/span> <span dir=\"ltr\" role=\"presentation\">est<\/span> <span dir=\"ltr\" role=\"presentation\">un<\/span> <span dir=\"ltr\" role=\"presentation\">projet<\/span><br role=\"presentation\" \/><span dir=\"ltr\" role=\"presentation\">insens\u00e9<\/span> <span dir=\"ltr\" role=\"presentation\">car<\/span> <span dir=\"ltr\" role=\"presentation\">il<\/span> <span dir=\"ltr\" role=\"presentation\">s\u2019inscrit<\/span> <span dir=\"ltr\" role=\"presentation\">dans<\/span> <span dir=\"ltr\" role=\"presentation\">une<\/span> <span dir=\"ltr\" role=\"presentation\">zone<\/span> <span dir=\"ltr\" role=\"presentation\">pr\u00e9sentant<\/span> <span dir=\"ltr\" role=\"presentation\">de<\/span> <span dir=\"ltr\" role=\"presentation\">nombreux<\/span> <span dir=\"ltr\" role=\"presentation\">risque<\/span><span dir=\"ltr\" role=\"presentation\">s<\/span> <span dir=\"ltr\" role=\"presentation\">(inondations,<\/span> <span dir=\"ltr\" role=\"presentation\">glissement<\/span> <span dir=\"ltr\" role=\"presentation\">de <\/span><span dir=\"ltr\" role=\"presentation\">terrain,<\/span> <span dir=\"ltr\" role=\"presentation\">incendie)<\/span><br role=\"presentation\" \/><span dir=\"ltr\" role=\"presentation\">De<\/span> <span dir=\"ltr\" role=\"presentation\">plus,<\/span> <span dir=\"ltr\" role=\"presentation\">les<\/span> <span dir=\"ltr\" role=\"presentation\">Famades<\/span> <span dir=\"ltr\" role=\"presentation\">repr\u00e9sentent<\/span> <span dir=\"ltr\" role=\"presentation\">un<\/span> <span dir=\"ltr\" role=\"presentation\">patrimoine<\/span> <span dir=\"ltr\" role=\"presentation\">naturel<\/span> <span dir=\"ltr\" role=\"presentation\">et<\/span> <span dir=\"ltr\" role=\"presentation\">architectural<\/span> <span dir=\"ltr\" role=\"presentation\">remarquable.<\/span><br role=\"presentation\" \/><span dir=\"ltr\" role=\"presentation\">Le<\/span> <span dir=\"ltr\" role=\"presentation\">CAUE(<\/span> <span dir=\"ltr\" role=\"presentation\">Conseil<\/span> <span dir=\"ltr\" role=\"presentation\">en<\/span> <span dir=\"ltr\" role=\"presentation\">Architecture,<\/span> <span dir=\"ltr\" role=\"presentation\">Urbanisme<\/span> <span dir=\"ltr\" role=\"presentation\">et<\/span> <span dir=\"ltr\" role=\"presentation\">Environnement)<\/span> <span dir=\"ltr\" role=\"presentation\">du<\/span> <span dir=\"ltr\" role=\"presentation\">d\u00e9partement<\/span> <span dir=\"ltr\" role=\"presentation\">avait<\/span> <span dir=\"ltr\" role=\"presentation\">d\u2019ailleurs <\/span><span dir=\"ltr\" role=\"presentation\">conduit<\/span> <span dir=\"ltr\" role=\"presentation\">une<\/span> <span dir=\"ltr\" role=\"presentation\">\u00e9tude<\/span> <span dir=\"ltr\" role=\"presentation\">en<\/span> <span dir=\"ltr\" role=\"presentation\">2004<\/span> <span dir=\"ltr\" role=\"presentation\">pour<\/span> <span dir=\"ltr\" role=\"presentation\">y<\/span> <span dir=\"ltr\" role=\"presentation\">d\u00e9velopper<\/span> <span dir=\"ltr\" role=\"presentation\">un<\/span> <span dir=\"ltr\" role=\"presentation\">projet<\/span> <span dir=\"ltr\" role=\"presentation\">p\u00e9dagogique<\/span> <span dir=\"ltr\" role=\"presentation\">autour<\/span> <span dir=\"ltr\" role=\"presentation\">du<\/span> <span dir=\"ltr\" role=\"presentation\">parcours<\/span> <span dir=\"ltr\" role=\"presentation\">de <\/span><span dir=\"ltr\" role=\"presentation\">l\u2019eau,<\/span> <span dir=\"ltr\" role=\"presentation\">projet<\/span> <span dir=\"ltr\" role=\"presentation\">vite<\/span> <span dir=\"ltr\" role=\"presentation\">mis<\/span> <span dir=\"ltr\" role=\"presentation\">aux<\/span> <span dir=\"ltr\" role=\"presentation\">oubliettes<\/span> <span dir=\"ltr\" role=\"presentation\">par<\/span> <span dir=\"ltr\" role=\"presentation\">la<\/span> <span dir=\"ltr\" role=\"presentation\">nouvelle<\/span> <span dir=\"ltr\" role=\"presentation\">municipalit\u00e9<\/span> <span dir=\"ltr\" role=\"presentation\">PONS.<\/span><br role=\"presentation\" \/><span dir=\"ltr\" role=\"presentation\">En<\/span> <span dir=\"ltr\" role=\"presentation\">vertu<\/span> <span dir=\"ltr\" role=\"presentation\">de<\/span> <span dir=\"ltr\" role=\"presentation\">l\u2019article<\/span> <span dir=\"ltr\" role=\"presentation\">151<\/span><span dir=\"ltr\" role=\"presentation\">&#8211;<\/span><span dir=\"ltr\" role=\"presentation\">19<\/span> <span dir=\"ltr\" role=\"presentation\">du<\/span> <span dir=\"ltr\" role=\"presentation\">code<\/span> <span dir=\"ltr\" role=\"presentation\">de<\/span> <span dir=\"ltr\" role=\"presentation\">l\u2019urbanisme,<\/span> <span dir=\"ltr\" role=\"presentation\">nous<\/span> <span dir=\"ltr\" role=\"presentation\">attendons<\/span> <span dir=\"ltr\" role=\"presentation\">toujours<\/span> <span dir=\"ltr\" role=\"presentation\">la<\/span> <span dir=\"ltr\" role=\"presentation\">protection <\/span><span dir=\"ltr\" role=\"presentation\">juridique<\/span> <span dir=\"ltr\" role=\"presentation\">des<\/span> <span dir=\"ltr\" role=\"presentation\">murets<\/span> <span dir=\"ltr\" role=\"presentation\">et<\/span> <span dir=\"ltr\" role=\"presentation\">r\u00e9s<\/span><span dir=\"ltr\" role=\"presentation\">eaux<\/span> <span dir=\"ltr\" role=\"presentation\">d\u2019irrigation<\/span> <span dir=\"ltr\" role=\"presentation\">qui<\/span> <span dir=\"ltr\" role=\"presentation\">sillonnent<\/span> <span dir=\"ltr\" role=\"presentation\">la<\/span> <span dir=\"ltr\" role=\"presentation\">zone,<\/span> <span dir=\"ltr\" role=\"presentation\">mesure<\/span> <span dir=\"ltr\" role=\"presentation\">pr\u00e9conis\u00e9e<\/span> <span dir=\"ltr\" role=\"presentation\">par<\/span> <span dir=\"ltr\" role=\"presentation\">le <\/span><span dir=\"ltr\" role=\"presentation\">commissaire<\/span> <span dir=\"ltr\" role=\"presentation\">enqu\u00eateur<\/span> <span dir=\"ltr\" role=\"presentation\">dans<\/span> <span dir=\"ltr\" role=\"presentation\">son<\/span> <span dir=\"ltr\" role=\"presentation\">rapport<\/span> <span dir=\"ltr\" role=\"presentation\">en<\/span> <span dir=\"ltr\" role=\"presentation\">2018.<\/span><br role=\"presentation\" \/><span dir=\"ltr\" role=\"presentation\">Il<\/span> <span dir=\"ltr\" role=\"presentation\">est<\/span> <span dir=\"ltr\" role=\"presentation\">vrai<\/span> <span dir=\"ltr\" role=\"presentation\">que<\/span> <span dir=\"ltr\" role=\"presentation\">la<\/span> <span dir=\"ltr\" role=\"presentation\">r\u00e9serve<\/span> <span dir=\"ltr\" role=\"presentation\">\u00e9mise<\/span> <span dir=\"ltr\" role=\"presentation\">par<\/span> <span dir=\"ltr\" role=\"presentation\">le<\/span> <span dir=\"ltr\" role=\"presentation\">commissaire<\/span> <span dir=\"ltr\" role=\"presentation\">sur<\/span> <span dir=\"ltr\" role=\"presentation\">la<\/span> <span dir=\"ltr\" role=\"presentation\">pr\u00e9servation<\/span> <span dir=\"ltr\" role=\"presentation\">de<\/span> <span dir=\"ltr\" role=\"presentation\">ce<\/span> <span dir=\"ltr\" role=\"presentation\">patrimoine<\/span> <span dir=\"ltr\" role=\"presentation\">b\u00e2ti<\/span> <span dir=\"ltr\" role=\"presentation\">est <\/span><span dir=\"ltr\" role=\"presentation\">tomb\u00e9e<\/span> <span dir=\"ltr\" role=\"presentation\">dans<\/span> <span dir=\"ltr\" role=\"presentation\">un<\/span> <span dir=\"ltr\" role=\"presentation\">trou<\/span> <span dir=\"ltr\" role=\"presentation\">noir<\/span> <span dir=\"ltr\" role=\"presentation\">lors<\/span> <span dir=\"ltr\" role=\"presentation\">du<\/span> <span dir=\"ltr\" role=\"presentation\">conseil<\/span> <span dir=\"ltr\" role=\"presentation\">municipal<\/span> <span dir=\"ltr\" role=\"presentation\">du<\/span> <span dir=\"ltr\" role=\"presentation\">6<\/span> <span dir=\"ltr\" role=\"presentation\">juin<\/span> <span dir=\"ltr\" role=\"presentation\">2019<\/span> <span dir=\"ltr\" role=\"presentation\">qui<\/span> <span dir=\"ltr\" role=\"presentation\">a<\/span> <span dir=\"ltr\" role=\"presentation\">vite<\/span> <span dir=\"ltr\" role=\"presentation\">fait<\/span> <span dir=\"ltr\" role=\"presentation\">d\u2019approuver<\/span> <span dir=\"ltr\" role=\"presentation\">le <\/span><span dir=\"ltr\" role=\"presentation\">PLU<\/span> <span dir=\"ltr\" role=\"presentation\">en<\/span> <span dir=\"ltr\" role=\"presentation\">enterrant<\/span> <span dir=\"ltr\" role=\"presentation\">le<\/span> <span dir=\"ltr\" role=\"presentation\">sujet<\/span><span dir=\"ltr\" role=\"presentation\">.<\/span> <span dir=\"ltr\" role=\"presentation\">Le<\/span> <span dir=\"ltr\" role=\"presentation\">pr\u00e9fet<\/span> <span dir=\"ltr\" role=\"presentation\">de<\/span> <span dir=\"ltr\" role=\"presentation\">l\u2019\u00e9poque<\/span> <span dir=\"ltr\" role=\"presentation\">n\u2019a<\/span> <span dir=\"ltr\" role=\"presentation\">pu<\/span> <span dir=\"ltr\" role=\"presentation\">prendre<\/span> <span dir=\"ltr\" role=\"presentation\">connaissance<\/span> <span dir=\"ltr\" role=\"presentation\">de<\/span> <span dir=\"ltr\" role=\"presentation\">ladite<\/span> <span dir=\"ltr\" role=\"presentation\">r\u00e9serve <\/span><span dir=\"ltr\" role=\"presentation\">puisqu\u2019elle<\/span> <span dir=\"ltr\" role=\"presentation\">a<\/span> <span dir=\"ltr\" role=\"presentation\">\u00e9t\u00e9<\/span> <span dir=\"ltr\" role=\"presentation\">\u00ab<\/span> <span dir=\"ltr\" role=\"presentation\">oubli\u00e9e<\/span> <span dir=\"ltr\" role=\"presentation\">\u00bb<\/span> <span dir=\"ltr\" role=\"presentation\">dans<\/span> <span dir=\"ltr\" role=\"presentation\">la<\/span> <span dir=\"ltr\" role=\"presentation\">d\u00e9lib\u00e9ration<\/span> <span dir=\"ltr\" role=\"presentation\">transmise<\/span> <span dir=\"ltr\" role=\"presentation\">\u00e0<\/span> <span dir=\"ltr\" role=\"presentation\">l\u2019autorit\u00e9<\/span> <span dir=\"ltr\" role=\"presentation\">pr\u00e9fectorale.<\/span><strong> <span dir=\"ltr\" role=\"presentation\">Pas<\/span> <span dir=\"ltr\" role=\"presentation\">de <\/span><span dir=\"ltr\" role=\"presentation\">chance<\/span><span dir=\"ltr\" role=\"presentation\">,<\/span> <span dir=\"ltr\" role=\"presentation\">vraiment<\/span> <span dir=\"ltr\" role=\"presentation\">!<\/span><\/strong><br role=\"presentation\" \/><span dir=\"ltr\" role=\"presentation\">L\u2019association<\/span> <span dir=\"ltr\" role=\"presentation\">SETA<\/span> <span dir=\"ltr\" role=\"presentation\">tiendra<\/span> <span dir=\"ltr\" role=\"presentation\">des<\/span> <span dir=\"ltr\" role=\"presentation\">permanences<\/span> <span dir=\"ltr\" role=\"presentation\">aux<\/span> <span dir=\"ltr\" role=\"presentation\">jours<\/span> <span dir=\"ltr\" role=\"presentation\">et<\/span> <span dir=\"ltr\" role=\"presentation\">heures<\/span> <span dir=\"ltr\" role=\"presentation\">de<\/span> <span dir=\"ltr\" role=\"presentation\">fermeture<\/span> <span dir=\"ltr\" role=\"presentation\">de<\/span> <span dir=\"ltr\" role=\"presentation\">la<\/span> <span dir=\"ltr\" role=\"presentation\">mairie<\/span> <span dir=\"ltr\" role=\"presentation\">et<\/span> <span dir=\"ltr\" role=\"presentation\">en <\/span><span dir=\"ltr\" role=\"presentation\">soir\u00e9e<\/span> <span dir=\"ltr\" role=\"presentation\">pour<\/span> <span dir=\"ltr\" role=\"presentation\">permettre<\/span> <span dir=\"ltr\" role=\"presentation\">\u00e0<\/span> <span dir=\"ltr\" role=\"presentation\">chacun<\/span> <span dir=\"ltr\" role=\"presentation\">de<\/span> <span dir=\"ltr\" role=\"presentation\">se<\/span> <span dir=\"ltr\" role=\"presentation\">faire<\/span> <span dir=\"ltr\" role=\"presentation\">une<\/span> <span dir=\"ltr\" role=\"presentation\">id\u00e9e<\/span> <span dir=\"ltr\" role=\"presentation\">sur<\/span> <span dir=\"ltr\" role=\"presentation\">ce<\/span> <span dir=\"ltr\" role=\"presentation\">dossier<\/span> <span dir=\"ltr\" role=\"presentation\">et<\/span> <span dir=\"ltr\" role=\"presentation\">de<\/span> <span dir=\"ltr\" role=\"presentation\">pouvoir<\/span> <span dir=\"ltr\" role=\"presentation\">en<\/span> <span dir=\"ltr\" role=\"presentation\">toute <\/span><span dir=\"ltr\" role=\"presentation\">connaissance<\/span> <span dir=\"ltr\" role=\"presentation\">des<\/span> <span dir=\"ltr\" role=\"presentation\">faits<\/span><span dir=\"ltr\" role=\"presentation\">,<\/span> <span dir=\"ltr\" role=\"presentation\">formuler<\/span> <span dir=\"ltr\" role=\"presentation\">ses<\/span> <span dir=\"ltr\" role=\"presentation\">observations.<\/span><br role=\"presentation\" \/><span dir=\"ltr\" role=\"presentation\">P<\/span><span dir=\"ltr\" role=\"presentation\">as<\/span> <span dir=\"ltr\" role=\"presentation\">besoin<\/span> <span dir=\"ltr\" role=\"presentation\">d\u2019\u00eatre<\/span> <span dir=\"ltr\" role=\"presentation\">Montesquivain<\/span> <span dir=\"ltr\" role=\"presentation\">pour<\/span> <span dir=\"ltr\" role=\"presentation\">donner<\/span> <span dir=\"ltr\" role=\"presentation\">son<\/span> <span dir=\"ltr\" role=\"presentation\">avis.<\/span> <span dir=\"ltr\" role=\"presentation\">Le<\/span> <span dir=\"ltr\" role=\"presentation\">devenir<\/span> <span dir=\"ltr\" role=\"presentation\">des<\/span> <span dir=\"ltr\" role=\"presentation\">Alb\u00e8res<\/span> <span dir=\"ltr\" role=\"presentation\">et<\/span> <span dir=\"ltr\" role=\"presentation\">de<\/span> <span dir=\"ltr\" role=\"presentation\">son <\/span><span dir=\"ltr\" role=\"presentation\">patrimoine<\/span> <span dir=\"ltr\" role=\"presentation\">est<\/span> <span dir=\"ltr\" role=\"presentation\">l\u2019affaire<\/span> <span dir=\"ltr\" role=\"presentation\">de<\/span> <span dir=\"ltr\" role=\"presentation\">tous.<\/span><br role=\"presentation\" \/><span dir=\"ltr\" role=\"presentation\">Permanences<\/span> <span dir=\"ltr\" role=\"presentation\">:<\/span><br role=\"presentation\" \/><span dir=\"ltr\" role=\"presentation\">Mercredi<\/span> <span dir=\"ltr\" role=\"presentation\">9<\/span> <span dir=\"ltr\" role=\"presentation\">et<\/span> <span dir=\"ltr\" role=\"presentation\">16<\/span> <span dir=\"ltr\" role=\"presentation\">novembre<\/span> <span dir=\"ltr\" role=\"presentation\">parking<\/span> <span dir=\"ltr\" role=\"presentation\">du<\/span> <span dir=\"ltr\" role=\"presentation\">foyer,<\/span> <span dir=\"ltr\" role=\"presentation\">rue<\/span> <span dir=\"ltr\" role=\"presentation\">de<\/span> <span dir=\"ltr\" role=\"presentation\">l\u2019ancienne<\/span> <span dir=\"ltr\" role=\"presentation\">poste,<\/span> <span dir=\"ltr\" role=\"presentation\">de<\/span> <span dir=\"ltr\" role=\"presentation\">16<\/span> <span dir=\"ltr\" role=\"presentation\">h<\/span> <span dir=\"ltr\" role=\"presentation\">\u00e0<\/span> <span dir=\"ltr\" role=\"presentation\">19<\/span> <span dir=\"ltr\" role=\"presentation\">h<\/span><br role=\"presentation\" \/><span dir=\"ltr\" role=\"presentation\">Samedi<\/span> <span dir=\"ltr\" role=\"presentation\">12<\/span> <span dir=\"ltr\" role=\"presentation\">et<\/span> <span dir=\"ltr\" role=\"presentation\">19<\/span> <span dir=\"ltr\" role=\"presentation\">novembre<\/span> <span dir=\"ltr\" role=\"presentation\">devant<\/span> <span dir=\"ltr\" role=\"presentation\">la<\/span> <span dir=\"ltr\" role=\"presentation\">salle<\/span> <span dir=\"ltr\" role=\"presentation\">Jean<\/span> <span dir=\"ltr\" role=\"presentation\">Thubert<\/span> <span dir=\"ltr\" role=\"presentation\">(face<\/span> <span dir=\"ltr\" role=\"presentation\">\u00e0<\/span> <span dir=\"ltr\" role=\"presentation\">la<\/span> <span dir=\"ltr\" role=\"presentation\">mairie)<\/span> <span dir=\"ltr\" role=\"presentation\">de<\/span> <span dir=\"ltr\" role=\"presentation\">10<\/span> <span dir=\"ltr\" role=\"presentation\">h<\/span> <span dir=\"ltr\" role=\"presentation\">\u00e0<\/span> <span dir=\"ltr\" role=\"presentation\">12<\/span> <span dir=\"ltr\" role=\"presentation\">h<\/span><br role=\"presentation\" \/><span dir=\"ltr\" role=\"presentation\">Mercredi<\/span> <span dir=\"ltr\" role=\"presentation\">23<\/span> <span dir=\"ltr\" role=\"presentation\">novembre<\/span> <span dir=\"ltr\" role=\"presentation\">au<\/span> <span dir=\"ltr\" role=\"presentation\">foyer<\/span> <span dir=\"ltr\" role=\"presentation\">\u00e0<\/span> <span dir=\"ltr\" role=\"presentation\">partir<\/span> <span dir=\"ltr\" role=\"presentation\">de<\/span> <span dir=\"ltr\" role=\"presentation\">18<\/span> <span dir=\"ltr\" role=\"presentation\">h<\/span> <span dir=\"ltr\" role=\"presentation\">autour<\/span> <span dir=\"ltr\" role=\"presentation\">d\u2019un<\/span> <span dir=\"ltr\" role=\"presentation\">ap\u00e9ritif<\/span> <span dir=\"ltr\" role=\"presentation\">ch\u00e2taignes<\/span> <span dir=\"ltr\" role=\"presentation\">et<\/span> <span dir=\"ltr\" role=\"presentation\">vin<\/span> <span dir=\"ltr\" role=\"presentation\">nouveau.<\/span><br role=\"presentation\" \/><span dir=\"ltr\" role=\"presentation\">S<\/span><span dir=\"ltr\" role=\"presentation\">auvegarde<\/span> <span dir=\"ltr\" role=\"presentation\">de<\/span> <span dir=\"ltr\" role=\"presentation\">l&rsquo;<\/span><span dir=\"ltr\" role=\"presentation\">E<\/span><span dir=\"ltr\" role=\"presentation\">nvironnement<\/span> <span dir=\"ltr\" role=\"presentation\">du<\/span> <span dir=\"ltr\" role=\"presentation\">T<\/span><span dir=\"ltr\" role=\"presentation\">ech<\/span> <span dir=\"ltr\" role=\"presentation\">et<\/span> <span dir=\"ltr\" role=\"presentation\">des<\/span> <span dir=\"ltr\" role=\"presentation\">A<\/span><span dir=\"ltr\" role=\"presentation\">lb\u00e8res<\/span><br role=\"presentation\" \/><span dir=\"ltr\" role=\"presentation\">courriel<\/span> <span dir=\"ltr\" role=\"presentation\">:<\/span><br role=\"presentation\" \/><span dir=\"ltr\" role=\"presentation\">seta66740@gmail.com<\/span> <span dir=\"ltr\" role=\"presentation\">Tel<\/span> <span dir=\"ltr\" role=\"presentation\">:<\/span> <span dir=\"ltr\" role=\"presentation\">07<\/span> <span dir=\"ltr\" role=\"presentation\">69<\/span> <span dir=\"ltr\" role=\"presentation\">95<\/span> <span dir=\"ltr\" role=\"presentation\">50<\/span> <span dir=\"ltr\" role=\"presentation\">76<\/span> \u00a0 <span dir=\"ltr\" role=\"presentation\">Site<\/span> <span dir=\"ltr\" role=\"presentation\">Web<\/span> <span dir=\"ltr\" role=\"presentation\">:<\/span><a href=\"https:\/\/seta66.com\/\"> <span dir=\"ltr\" role=\"presentation\">https:\/\/seta66.com\/<\/span><\/a><br role=\"presentation\" \/><a href=\"https:\/\/www.change.org\/p\/ne-laissons-pas-b\u00e9tonner-le-massif-des-alb\u00e8res-\u00e0-montesquieu\"><span dir=\"ltr\" role=\"presentation\">Signez<\/span> <span dir=\"ltr\" role=\"presentation\">la<\/span> <span dir=\"ltr\" role=\"presentation\">p\u00e9tition<\/span> <span dir=\"ltr\" role=\"presentation\">:<\/span><\/a><\/p>\t\t\t\t\t\t\t\t<\/div>\n\t\t\t\t<\/div>\n\t\t\t\t\t<\/div>\n\t\t<\/div>\n\t\t\t\t\t<\/div>\n\t\t<\/section>\n\t\t\t\t<section class=\"elementor-section elementor-top-section elementor-element elementor-element-8e98c2d elementor-section-boxed elementor-section-height-default elementor-section-height-default\" data-id=\"8e98c2d\" data-element_type=\"section\" data-e-type=\"section\">\n\t\t\t\t\t\t<div class=\"elementor-container elementor-column-gap-default\">\n\t\t\t\t\t<div class=\"elementor-column elementor-col-100 elementor-top-column elementor-element elementor-element-cd93969\" data-id=\"cd93969\" data-element_type=\"column\" data-e-type=\"column\">\n\t\t\t<div class=\"elementor-widget-wrap elementor-element-populated\">\n\t\t\t\t\t\t<div class=\"elementor-element elementor-element-85671c0 elementor-widget elementor-widget-text-editor\" data-id=\"85671c0\" data-element_type=\"widget\" data-e-type=\"widget\" data-widget_type=\"text-editor.default\">\n\t\t\t\t<div class=\"elementor-widget-container\">\n\t\t\t\t\t\t\t\t\t<h1>Montesquieu-des-Alb\u00e8res : la mobilisation s&rsquo;intensifie contre le projet d&rsquo;urbanisation des Famades, la maire d\u00e9ment l&rsquo;op\u00e9ration.<\/h1><div>L&rsquo;independant 30\/10\/2022\u00a0<p>V\u00e9ronique Parayre<\/p><\/div>\t\t\t\t\t\t\t\t<\/div>\n\t\t\t\t<\/div>\n\t\t\t\t\t<\/div>\n\t\t<\/div>\n\t\t\t\t\t<\/div>\n\t\t<\/section>\n\t\t\t\t<section class=\"elementor-section elementor-top-section elementor-element elementor-element-7079004 elementor-section-boxed elementor-section-height-default elementor-section-height-default\" data-id=\"7079004\" data-element_type=\"section\" data-e-type=\"section\">\n\t\t\t\t\t\t<div class=\"elementor-container elementor-column-gap-default\">\n\t\t\t\t\t<div class=\"elementor-column elementor-col-100 elementor-top-column elementor-element elementor-element-e9749c1\" data-id=\"e9749c1\" data-element_type=\"column\" data-e-type=\"column\">\n\t\t\t<div class=\"elementor-widget-wrap elementor-element-populated\">\n\t\t\t\t\t\t<div class=\"elementor-element elementor-element-d331082 elementor-widget elementor-widget-text-editor\" data-id=\"d331082\" data-element_type=\"widget\" data-e-type=\"widget\" data-widget_type=\"text-editor.default\">\n\t\t\t\t<div class=\"elementor-widget-container\">\n\t\t\t\t\t\t\t\t\t<p><!-- [if gte mso 9]><xml><br \/> <o:OfficeDocumentSettings><br \/>  <o:AllowPNG\/><br \/> <\/o:OfficeDocumentSettings><br \/><\/xml><![endif]--><!-- [if gte mso 9]><xml><br \/> <w:WordDocument><br \/>  <w:View>Normal<\/w:View><br \/>  <w:Zoom>0<\/w:Zoom><br \/>  <w:TrackMoves\/><br \/>  <w:TrackFormatting\/><br \/>  <w:HyphenationZone>21<\/w:HyphenationZone><br \/>  <w:PunctuationKerning\/><br \/>  <w:ValidateAgainstSchemas\/><br \/>  <w:SaveIfXMLInvalid>false<\/w:SaveIfXMLInvalid><br \/>  <w:IgnoreMixedContent>false<\/w:IgnoreMixedContent><br \/>  <w:AlwaysShowPlaceholderText>false<\/w:AlwaysShowPlaceholderText><br \/>  <w:DoNotPromoteQF\/><br \/>  <w:LidThemeOther>FR<\/w:LidThemeOther><br \/>  <w:LidThemeAsian>X-NONE<\/w:LidThemeAsian><br \/>  <w:LidThemeComplexScript>X-NONE<\/w:LidThemeComplexScript><br \/>  <w:Compatibility><br \/>   <w:BreakWrappedTables\/><br \/>   <w:SnapToGridInCell\/><br \/>   <w:WrapTextWithPunct\/><br \/>   <w:UseAsianBreakRules\/><br \/>   <w:DontGrowAutofit\/><br \/>   <w:SplitPgBreakAndParaMark\/><br \/>   <w:EnableOpenTypeKerning\/><br \/>   <w:DontFlipMirrorIndents\/><br \/>   <w:OverrideTableStyleHps\/><br \/>  <\/w:Compatibility><br \/>  <m:mathPr><br \/>   <m:mathFont m:val=\"Cambria Math\"\/><br \/>   <m:brkBin m:val=\"before\"\/><br \/>   <m:brkBinSub m:val=\"&#45;-\"\/><br \/>   <m:smallFrac m:val=\"off\"\/><br \/>   <m:dispDef\/><br \/>   <m:lMargin m:val=\"0\"\/><br \/>   <m:rMargin m:val=\"0\"\/><br \/>   <m:defJc m:val=\"centerGroup\"\/><br \/>   <m:wrapIndent m:val=\"1440\"\/><br \/>   <m:intLim m:val=\"subSup\"\/><br \/>   <m:naryLim m:val=\"undOvr\"\/><br \/>  <\/m:mathPr><\/w:WordDocument><br \/><\/xml><![endif]--><!-- [if gte mso 9]><xml><br \/> <w:LatentStyles DefLockedState=\"false\" DefUnhideWhenUsed=\"true\" DefSemiHidden=\"true\" DefQFormat=\"false\" DefPriority=\"99\" LatentStyleCount=\"267\"><br \/>  <w:LsdException Locked=\"false\" Priority=\"0\" SemiHidden=\"false\" UnhideWhenUsed=\"false\" QFormat=\"true\" Name=\"Normal\"\/><br \/>  <w:LsdException Locked=\"false\" Priority=\"9\" SemiHidden=\"false\" UnhideWhenUsed=\"false\" QFormat=\"true\" Name=\"heading 1\"\/><br \/>  <w:LsdException Locked=\"false\" Priority=\"9\" QFormat=\"true\" Name=\"heading 2\"\/><br \/>  <w:LsdException Locked=\"false\" Priority=\"9\" QFormat=\"true\" Name=\"heading 3\"\/><br \/>  <w:LsdException Locked=\"false\" Priority=\"9\" QFormat=\"true\" Name=\"heading 4\"\/><br \/>  <w:LsdException Locked=\"false\" Priority=\"9\" QFormat=\"true\" Name=\"heading 5\"\/><br \/>  <w:LsdException Locked=\"false\" Priority=\"9\" QFormat=\"true\" Name=\"heading 6\"\/><br \/>  <w:LsdException Locked=\"false\" Priority=\"9\" QFormat=\"true\" Name=\"heading 7\"\/><br \/>  <w:LsdException Locked=\"false\" Priority=\"9\" QFormat=\"true\" Name=\"heading 8\"\/><br \/>  <w:LsdException Locked=\"false\" Priority=\"9\" QFormat=\"true\" Name=\"heading 9\"\/><br \/>  <w:LsdException Locked=\"false\" Priority=\"39\" Name=\"toc 1\"\/><br \/>  <w:LsdException Locked=\"false\" Priority=\"39\" Name=\"toc 2\"\/><br \/>  <w:LsdException Locked=\"false\" Priority=\"39\" Name=\"toc 3\"\/><br \/>  <w:LsdException Locked=\"false\" Priority=\"39\" Name=\"toc 4\"\/><br \/>  <w:LsdException Locked=\"false\" Priority=\"39\" Name=\"toc 5\"\/><br \/>  <w:LsdException Locked=\"false\" Priority=\"39\" Name=\"toc 6\"\/><br \/>  <w:LsdException Locked=\"false\" Priority=\"39\" Name=\"toc 7\"\/><br \/>  <w:LsdException Locked=\"false\" Priority=\"39\" Name=\"toc 8\"\/><br \/>  <w:LsdException Locked=\"false\" Priority=\"39\" Name=\"toc 9\"\/><br \/>  <w:LsdException Locked=\"false\" Priority=\"35\" QFormat=\"true\" Name=\"caption\"\/><br \/>  <w:LsdException Locked=\"false\" Priority=\"10\" SemiHidden=\"false\" UnhideWhenUsed=\"false\" QFormat=\"true\" Name=\"Title\"\/><br \/>  <w:LsdException Locked=\"false\" Priority=\"1\" Name=\"Default Paragraph Font\"\/><br \/>  <w:LsdException Locked=\"false\" Priority=\"11\" SemiHidden=\"false\" UnhideWhenUsed=\"false\" QFormat=\"true\" Name=\"Subtitle\"\/><br \/>  <w:LsdException Locked=\"false\" Priority=\"22\" SemiHidden=\"false\" UnhideWhenUsed=\"false\" QFormat=\"true\" Name=\"Strong\"\/><br \/>  <w:LsdException Locked=\"false\" Priority=\"20\" SemiHidden=\"false\" UnhideWhenUsed=\"false\" QFormat=\"true\" Name=\"Emphasis\"\/><br \/>  <w:LsdException Locked=\"false\" Priority=\"59\" SemiHidden=\"false\" UnhideWhenUsed=\"false\" Name=\"Table Grid\"\/><br \/>  <w:LsdException Locked=\"false\" UnhideWhenUsed=\"false\" Name=\"Placeholder Text\"\/><br \/>  <w:LsdException Locked=\"false\" Priority=\"1\" SemiHidden=\"false\" UnhideWhenUsed=\"false\" QFormat=\"true\" Name=\"No Spacing\"\/><br \/>  <w:LsdException Locked=\"false\" Priority=\"60\" SemiHidden=\"false\" UnhideWhenUsed=\"false\" Name=\"Light Shading\"\/><br \/>  <w:LsdException Locked=\"false\" Priority=\"61\" SemiHidden=\"false\" UnhideWhenUsed=\"false\" Name=\"Light List\"\/><br \/>  <w:LsdException Locked=\"false\" Priority=\"62\" SemiHidden=\"false\" UnhideWhenUsed=\"false\" Name=\"Light Grid\"\/><br \/>  <w:LsdException Locked=\"false\" Priority=\"63\" SemiHidden=\"false\" UnhideWhenUsed=\"false\" Name=\"Medium Shading 1\"\/><br \/>  <w:LsdException Locked=\"false\" Priority=\"64\" SemiHidden=\"false\" UnhideWhenUsed=\"false\" Name=\"Medium Shading 2\"\/><br \/>  <w:LsdException Locked=\"false\" Priority=\"65\" SemiHidden=\"false\" UnhideWhenUsed=\"false\" Name=\"Medium List 1\"\/><br \/>  <w:LsdException Locked=\"false\" Priority=\"66\" SemiHidden=\"false\" UnhideWhenUsed=\"false\" Name=\"Medium List 2\"\/><br \/>  <w:LsdException Locked=\"false\" Priority=\"67\" SemiHidden=\"false\" UnhideWhenUsed=\"false\" Name=\"Medium Grid 1\"\/><br \/>  <w:LsdException Locked=\"false\" Priority=\"68\" SemiHidden=\"false\" UnhideWhenUsed=\"false\" Name=\"Medium Grid 2\"\/><br \/>  <w:LsdException Locked=\"false\" Priority=\"69\" SemiHidden=\"false\" UnhideWhenUsed=\"false\" Name=\"Medium Grid 3\"\/><br \/>  <w:LsdException Locked=\"false\" Priority=\"70\" SemiHidden=\"false\" UnhideWhenUsed=\"false\" Name=\"Dark List\"\/><br \/>  <w:LsdException Locked=\"false\" Priority=\"71\" SemiHidden=\"false\" UnhideWhenUsed=\"false\" Name=\"Colorful Shading\"\/><br \/>  <w:LsdException Locked=\"false\" Priority=\"72\" SemiHidden=\"false\" UnhideWhenUsed=\"false\" Name=\"Colorful List\"\/><br \/>  <w:LsdException Locked=\"false\" Priority=\"73\" SemiHidden=\"false\" UnhideWhenUsed=\"false\" Name=\"Colorful Grid\"\/><br \/>  <w:LsdException Locked=\"false\" Priority=\"60\" SemiHidden=\"false\" UnhideWhenUsed=\"false\" Name=\"Light Shading Accent 1\"\/><br \/>  <w:LsdException Locked=\"false\" Priority=\"61\" SemiHidden=\"false\" UnhideWhenUsed=\"false\" Name=\"Light List Accent 1\"\/><br \/>  <w:LsdException Locked=\"false\" Priority=\"62\" SemiHidden=\"false\" UnhideWhenUsed=\"false\" Name=\"Light Grid Accent 1\"\/><br \/>  <w:LsdException Locked=\"false\" Priority=\"63\" SemiHidden=\"false\" UnhideWhenUsed=\"false\" Name=\"Medium Shading 1 Accent 1\"\/><br \/>  <w:LsdException Locked=\"false\" Priority=\"64\" SemiHidden=\"false\" UnhideWhenUsed=\"false\" Name=\"Medium Shading 2 Accent 1\"\/><br \/>  <w:LsdException Locked=\"false\" Priority=\"65\" SemiHidden=\"false\" UnhideWhenUsed=\"false\" Name=\"Medium List 1 Accent 1\"\/><br \/>  <w:LsdException Locked=\"false\" UnhideWhenUsed=\"false\" Name=\"Revision\"\/><br \/>  <w:LsdException Locked=\"false\" Priority=\"34\" SemiHidden=\"false\" UnhideWhenUsed=\"false\" QFormat=\"true\" Name=\"List Paragraph\"\/><br \/>  <w:LsdException Locked=\"false\" Priority=\"29\" SemiHidden=\"false\" UnhideWhenUsed=\"false\" QFormat=\"true\" Name=\"Quote\"\/><br \/>  <w:LsdException Locked=\"false\" Priority=\"30\" SemiHidden=\"false\" UnhideWhenUsed=\"false\" QFormat=\"true\" Name=\"Intense Quote\"\/><br \/>  <w:LsdException Locked=\"false\" Priority=\"66\" SemiHidden=\"false\" UnhideWhenUsed=\"false\" Name=\"Medium List 2 Accent 1\"\/><br \/>  <w:LsdException Locked=\"false\" Priority=\"67\" SemiHidden=\"false\" UnhideWhenUsed=\"false\" Name=\"Medium Grid 1 Accent 1\"\/><br \/>  <w:LsdException Locked=\"false\" Priority=\"68\" SemiHidden=\"false\" UnhideWhenUsed=\"false\" Name=\"Medium Grid 2 Accent 1\"\/><br \/>  <w:LsdException Locked=\"false\" Priority=\"69\" SemiHidden=\"false\" UnhideWhenUsed=\"false\" Name=\"Medium Grid 3 Accent 1\"\/><br \/>  <w:LsdException Locked=\"false\" Priority=\"70\" SemiHidden=\"false\" UnhideWhenUsed=\"false\" Name=\"Dark List Accent 1\"\/><br \/>  <w:LsdException Locked=\"false\" Priority=\"71\" SemiHidden=\"false\" UnhideWhenUsed=\"false\" Name=\"Colorful Shading Accent 1\"\/><br \/>  <w:LsdException Locked=\"false\" Priority=\"72\" SemiHidden=\"false\" UnhideWhenUsed=\"false\" Name=\"Colorful List Accent 1\"\/><br \/>  <w:LsdException Locked=\"false\" Priority=\"73\" SemiHidden=\"false\" UnhideWhenUsed=\"false\" Name=\"Colorful Grid Accent 1\"\/><br \/>  <w:LsdException Locked=\"false\" Priority=\"60\" SemiHidden=\"false\" UnhideWhenUsed=\"false\" Name=\"Light Shading Accent 2\"\/><br \/>  <w:LsdException Locked=\"false\" Priority=\"61\" SemiHidden=\"false\" UnhideWhenUsed=\"false\" Name=\"Light List Accent 2\"\/><br \/>  <w:LsdException Locked=\"false\" Priority=\"62\" SemiHidden=\"false\" UnhideWhenUsed=\"false\" Name=\"Light Grid Accent 2\"\/><br \/>  <w:LsdException Locked=\"false\" Priority=\"63\" SemiHidden=\"false\" UnhideWhenUsed=\"false\" Name=\"Medium Shading 1 Accent 2\"\/><br \/>  <w:LsdException Locked=\"false\" Priority=\"64\" SemiHidden=\"false\" UnhideWhenUsed=\"false\" Name=\"Medium Shading 2 Accent 2\"\/><br \/>  <w:LsdException Locked=\"false\" Priority=\"65\" SemiHidden=\"false\" UnhideWhenUsed=\"false\" Name=\"Medium List 1 Accent 2\"\/><br \/>  <w:LsdException Locked=\"false\" Priority=\"66\" SemiHidden=\"false\" UnhideWhenUsed=\"false\" Name=\"Medium List 2 Accent 2\"\/><br \/>  <w:LsdException Locked=\"false\" Priority=\"67\" SemiHidden=\"false\" UnhideWhenUsed=\"false\" Name=\"Medium Grid 1 Accent 2\"\/><br \/>  <w:LsdException Locked=\"false\" Priority=\"68\" SemiHidden=\"false\" UnhideWhenUsed=\"false\" Name=\"Medium Grid 2 Accent 2\"\/><br \/>  <w:LsdException Locked=\"false\" Priority=\"69\" SemiHidden=\"false\" UnhideWhenUsed=\"false\" Name=\"Medium Grid 3 Accent 2\"\/><br \/>  <w:LsdException Locked=\"false\" Priority=\"70\" SemiHidden=\"false\" UnhideWhenUsed=\"false\" Name=\"Dark List Accent 2\"\/><br \/>  <w:LsdException Locked=\"false\" Priority=\"71\" SemiHidden=\"false\" UnhideWhenUsed=\"false\" Name=\"Colorful Shading Accent 2\"\/><br \/>  <w:LsdException Locked=\"false\" Priority=\"72\" SemiHidden=\"false\" UnhideWhenUsed=\"false\" Name=\"Colorful List Accent 2\"\/><br \/>  <w:LsdException Locked=\"false\" Priority=\"73\" SemiHidden=\"false\" UnhideWhenUsed=\"false\" Name=\"Colorful Grid Accent 2\"\/><br \/>  <w:LsdException Locked=\"false\" Priority=\"60\" SemiHidden=\"false\" UnhideWhenUsed=\"false\" Name=\"Light Shading Accent 3\"\/><br \/>  <w:LsdException Locked=\"false\" Priority=\"61\" SemiHidden=\"false\" UnhideWhenUsed=\"false\" Name=\"Light List Accent 3\"\/><br \/>  <w:LsdException Locked=\"false\" Priority=\"62\" SemiHidden=\"false\" UnhideWhenUsed=\"false\" Name=\"Light Grid Accent 3\"\/><br \/>  <w:LsdException Locked=\"false\" Priority=\"63\" SemiHidden=\"false\" UnhideWhenUsed=\"false\" Name=\"Medium Shading 1 Accent 3\"\/><br \/>  <w:LsdException Locked=\"false\" Priority=\"64\" SemiHidden=\"false\" UnhideWhenUsed=\"false\" Name=\"Medium Shading 2 Accent 3\"\/><br \/>  <w:LsdException Locked=\"false\" Priority=\"65\" SemiHidden=\"false\" UnhideWhenUsed=\"false\" Name=\"Medium List 1 Accent 3\"\/><br \/>  <w:LsdException Locked=\"false\" Priority=\"66\" SemiHidden=\"false\" UnhideWhenUsed=\"false\" Name=\"Medium List 2 Accent 3\"\/><br \/>  <w:LsdException Locked=\"false\" Priority=\"67\" SemiHidden=\"false\" UnhideWhenUsed=\"false\" Name=\"Medium Grid 1 Accent 3\"\/><br \/>  <w:LsdException Locked=\"false\" Priority=\"68\" SemiHidden=\"false\" UnhideWhenUsed=\"false\" Name=\"Medium Grid 2 Accent 3\"\/><br \/>  <w:LsdException Locked=\"false\" Priority=\"69\" SemiHidden=\"false\" UnhideWhenUsed=\"false\" Name=\"Medium Grid 3 Accent 3\"\/><br \/>  <w:LsdException Locked=\"false\" Priority=\"70\" SemiHidden=\"false\" UnhideWhenUsed=\"false\" Name=\"Dark List Accent 3\"\/><br \/>  <w:LsdException Locked=\"false\" Priority=\"71\" SemiHidden=\"false\" UnhideWhenUsed=\"false\" Name=\"Colorful Shading Accent 3\"\/><br \/>  <w:LsdException Locked=\"false\" Priority=\"72\" SemiHidden=\"false\" UnhideWhenUsed=\"false\" Name=\"Colorful List Accent 3\"\/><br \/>  <w:LsdException Locked=\"false\" Priority=\"73\" SemiHidden=\"false\" UnhideWhenUsed=\"false\" Name=\"Colorful Grid Accent 3\"\/><br \/>  <w:LsdException Locked=\"false\" Priority=\"60\" SemiHidden=\"false\" UnhideWhenUsed=\"false\" Name=\"Light Shading Accent 4\"\/><br \/>  <w:LsdException Locked=\"false\" Priority=\"61\" SemiHidden=\"false\" UnhideWhenUsed=\"false\" Name=\"Light List Accent 4\"\/><br \/>  <w:LsdException Locked=\"false\" Priority=\"62\" SemiHidden=\"false\" UnhideWhenUsed=\"false\" Name=\"Light Grid Accent 4\"\/><br \/>  <w:LsdException Locked=\"false\" Priority=\"63\" SemiHidden=\"false\" UnhideWhenUsed=\"false\" Name=\"Medium Shading 1 Accent 4\"\/><br \/>  <w:LsdException Locked=\"false\" Priority=\"64\" SemiHidden=\"false\" UnhideWhenUsed=\"false\" Name=\"Medium Shading 2 Accent 4\"\/><br \/>  <w:LsdException Locked=\"false\" Priority=\"65\" SemiHidden=\"false\" UnhideWhenUsed=\"false\" Name=\"Medium List 1 Accent 4\"\/><br \/>  <w:LsdException Locked=\"false\" Priority=\"66\" SemiHidden=\"false\" UnhideWhenUsed=\"false\" Name=\"Medium List 2 Accent 4\"\/><br \/>  <w:LsdException Locked=\"false\" Priority=\"67\" SemiHidden=\"false\" UnhideWhenUsed=\"false\" Name=\"Medium Grid 1 Accent 4\"\/><br \/>  <w:LsdException Locked=\"false\" Priority=\"68\" SemiHidden=\"false\" UnhideWhenUsed=\"false\" Name=\"Medium Grid 2 Accent 4\"\/><br \/>  <w:LsdException Locked=\"false\" Priority=\"69\" SemiHidden=\"false\" UnhideWhenUsed=\"false\" Name=\"Medium Grid 3 Accent 4\"\/><br \/>  <w:LsdException Locked=\"false\" Priority=\"70\" SemiHidden=\"false\" UnhideWhenUsed=\"false\" Name=\"Dark List Accent 4\"\/><br \/>  <w:LsdException Locked=\"false\" Priority=\"71\" SemiHidden=\"false\" UnhideWhenUsed=\"false\" Name=\"Colorful Shading Accent 4\"\/><br \/>  <w:LsdException Locked=\"false\" Priority=\"72\" SemiHidden=\"false\" UnhideWhenUsed=\"false\" Name=\"Colorful List Accent 4\"\/><br \/>  <w:LsdException Locked=\"false\" Priority=\"73\" SemiHidden=\"false\" UnhideWhenUsed=\"false\" Name=\"Colorful Grid Accent 4\"\/><br \/>  <w:LsdException Locked=\"false\" Priority=\"60\" SemiHidden=\"false\" UnhideWhenUsed=\"false\" Name=\"Light Shading Accent 5\"\/><br \/>  <w:LsdException Locked=\"false\" Priority=\"61\" SemiHidden=\"false\" UnhideWhenUsed=\"false\" Name=\"Light List Accent 5\"\/><br \/>  <w:LsdException Locked=\"false\" Priority=\"62\" SemiHidden=\"false\" UnhideWhenUsed=\"false\" Name=\"Light Grid Accent 5\"\/><br \/>  <w:LsdException Locked=\"false\" Priority=\"63\" SemiHidden=\"false\" UnhideWhenUsed=\"false\" Name=\"Medium Shading 1 Accent 5\"\/><br \/>  <w:LsdException Locked=\"false\" Priority=\"64\" SemiHidden=\"false\" UnhideWhenUsed=\"false\" Name=\"Medium Shading 2 Accent 5\"\/><br \/>  <w:LsdException Locked=\"false\" Priority=\"65\" SemiHidden=\"false\" UnhideWhenUsed=\"false\" Name=\"Medium List 1 Accent 5\"\/><br \/>  <w:LsdException Locked=\"false\" Priority=\"66\" SemiHidden=\"false\" UnhideWhenUsed=\"false\" Name=\"Medium List 2 Accent 5\"\/><br \/>  <w:LsdException Locked=\"false\" Priority=\"67\" SemiHidden=\"false\" UnhideWhenUsed=\"false\" Name=\"Medium Grid 1 Accent 5\"\/><br \/>  <w:LsdException Locked=\"false\" Priority=\"68\" SemiHidden=\"false\" UnhideWhenUsed=\"false\" Name=\"Medium Grid 2 Accent 5\"\/><br \/>  <w:LsdException Locked=\"false\" Priority=\"69\" SemiHidden=\"false\" UnhideWhenUsed=\"false\" Name=\"Medium Grid 3 Accent 5\"\/><br \/>  <w:LsdException Locked=\"false\" Priority=\"70\" SemiHidden=\"false\" UnhideWhenUsed=\"false\" Name=\"Dark List Accent 5\"\/><br \/>  <w:LsdException Locked=\"false\" Priority=\"71\" SemiHidden=\"false\" UnhideWhenUsed=\"false\" Name=\"Colorful Shading Accent 5\"\/><br \/>  <w:LsdException Locked=\"false\" Priority=\"72\" SemiHidden=\"false\" UnhideWhenUsed=\"false\" Name=\"Colorful List Accent 5\"\/><br \/>  <w:LsdException Locked=\"false\" Priority=\"73\" SemiHidden=\"false\" UnhideWhenUsed=\"false\" Name=\"Colorful Grid Accent 5\"\/><br \/>  <w:LsdException Locked=\"false\" Priority=\"60\" SemiHidden=\"false\" UnhideWhenUsed=\"false\" Name=\"Light Shading Accent 6\"\/><br \/>  <w:LsdException Locked=\"false\" Priority=\"61\" SemiHidden=\"false\" UnhideWhenUsed=\"false\" Name=\"Light List Accent 6\"\/><br \/>  <w:LsdException Locked=\"false\" Priority=\"62\" SemiHidden=\"false\" UnhideWhenUsed=\"false\" Name=\"Light Grid Accent 6\"\/><br \/>  <w:LsdException Locked=\"false\" Priority=\"63\" SemiHidden=\"false\" UnhideWhenUsed=\"false\" Name=\"Medium Shading 1 Accent 6\"\/><br \/>  <w:LsdException Locked=\"false\" Priority=\"64\" SemiHidden=\"false\" UnhideWhenUsed=\"false\" Name=\"Medium Shading 2 Accent 6\"\/><br \/>  <w:LsdException Locked=\"false\" Priority=\"65\" SemiHidden=\"false\" UnhideWhenUsed=\"false\" Name=\"Medium List 1 Accent 6\"\/><br \/>  <w:LsdException Locked=\"false\" Priority=\"66\" SemiHidden=\"false\" UnhideWhenUsed=\"false\" Name=\"Medium List 2 Accent 6\"\/><br \/>  <w:LsdException Locked=\"false\" Priority=\"67\" SemiHidden=\"false\" UnhideWhenUsed=\"false\" Name=\"Medium Grid 1 Accent 6\"\/><br \/>  <w:LsdException Locked=\"false\" Priority=\"68\" SemiHidden=\"false\" UnhideWhenUsed=\"false\" Name=\"Medium Grid 2 Accent 6\"\/><br \/>  <w:LsdException Locked=\"false\" Priority=\"69\" SemiHidden=\"false\" UnhideWhenUsed=\"false\" Name=\"Medium Grid 3 Accent 6\"\/><br \/>  <w:LsdException Locked=\"false\" Priority=\"70\" SemiHidden=\"false\" UnhideWhenUsed=\"false\" Name=\"Dark List Accent 6\"\/><br \/>  <w:LsdException Locked=\"false\" Priority=\"71\" SemiHidden=\"false\" UnhideWhenUsed=\"false\" Name=\"Colorful Shading Accent 6\"\/><br \/>  <w:LsdException Locked=\"false\" Priority=\"72\" SemiHidden=\"false\" UnhideWhenUsed=\"false\" Name=\"Colorful List Accent 6\"\/><br \/>  <w:LsdException Locked=\"false\" Priority=\"73\" SemiHidden=\"false\" UnhideWhenUsed=\"false\" Name=\"Colorful Grid Accent 6\"\/><br \/>  <w:LsdException Locked=\"false\" Priority=\"19\" SemiHidden=\"false\" UnhideWhenUsed=\"false\" QFormat=\"true\" Name=\"Subtle Emphasis\"\/><br \/>  <w:LsdException Locked=\"false\" Priority=\"21\" SemiHidden=\"false\" UnhideWhenUsed=\"false\" QFormat=\"true\" Name=\"Intense Emphasis\"\/><br \/>  <w:LsdException Locked=\"false\" Priority=\"31\" SemiHidden=\"false\" UnhideWhenUsed=\"false\" QFormat=\"true\" Name=\"Subtle Reference\"\/><br \/>  <w:LsdException Locked=\"false\" Priority=\"32\" SemiHidden=\"false\" UnhideWhenUsed=\"false\" QFormat=\"true\" Name=\"Intense Reference\"\/><br \/>  <w:LsdException Locked=\"false\" Priority=\"33\" SemiHidden=\"false\" UnhideWhenUsed=\"false\" QFormat=\"true\" Name=\"Book Title\"\/><br \/>  <w:LsdException Locked=\"false\" Priority=\"37\" Name=\"Bibliography\"\/><br \/>  <w:LsdException Locked=\"false\" Priority=\"39\" QFormat=\"true\" Name=\"TOC Heading\"\/><br \/> <\/w:LatentStyles><br \/><\/xml><![endif]--><!-- [if gte mso 10]><\/p>\n<style>\n \/* Style Definitions *\/<br \/> table.MsoNormalTable<br \/>\t{mso-style-name:\"Tableau Normal\";<br \/>\tmso-tstyle-rowband-size:0;<br \/>\tmso-tstyle-colband-size:0;<br \/>\tmso-style-noshow:yes;<br \/>\tmso-style-priority:99;<br \/>\tmso-style-parent:\"\";<br \/>\tmso-padding-alt:0cm 5.4pt 0cm 5.4pt;<br \/>\tmso-para-margin-top:0cm;<br \/>\tmso-para-margin-right:0cm;<br \/>\tmso-para-margin-bottom:10.0pt;<br \/>\tmso-para-margin-left:0cm;<br \/>\tline-height:115%;<br \/>\tmso-pagination:widow-orphan;<br \/>\tfont-size:11.0pt;<br \/>\tfont-family:\"Calibri\",\"sans-serif\";<br \/>\tmso-ascii-font-family:Calibri;<br \/>\tmso-ascii-theme-font:minor-latin;<br \/>\tmso-hansi-font-family:Calibri;<br \/>\tmso-hansi-theme-font:minor-latin;<br \/>\tmso-bidi-font-family:\"Times New Roman\";<br \/>\tmso-bidi-theme-font:minor-bidi;<br \/>\tmso-fareast-language:EN-US;}<br \/><\/style>\n<p><![endif]--><\/p><p style=\"mso-margin-top-alt: auto; mso-margin-bottom-alt: auto; line-height: normal;\"><span style=\"font-size: 12.0pt; font-family: 'Times New Roman','serif'; mso-fareast-font-family: 'Times New Roman'; mso-fareast-language: FR;\">L&rsquo;op\u00e9ration ne date pas d&rsquo;hier, mais elle est \u00e0 nouveau d&rsquo;actualit\u00e9, notamment avec le lancement de la modification du Plan local d&rsquo;urbanisme. Cette future zone \u00e0 urbaniser de trois hectares nomm\u00e9e les Famades, situ\u00e9e au pied des Alb\u00e8res, pourrait donc devenir constructible, dans un espace pourtant reconnu sensible. Une b\u00e9tonnisation inconcevable pour l&rsquo;association de sauvegarde locale Seta, alors que le maire affirme ne pas avoir connaissance du projet.\u00a0<br \/>\u00a0 <a href=\"https:\/\/seta66.com\/wp-content\/uploads\/2022\/10\/2022-10-30-at-11-49-18.jpg\" target=\"_blank\" rel=\"noopener\"><img loading=\"lazy\" decoding=\"async\" class=\"aligncenter wp-image-2199 size-medium\" src=\"https:\/\/seta66.com\/wp-content\/uploads\/2022\/10\/2022-10-30-at-11-49-18-300x189.jpg\" alt=\"\" width=\"300\" height=\"189\" srcset=\"https:\/\/seta66.com\/wp-content\/uploads\/2022\/10\/2022-10-30-at-11-49-18-300x189.jpg 300w, https:\/\/seta66.com\/wp-content\/uploads\/2022\/10\/2022-10-30-at-11-49-18-1024x644.jpg 1024w, https:\/\/seta66.com\/wp-content\/uploads\/2022\/10\/2022-10-30-at-11-49-18-768x483.jpg 768w, https:\/\/seta66.com\/wp-content\/uploads\/2022\/10\/2022-10-30-at-11-49-18-412x259.jpg 412w, https:\/\/seta66.com\/wp-content\/uploads\/2022\/10\/2022-10-30-at-11-49-18.jpg 1230w\" sizes=\"(max-width: 300px) 100vw, 300px\" \/><\/a><\/span><\/p><p style=\"mso-margin-top-alt: auto; mso-margin-bottom-alt: auto; line-height: normal;\"><span style=\"font-size: 12.0pt; font-family: 'Times New Roman','serif'; mso-fareast-font-family: 'Times New Roman'; mso-fareast-language: FR;\">Montesquieu-des-Alb\u00e8res :1300 habitants,1706 hectares s&rsquo;\u00e9talant entre\u00a040 \u00e0 1000 m\u00e8tres d&rsquo;altitude,\u00a0au pied des Alb\u00e8res. Un village sans aucun commerce, \u00e0 la politique locale souvent\u00a0agit\u00e9e, qui est au c\u0153ur d&rsquo;une pol\u00e9mique grandissante. \u00c0 tel point que ce secteur les Famades, situ\u00e9\u00a0tout en haut de la rue Saint-Christophe agite les conversations, en particulier depuis les deux r\u00e9unions publiques d&rsquo;information (les 7 et 12 octobre)\u00a0 initi\u00e9es\u00a0par l&rsquo;association de Sauvegarde de l&rsquo;environnement du Tech et des Alb\u00e8res (Seta) qui ont r\u00e9uni pr\u00e8s 120 personnes.\u00a0 L&rsquo;\u00e9ventuelle b\u00e9tonisation\u00a0de\u00a0cet \u00e9crin vert de trois\u00a0hectares, soit\u00a060 maisons,\u00a0serait une belle opportunit\u00e9 pour la poign\u00e9e de\u00a0propri\u00e9taires concern\u00e9s. Or ce\u00a0projet est d\u00e9nonc\u00e9 par les protecteurs de l&rsquo;environnement qui avec ma\u00eetrise et convictions, \u00e9voquent les risques environnementaux et s\u00e9curitaires.\u00a0\u00a0\u00a0<\/span><\/p><p><a href=\"https:\/\/seta66.com\/wp-content\/uploads\/2022\/10\/2022-10-30-at-17-23-17.jpg\" target=\"_blank\" rel=\"noopener\"><img loading=\"lazy\" decoding=\"async\" class=\"aligncenter wp-image-2198 size-medium\" src=\"https:\/\/seta66.com\/wp-content\/uploads\/2022\/10\/2022-10-30-at-11-49-59-300x180.jpg\" alt=\"\" width=\"300\" height=\"180\" srcset=\"https:\/\/seta66.com\/wp-content\/uploads\/2022\/10\/2022-10-30-at-11-49-59-300x180.jpg 300w, https:\/\/seta66.com\/wp-content\/uploads\/2022\/10\/2022-10-30-at-11-49-59-1024x615.jpg 1024w, https:\/\/seta66.com\/wp-content\/uploads\/2022\/10\/2022-10-30-at-11-49-59-768x461.jpg 768w, https:\/\/seta66.com\/wp-content\/uploads\/2022\/10\/2022-10-30-at-11-49-59-412x247.jpg 412w, https:\/\/seta66.com\/wp-content\/uploads\/2022\/10\/2022-10-30-at-11-49-59.jpg 1249w\" sizes=\"(max-width: 300px) 100vw, 300px\" \/><\/a><\/p><p style=\"mso-margin-top-alt: auto; mso-margin-bottom-alt: auto; line-height: normal; mso-outline-level: 2;\"><b><span style=\"font-size: 18.0pt; font-family: 'Times New Roman','serif'; mso-fareast-font-family: 'Times New Roman'; mso-fareast-language: FR;\">Atouts de protection environnementale<\/span><\/b><\/p><p style=\"mso-margin-top-alt: auto; mso-margin-bottom-alt: auto; line-height: normal;\"><span style=\"font-size: 12.0pt; font-family: 'Times New Roman','serif'; mso-fareast-font-family: 'Times New Roman'; mso-fareast-language: FR;\">Si certains de ses membres sont \u00e9lus, tous refusent une r\u00e9cup\u00e9ration de politique politicienne et d\u00e9ploient des atouts de protection environnementale et de cadre de vie. Devenue porte-parole de l&rsquo;association Anne-Marie Likiernik r\u00e9sume\u00a0:<i> \u00ab\u00a0On pensait cette urbanisation dans le pi\u00e9mont des Alb\u00e8res impossible, car elle se trouve en zone rouge incendie, en zone inondable avec risque fort d&rsquo;\u00e9rosion et mieux encore, elle est travers\u00e9e par deux zones \u00e9cologiques.\u00a0 \u00c0 cela s&rsquo;ajoute l&rsquo;acc\u00e8s \u00e0 ce secteur, qui en plus d&rsquo;un massacre \u00e9cologique, va bouleverser le cadre de vie des Montesquivains\u00a0et d\u00e9truire un\u00a0patrimoine\u00a0historique catalan d&rsquo;irrigation, par un fabuleux r\u00e9seau de canaux,\u00a0bassins \u00a0et des murets en pierres s\u00e8ches, parfaitement conserv\u00e9s\u00a0\u00bb<\/i>.\u00a0\u00a0Des arguments qui ont fait mouche provoquant le soutien dans cette\u00a0action, de l&rsquo;association Viure, la Ligue de protection des oiseaux, Frene66 et la Conf\u00e9d\u00e9ration paysanne et d&rsquo;autres \u00e0 venir.\u00a0<\/span><\/p><p style=\"mso-margin-top-alt: auto; mso-margin-bottom-alt: auto; line-height: normal;\"><span style=\"font-size: 12.0pt; font-family: 'Times New Roman','serif'; mso-fareast-font-family: 'Times New Roman'; mso-fareast-language: FR;\">Parfaitement structur\u00e9s, croquis et d\u00e9cisions multiples annex\u00e9s \u00e0 leur dossier de protestation,\u00a0\u00a0les adh\u00e9rents\u00a0de la Seta\u00a0veulent informer la population et entra\u00eener une large mobilisation, au-del\u00e0 de leur village et aupr\u00e8s de tous les amoureux de nature et d&rsquo;histoire catalane. Des courriers tr\u00e8s \u00e9toff\u00e9s ont \u00e9t\u00e9 envoy\u00e9s aux\u00a0instances d\u00e9cideuses\u00a0(Etat, D\u00e9partement, R\u00e9gion), une\u00a0\u00a0p\u00e9tition en ligne contre cette b\u00e9tonisation, atteint\u00a0pr\u00e8s de 800 signatures \u00e0 ce jour. L&rsquo;association\u00a0s&rsquo;appuie\u00a0aussi sur les conclusions du commissaire enqu\u00eateur qui, lors\u00a0de l&rsquo;enqu\u00eate publique du PLU de\u00a02018, a d\u00e9j\u00e0 \u00e9mis des r\u00e9serves\u00a0dans son rapport sur cette zone des Famades relevant\u00a0:<i> \u00a0\u00bb les risques de circulation et d&rsquo;acc\u00e8s s\u00e9curitaire, la dangerosit\u00e9 d&rsquo;une seconde voie d&rsquo;acc\u00e8s au secteur situ\u00e9 dans un virage de la RD11, le trafic non n\u00e9gligeable que va g\u00e9n\u00e9rer cet ensemble de logements \u00e0 l&rsquo;\u00e9chelle du bourg&#8230;\u00a0\u00bb<\/i><\/span><\/p><p style=\"mso-margin-top-alt: auto; mso-margin-bottom-alt: auto; line-height: normal;\"><span style=\"font-size: 12.0pt; font-family: 'Times New Roman','serif'; mso-fareast-font-family: 'Times New Roman'; mso-fareast-language: FR;\"><i><a href=\"https:\/\/seta66.com\/wp-content\/uploads\/2022\/10\/2022-10-30-at-17-23-32.jpg\" target=\"_blank\" rel=\"noopener\"><img loading=\"lazy\" decoding=\"async\" class=\"aligncenter wp-image-2209 size-medium\" src=\"https:\/\/seta66.com\/wp-content\/uploads\/2022\/10\/2022-10-30-at-17-08-24-300x225.jpg\" alt=\"\" width=\"300\" height=\"225\" srcset=\"https:\/\/seta66.com\/wp-content\/uploads\/2022\/10\/2022-10-30-at-17-08-24-300x225.jpg 300w, https:\/\/seta66.com\/wp-content\/uploads\/2022\/10\/2022-10-30-at-17-08-24-768x577.jpg 768w, https:\/\/seta66.com\/wp-content\/uploads\/2022\/10\/2022-10-30-at-17-08-24-399x300.jpg 399w, https:\/\/seta66.com\/wp-content\/uploads\/2022\/10\/2022-10-30-at-17-08-24.jpg 849w\" sizes=\"(max-width: 300px) 100vw, 300px\" \/><\/a><\/i><\/span><\/p><p style=\"mso-margin-top-alt: auto; mso-margin-bottom-alt: auto; line-height: normal;\"><span style=\"font-size: 12.0pt; font-family: 'Times New Roman','serif'; mso-fareast-font-family: 'Times New Roman'; mso-fareast-language: FR;\">Depuis le d\u00e9but de cette semaine, la\u00a0modification du PLU de la commune est lanc\u00e9e, selon la Seta\u00a0 :\u00a0<i>\u00ab\u00a0elle\u00a0pr\u00e9voit notamment des am\u00e9nagements sp\u00e9cifiques autorisant la construction de maisons en limite de voirie dans le secteur 1AUh (zone \u00e0 urbaniser prioritairement) que sont\u00a0les Famades. Cela\u00a0confirme\u00a0que la municipalit\u00e9 est en train de d\u00e9velopper le projet d&rsquo;urbanisation aux Famades. L&rsquo;urgence est de contrer ce projet, en signifiant notre opposition \u00e0 cette b\u00e9tonisation insens\u00e9e. Nous allons faciliter la t\u00e2che aux montesquivains et sympathisants, afin que chacun puisse d\u00e9poser son avis, jusqu&rsquo;au 2 d\u00e9cembre en mairie. Nous continuons \u00e0 informer, conseiller et \u00e0 recueillir les avis opposables \u00e0 cette modification. C&rsquo;est l&rsquo;occasion l\u00e9gale de faire entendre notre argumentation aux d\u00e9cideurs\u00a0\u00bb.\u00a0<\/i><\/span><\/p><p><a href=\"https:\/\/seta66.com\/wp-content\/uploads\/2022\/10\/2022-10-30-at-17-23-55.jpg\" target=\"_blank\" rel=\"noopener\"><img loading=\"lazy\" decoding=\"async\" class=\"aligncenter wp-image-2208 size-medium\" src=\"https:\/\/seta66.com\/wp-content\/uploads\/2022\/10\/2022-10-30-at-17-08-36-300x223.jpg\" alt=\"\" width=\"300\" height=\"223\" srcset=\"https:\/\/seta66.com\/wp-content\/uploads\/2022\/10\/2022-10-30-at-17-08-36-300x223.jpg 300w, https:\/\/seta66.com\/wp-content\/uploads\/2022\/10\/2022-10-30-at-17-08-36-768x572.jpg 768w, https:\/\/seta66.com\/wp-content\/uploads\/2022\/10\/2022-10-30-at-17-08-36-403x300.jpg 403w, https:\/\/seta66.com\/wp-content\/uploads\/2022\/10\/2022-10-30-at-17-08-36.jpg 853w\" sizes=\"(max-width: 300px) 100vw, 300px\" \/><\/a><\/p><p style=\"mso-margin-top-alt: auto; mso-margin-bottom-alt: auto; line-height: normal; mso-outline-level: 2;\"><b><span style=\"font-size: 18.0pt; font-family: 'Times New Roman','serif'; mso-fareast-font-family: 'Times New Roman'; mso-fareast-language: FR;\">\u00ab\u00a0Je n&rsquo;ai pas de dossier d\u00e9pos\u00e9\u00a0\u00bb<\/span><\/b><\/p><p style=\"mso-margin-top-alt: auto; mso-margin-bottom-alt: auto; line-height: normal;\"><span style=\"font-size: 12.0pt; font-family: 'Times New Roman','serif'; mso-fareast-font-family: 'Times New Roman'; mso-fareast-language: FR;\">Les \u00e9vidences des uns n&rsquo;\u00e9tant pas celles des autres, le\u00a0maire Huguette Pons\u00a0est formelle :<i> \u00ab\u00a0c&rsquo;est un lieu qui n&rsquo;a pas de projet, il y en aura peut-\u00eatre un, mais \u00e0 ce jour il m&rsquo;est difficile d&rsquo;en parler puisqu&rsquo;il n&rsquo;existe pas ! Cette zone est constructible depuis 1990, ce n&rsquo;est pas de mon fait, puisque je suis \u00e9lue depuis 2008. Aujourd&rsquo;hui je n&rsquo;ai pas de projet de lotissement, je ne peux donc rien dire. Quelles que soient les particularit\u00e9s de cette zone, c&rsquo;est le dossier d&rsquo;instruction qui d\u00e9terminera la possibilit\u00e9 de l&rsquo;op\u00e9ration, mais je le r\u00e9p\u00e8te, je n&rsquo;ai pas de dossier d\u00e9pos\u00e9\u00a0pour faire un lotissement. Je n&rsquo;ai rien d&rsquo;autre \u00e0 ajouter\u00a0\u00bb.<\/i> Dont acte.\u00a0<i>\u00a0<\/i><\/span><\/p><p style=\"mso-margin-top-alt: auto; mso-margin-bottom-alt: auto; line-height: normal;\"><span style=\"font-size: 12.0pt; font-family: 'Times New Roman','serif'; mso-fareast-font-family: 'Times New Roman'; mso-fareast-language: FR;\">Pour l&rsquo;heure, la Seta\u00a0monte en puissance, plus\u00a0d\u00e9termin\u00e9e que jamais et s&rsquo;entoure de conseillers comp\u00e9tents :<i>\u00a0\u00ab\u00a0nous ne l\u00e2cherons rien, d&rsquo;autant que nous ne manquons pas d&rsquo;id\u00e9e pour valoriser ce site d&rsquo;exception, un joyau environnemental que l&rsquo;on doit absolument pr\u00e9server,\u00a0prot\u00e9ger et partager avec tous ceux qui aiment la nature. Notre engagement est d&rsquo;int\u00e9r\u00eat g\u00e9n\u00e9ral\u00a0\u00bb.\u00a0<\/i><\/span><\/p><p style=\"margin-bottom: .0001pt; line-height: normal;\"><span style=\"font-size: 12.0pt; font-family: 'Times New Roman','serif'; mso-fareast-font-family: 'Times New Roman'; mso-fareast-language: FR;\">V\u00e9ronique Parayre <\/span><\/p>\t\t\t\t\t\t\t\t<\/div>\n\t\t\t\t<\/div>\n\t\t\t\t\t<\/div>\n\t\t<\/div>\n\t\t\t\t\t<\/div>\n\t\t<\/section>\n\t\t\t\t<section class=\"elementor-section elementor-top-section elementor-element elementor-element-4eac84a elementor-section-boxed elementor-section-height-default elementor-section-height-default\" data-id=\"4eac84a\" data-element_type=\"section\" data-e-type=\"section\">\n\t\t\t\t\t\t<div class=\"elementor-container elementor-column-gap-default\">\n\t\t\t\t\t<div class=\"elementor-column elementor-col-100 elementor-top-column elementor-element elementor-element-d5a08ad\" data-id=\"d5a08ad\" data-element_type=\"column\" data-e-type=\"column\">\n\t\t\t<div class=\"elementor-widget-wrap elementor-element-populated\">\n\t\t\t\t\t\t<div class=\"elementor-element elementor-element-74048ad elementor-widget elementor-widget-text-editor\" data-id=\"74048ad\" data-element_type=\"widget\" data-e-type=\"widget\" data-widget_type=\"text-editor.default\">\n\t\t\t\t<div class=\"elementor-widget-container\">\n\t\t\t\t\t\t\t\t\t<h3>Le projet de lotissement des Famades<\/h3><h6>Pour celles et ceux\u00a0 qui n\u2019ont pu assister aux deux r\u00e9unions publiques.\u00a0\u00a0 Voici\u00a0 la conf\u00e9rence\u00a0 qui a \u00e9t\u00e9 donn\u00e9e\u00a0:<\/h6><p>Le projet de lotissement des Famades sur les hauteurs de Montesquieu est un projet insens\u00e9 car il s\u2019inscrit dans le massif des Alb\u00e8res \u00e0 une altitude que l\u2019on pourrait croire prot\u00e9g\u00e9e.<\/p><p><a href=\"https:\/\/seta66.com\/wp-content\/uploads\/2022\/10\/lesfamadesinsense.pdf\" target=\"_blank\" rel=\"noopener\"><img loading=\"lazy\" decoding=\"async\" class=\"aligncenter wp-image-2066 size-medium\" src=\"https:\/\/seta66.com\/wp-content\/uploads\/2022\/10\/2022-10-22-at-15-24-04-300x218.jpg\" alt=\"\" width=\"300\" height=\"218\" srcset=\"https:\/\/seta66.com\/wp-content\/uploads\/2022\/10\/2022-10-22-at-15-24-04-300x218.jpg 300w, https:\/\/seta66.com\/wp-content\/uploads\/2022\/10\/2022-10-22-at-15-24-04-1024x743.jpg 1024w, https:\/\/seta66.com\/wp-content\/uploads\/2022\/10\/2022-10-22-at-15-24-04-768x557.jpg 768w, https:\/\/seta66.com\/wp-content\/uploads\/2022\/10\/2022-10-22-at-15-24-04-412x300.jpg 412w, https:\/\/seta66.com\/wp-content\/uploads\/2022\/10\/2022-10-22-at-15-24-04.jpg 1196w\" sizes=\"(max-width: 300px) 100vw, 300px\" \/><\/a><\/p><p>Il est insens\u00e9 parce qu\u2019il est destructeur, dangereux pour la population, et polluant.<\/p><p><a href=\"https:\/\/seta66.com\/wp-content\/uploads\/2022\/10\/lesfamadesdestructeurs-1.pdf\" target=\"_blank\" rel=\"noopener\"><img loading=\"lazy\" decoding=\"async\" class=\"size-medium wp-image-2065 aligncenter\" src=\"https:\/\/seta66.com\/wp-content\/uploads\/2022\/10\/2022-10-22-at-15-24-23-300x212.jpg\" alt=\"\" width=\"300\" height=\"212\" srcset=\"https:\/\/seta66.com\/wp-content\/uploads\/2022\/10\/2022-10-22-at-15-24-23-300x212.jpg 300w, https:\/\/seta66.com\/wp-content\/uploads\/2022\/10\/2022-10-22-at-15-24-23-1024x724.jpg 1024w, https:\/\/seta66.com\/wp-content\/uploads\/2022\/10\/2022-10-22-at-15-24-23-768x543.jpg 768w, https:\/\/seta66.com\/wp-content\/uploads\/2022\/10\/2022-10-22-at-15-24-23-412x291.jpg 412w, https:\/\/seta66.com\/wp-content\/uploads\/2022\/10\/2022-10-22-at-15-24-23.jpg 1274w\" sizes=\"(max-width: 300px) 100vw, 300px\" \/><\/a><\/p><p>D\u00e9truire pour construire, quelle id\u00e9e ?<\/p><p><a href=\"https:\/\/seta66.com\/wp-content\/uploads\/2022\/10\/famadesdestructeurs2.pdf\" target=\"_blank\" rel=\"noopener\"><img loading=\"lazy\" decoding=\"async\" class=\"size-medium wp-image-2064 aligncenter\" src=\"https:\/\/seta66.com\/wp-content\/uploads\/2022\/10\/2022-10-22-at-15-24-39-300x211.jpg\" alt=\"\" width=\"300\" height=\"211\" srcset=\"https:\/\/seta66.com\/wp-content\/uploads\/2022\/10\/2022-10-22-at-15-24-39-300x211.jpg 300w, https:\/\/seta66.com\/wp-content\/uploads\/2022\/10\/2022-10-22-at-15-24-39-1024x720.jpg 1024w, https:\/\/seta66.com\/wp-content\/uploads\/2022\/10\/2022-10-22-at-15-24-39-768x540.jpg 768w, https:\/\/seta66.com\/wp-content\/uploads\/2022\/10\/2022-10-22-at-15-24-39-412x290.jpg 412w, https:\/\/seta66.com\/wp-content\/uploads\/2022\/10\/2022-10-22-at-15-24-39.jpg 1276w\" sizes=\"(max-width: 300px) 100vw, 300px\" \/><\/a><\/p><p>Le projet de lotissement des Famades aurait un impact d\u00e9sastreux sur<\/p><ul><li><a href=\"https:\/\/seta66.com\/wp-content\/uploads\/2022\/10\/Reseau-de-murets.jpg\">le patrimoine vernaculaire (les murets)<\/a><\/li><li>le milieu naturel et la bio-diversit\u00e9<\/li><\/ul><div><p>L\u2019espace des Famades devrait \u00eatre le dernier endroit pour construire tant il pr\u00e9sente des contraintes :<\/p><p><a href=\"https:\/\/seta66.com\/wp-content\/uploads\/2022\/10\/lesfamadesdangereux.pdf\" target=\"_blank\" rel=\"noopener\"><img loading=\"lazy\" decoding=\"async\" class=\"aligncenter wp-image-2062 size-medium\" src=\"https:\/\/seta66.com\/wp-content\/uploads\/2022\/10\/2022-10-22-at-15-25-00-300x213.jpg\" alt=\"\" width=\"300\" height=\"213\" srcset=\"https:\/\/seta66.com\/wp-content\/uploads\/2022\/10\/2022-10-22-at-15-25-00-300x213.jpg 300w, https:\/\/seta66.com\/wp-content\/uploads\/2022\/10\/2022-10-22-at-15-25-00-1024x727.jpg 1024w, https:\/\/seta66.com\/wp-content\/uploads\/2022\/10\/2022-10-22-at-15-25-00-768x545.jpg 768w, https:\/\/seta66.com\/wp-content\/uploads\/2022\/10\/2022-10-22-at-15-25-00-412x292.jpg 412w, https:\/\/seta66.com\/wp-content\/uploads\/2022\/10\/2022-10-22-at-15-25-00.jpg 1272w\" sizes=\"(max-width: 300px) 100vw, 300px\" \/><\/a><\/p><p>Bord\u00e9 largement par une zone class\u00e9e par le PRIFF comme pr\u00e9sentant un risque fort \u00e0 tr\u00e8s fort incendies<\/p><p>Une partie sujette aux inondations et glissements de terrains<\/p><\/div><p>Le projet de lotissement des Famades va accro\u00eetre les \u00e9missions de GES au centre du village par l\u2019augmentation du trafic routier.<\/p><p><a href=\"https:\/\/seta66.com\/wp-content\/uploads\/2022\/10\/lesfamadespolluant\" target=\"_blank\" rel=\"noopener\"><img loading=\"lazy\" decoding=\"async\" class=\"size-medium wp-image-2061 aligncenter\" src=\"https:\/\/seta66.com\/wp-content\/uploads\/2022\/10\/2022-10-22-at-15-25-29-300x212.jpg\" alt=\"\" width=\"300\" height=\"212\" srcset=\"https:\/\/seta66.com\/wp-content\/uploads\/2022\/10\/2022-10-22-at-15-25-29-300x212.jpg 300w, https:\/\/seta66.com\/wp-content\/uploads\/2022\/10\/2022-10-22-at-15-25-29-1024x725.jpg 1024w, https:\/\/seta66.com\/wp-content\/uploads\/2022\/10\/2022-10-22-at-15-25-29-768x544.jpg 768w, https:\/\/seta66.com\/wp-content\/uploads\/2022\/10\/2022-10-22-at-15-25-29-412x292.jpg 412w, https:\/\/seta66.com\/wp-content\/uploads\/2022\/10\/2022-10-22-at-15-25-29.jpg 1275w\" sizes=\"(max-width: 300px) 100vw, 300px\" \/><\/a><\/p><p>Quid de la SNBC (Strat\u00e9gie Nationale Bas Carbone) ?<\/p><p>Que fait la mairie pour r\u00e9duire ces \u00e9missions ?<\/p><p><a href=\"https:\/\/seta66.com\/wp-content\/uploads\/2022\/10\/lesfamadesbilanenergetique.pdf\" target=\"_blank\" rel=\"noopener\"><img loading=\"lazy\" decoding=\"async\" class=\"aligncenter wp-image-2092 size-medium\" src=\"https:\/\/seta66.com\/wp-content\/uploads\/2022\/10\/2022-10-22-at-16-05-18-300x210.jpg\" alt=\"\" width=\"300\" height=\"210\" srcset=\"https:\/\/seta66.com\/wp-content\/uploads\/2022\/10\/2022-10-22-at-16-05-18-300x210.jpg 300w, https:\/\/seta66.com\/wp-content\/uploads\/2022\/10\/2022-10-22-at-16-05-18-768x538.jpg 768w, https:\/\/seta66.com\/wp-content\/uploads\/2022\/10\/2022-10-22-at-16-05-18-412x289.jpg 412w, https:\/\/seta66.com\/wp-content\/uploads\/2022\/10\/2022-10-22-at-16-05-18.jpg 876w\" sizes=\"(max-width: 300px) 100vw, 300px\" \/><\/a><\/p><p>Les \u00e9lus ont-ils pris la mesure de la gravit\u00e9 de la situation en ce qui concerne la ressource en eau (Le Tech et les nappes souterraines) ?<\/p><p>Construire plus conduira in\u00e9vitablement \u00e0 des restrictions d\u2019eau et \u00e0 des rejets non conformes dans la rivi\u00e8re d\u00e9j\u00e0 tr\u00e8s affect\u00e9e par la s\u00e9cheresse.<\/p><p><a href=\"https:\/\/seta66.com\/wp-content\/uploads\/2022\/10\/lesfamadescommissaireenqueteur.pdf\" target=\"_blank\" rel=\"noopener\"><img loading=\"lazy\" decoding=\"async\" class=\"size-medium wp-image-2093 aligncenter\" src=\"https:\/\/seta66.com\/wp-content\/uploads\/2022\/10\/2022-10-22-at-16-04-41-300x210.jpg\" alt=\"\" width=\"300\" height=\"210\" srcset=\"https:\/\/seta66.com\/wp-content\/uploads\/2022\/10\/2022-10-22-at-16-04-41-300x210.jpg 300w, https:\/\/seta66.com\/wp-content\/uploads\/2022\/10\/2022-10-22-at-16-04-41-768x538.jpg 768w, https:\/\/seta66.com\/wp-content\/uploads\/2022\/10\/2022-10-22-at-16-04-41-412x289.jpg 412w, https:\/\/seta66.com\/wp-content\/uploads\/2022\/10\/2022-10-22-at-16-04-41.jpg 879w\" sizes=\"(max-width: 300px) 100vw, 300px\" \/><\/a><\/p><p>L\u2019enqu\u00eate publique pour le PLU s\u2019est termin\u00e9e en 2018 par un avis favorable du commissaire mais il a \u00e9mis de fortes r\u00e9serves sur l\u2019urbanisation des Famades.<\/p><p><a href=\"https:\/\/seta66.com\/wp-content\/uploads\/2022\/10\/lesfamadescommissaireenqueteur.pdf\" target=\"_blank\" rel=\"noopener\"><img loading=\"lazy\" decoding=\"async\" class=\"aligncenter wp-image-2091 size-medium\" src=\"https:\/\/seta66.com\/wp-content\/uploads\/2022\/10\/2022-10-22-at-16-06-12-300x213.jpg\" alt=\"\" width=\"300\" height=\"213\" srcset=\"https:\/\/seta66.com\/wp-content\/uploads\/2022\/10\/2022-10-22-at-16-06-12-300x213.jpg 300w, https:\/\/seta66.com\/wp-content\/uploads\/2022\/10\/2022-10-22-at-16-06-12-768x544.jpg 768w, https:\/\/seta66.com\/wp-content\/uploads\/2022\/10\/2022-10-22-at-16-06-12-412x292.jpg 412w, https:\/\/seta66.com\/wp-content\/uploads\/2022\/10\/2022-10-22-at-16-06-12.jpg 872w\" sizes=\"(max-width: 300px) 100vw, 300px\" \/><\/a><\/p><p>A noter qu\u2019en 2004, un autre commissaire enqu\u00eateur s\u2019\u00e9tait prononc\u00e9 dans le m\u00eame sens.<\/p><p>Pourquoi s\u2019acharner ?<\/p><p><a href=\"https:\/\/seta66.com\/wp-content\/uploads\/2022\/10\/lesfamadesmairie.pdf\" target=\"_blank\" rel=\"noopener\"><img loading=\"lazy\" decoding=\"async\" class=\"aligncenter wp-image-2100 size-medium\" src=\"https:\/\/seta66.com\/wp-content\/uploads\/2022\/10\/2022-10-22-at-17-25-06-300x212.jpg\" alt=\"\" width=\"300\" height=\"212\" srcset=\"https:\/\/seta66.com\/wp-content\/uploads\/2022\/10\/2022-10-22-at-17-25-06-300x212.jpg 300w, https:\/\/seta66.com\/wp-content\/uploads\/2022\/10\/2022-10-22-at-17-25-06-1024x723.jpg 1024w, https:\/\/seta66.com\/wp-content\/uploads\/2022\/10\/2022-10-22-at-17-25-06-768x542.jpg 768w, https:\/\/seta66.com\/wp-content\/uploads\/2022\/10\/2022-10-22-at-17-25-06-412x291.jpg 412w, https:\/\/seta66.com\/wp-content\/uploads\/2022\/10\/2022-10-22-at-17-25-06.jpg 1270w\" sizes=\"(max-width: 300px) 100vw, 300px\" \/><\/a><\/p><p><a href=\"https:\/\/seta66.com\/wp-content\/uploads\/2022\/10\/lesfamadeslanidification.pdf\" target=\"_blank\" rel=\"noopener\"><img loading=\"lazy\" decoding=\"async\" class=\"size-medium wp-image-2105 aligncenter\" src=\"https:\/\/seta66.com\/wp-content\/uploads\/2022\/10\/2022-10-22-at-18-06-22-300x211.jpg\" alt=\"\" width=\"300\" height=\"211\" srcset=\"https:\/\/seta66.com\/wp-content\/uploads\/2022\/10\/2022-10-22-at-18-06-22-300x211.jpg 300w, https:\/\/seta66.com\/wp-content\/uploads\/2022\/10\/2022-10-22-at-18-06-22-1024x720.jpg 1024w, https:\/\/seta66.com\/wp-content\/uploads\/2022\/10\/2022-10-22-at-18-06-22-768x540.jpg 768w, https:\/\/seta66.com\/wp-content\/uploads\/2022\/10\/2022-10-22-at-18-06-22-412x290.jpg 412w, https:\/\/seta66.com\/wp-content\/uploads\/2022\/10\/2022-10-22-at-18-06-22.jpg 1279w\" sizes=\"(max-width: 300px) 100vw, 300px\" \/><\/a><\/p><p><a href=\"https:\/\/seta66.com\/wp-content\/uploads\/2022\/10\/lesfamadesquefaire.pdf\" target=\"_blank\" rel=\"noopener\"><img loading=\"lazy\" decoding=\"async\" class=\"aligncenter wp-image-2090 size-medium\" src=\"https:\/\/seta66.com\/wp-content\/uploads\/2022\/10\/2022-10-22-at-16-07-10-300x213.jpg\" alt=\"\" width=\"300\" height=\"213\" srcset=\"https:\/\/seta66.com\/wp-content\/uploads\/2022\/10\/2022-10-22-at-16-07-10-300x213.jpg 300w, https:\/\/seta66.com\/wp-content\/uploads\/2022\/10\/2022-10-22-at-16-07-10-768x545.jpg 768w, https:\/\/seta66.com\/wp-content\/uploads\/2022\/10\/2022-10-22-at-16-07-10-412x292.jpg 412w, https:\/\/seta66.com\/wp-content\/uploads\/2022\/10\/2022-10-22-at-16-07-10.jpg 870w\" sizes=\"(max-width: 300px) 100vw, 300px\" \/><\/a><\/p><div>\u00a0<\/div>\t\t\t\t\t\t\t\t<\/div>\n\t\t\t\t<\/div>\n\t\t\t\t\t<\/div>\n\t\t<\/div>\n\t\t\t\t\t<\/div>\n\t\t<\/section>\n\t\t\t\t<section class=\"elementor-section elementor-top-section elementor-element elementor-element-10cdff4 elementor-section-boxed elementor-section-height-default elementor-section-height-default\" data-id=\"10cdff4\" data-element_type=\"section\" data-e-type=\"section\">\n\t\t\t\t\t\t<div class=\"elementor-container elementor-column-gap-default\">\n\t\t\t\t\t<div class=\"elementor-column elementor-col-100 elementor-top-column elementor-element elementor-element-a667364\" data-id=\"a667364\" data-element_type=\"column\" data-e-type=\"column\">\n\t\t\t<div class=\"elementor-widget-wrap elementor-element-populated\">\n\t\t\t\t\t\t<div class=\"elementor-element elementor-element-441f953 elementor-widget elementor-widget-heading\" data-id=\"441f953\" data-element_type=\"widget\" data-e-type=\"widget\" data-widget_type=\"heading.default\">\n\t\t\t\t<div class=\"elementor-widget-container\">\n\t\t\t\t\t<h2 class=\"elementor-heading-title elementor-size-default\">NOUS PR\u00c9PARER AU D\u00c9R\u00c8GLEMENT CLIMATIQUE ET NON LE FAVORISER<\/h2>\t\t\t\t<\/div>\n\t\t\t\t<\/div>\n\t\t\t\t\t<\/div>\n\t\t<\/div>\n\t\t\t\t\t<\/div>\n\t\t<\/section>\n\t\t\t\t<section class=\"elementor-section elementor-top-section elementor-element elementor-element-7642df6 elementor-section-boxed elementor-section-height-default elementor-section-height-default\" data-id=\"7642df6\" data-element_type=\"section\" data-e-type=\"section\">\n\t\t\t\t\t\t<div class=\"elementor-container elementor-column-gap-default\">\n\t\t\t\t\t<div class=\"elementor-column elementor-col-100 elementor-top-column elementor-element elementor-element-dc8b7fa\" data-id=\"dc8b7fa\" data-element_type=\"column\" data-e-type=\"column\">\n\t\t\t<div class=\"elementor-widget-wrap elementor-element-populated\">\n\t\t\t\t\t\t<div class=\"elementor-element elementor-element-5dc43c6 elementor-widget elementor-widget-image\" data-id=\"5dc43c6\" data-element_type=\"widget\" data-e-type=\"widget\" data-widget_type=\"image.default\">\n\t\t\t\t<div class=\"elementor-widget-container\">\n\t\t\t\t\t\t\t\t\t\t\t\t\t\t\t<img decoding=\"async\" src=\"https:\/\/seta66.com\/wp-content\/uploads\/2022\/10\/Reseau-de-murets.jpg\" title=\"\" alt=\"\" loading=\"lazy\" \/>\t\t\t\t\t\t\t\t\t\t\t\t\t\t\t<\/div>\n\t\t\t\t<\/div>\n\t\t\t\t\t<\/div>\n\t\t<\/div>\n\t\t\t\t\t<\/div>\n\t\t<\/section>\n\t\t\t\t<section class=\"elementor-section elementor-top-section elementor-element elementor-element-2b7422d elementor-section-boxed elementor-section-height-default elementor-section-height-default\" data-id=\"2b7422d\" data-element_type=\"section\" data-e-type=\"section\">\n\t\t\t\t\t\t<div class=\"elementor-container elementor-column-gap-default\">\n\t\t\t\t\t<div class=\"elementor-column elementor-col-100 elementor-top-column elementor-element elementor-element-b323e1d\" data-id=\"b323e1d\" data-element_type=\"column\" data-e-type=\"column\">\n\t\t\t<div class=\"elementor-widget-wrap elementor-element-populated\">\n\t\t\t\t\t\t<div class=\"elementor-element elementor-element-b10af8e elementor-widget elementor-widget-text-editor\" data-id=\"b10af8e\" data-element_type=\"widget\" data-e-type=\"widget\" data-widget_type=\"text-editor.default\">\n\t\t\t\t<div class=\"elementor-widget-container\">\n\t\t\t\t\t\t\t\t\t<p>150 personnes\u00a0ont r\u00e9pondu \u00e0 l\u2019appel de la SETA pour s\u2019informer sur le\u00a0projet de Lotissement des Famades \u00e0 Montesquieu-des-Alb\u00e8res<\/p><p>Ce Mercredi 12 octobre,\u00a0 riverains et amateurs du site naturel des Famades se sont press\u00e9s pour participer \u00e0 la deuxi\u00e8me r\u00e9union organis\u00e9e contre l\u2019urbanisation dans le massif des Alb\u00e8res, notre patrimoine \u00e0 tous.<\/p><p>Beaucoup se sont \u00e9tonn\u00e9s qu\u2019un tel espace concentrant tant de\u00a0risques potentiels, inondations, glissements de terrain, incendie,\u00a0 sur le site en lui-m\u00eame ou sur ses acc\u00e8s puisse \u00eatre choisi par la municipalit\u00e9 pour l\u2019implantation d\u2019un nouveau lotissement.<\/p><p>Malgr\u00e9 la fra\u00eecheur du soir (la r\u00e9union s\u2019est tenue \u00e0 l\u2019ext\u00e9rieur faute d\u2019avoir pu se faire d\u00e9livrer par la mairie la clef de la salle r\u00e9serv\u00e9e),<\/p><p>les participants ont pu \u00e9changer sur\u00a0l\u2019ineptie d\u2019un tel projet\u00a0:<\/p><p>Le Tech, ses affluents et les nappes profondes\u00a0connaissent des niveaux extr\u00eamement bas.\u00a0<\/p><p>Pourquoi augmenter l\u2019urbanisation sur la vall\u00e9e et les Alb\u00e8res si les habitants subissent d\u00e9j\u00e0 des p\u00e9nuries d\u2019eau\u00a0 ?<\/p><p>La loi Climat et R\u00e9silience\u00a0nous oblige \u00e0 diviser par deux nos \u00e9missions de CO2 d\u2019ici 2030 pour pour atteindre la neutralit\u00e9 carbone en 2050.\u00a0<\/p><p>Pourquoi continuer \u00e0 b\u00e9tonner comme si de rien n\u2019\u00e9tait,\u00a0 et artificialiser les espaces agricoles ?<\/p><p>Aucun commerce pour 1200 habitants. Les Montesquivains sont oblig\u00e9s de faire 15 km pour acc\u00e9der aux services des villages environnants.\u00a0<\/p><p>Pourquoi accro\u00eetre la population d\u00e9j\u00e0 si d\u00e9pendante \u00e0 la voiture et augmenter le trafic en centre bourg ?<\/p><p>Les \u00e9lus n\u2019ont-ils pas encore compris qu\u2019il s\u2019agit maintenant de s\u2019adapter aux cons\u00e9quences du d\u00e9r\u00e8glement climatique et non de le favoriser ?<\/p><p>La pr\u00e9sence de la LPO, la Conf\u00e9d\u00e9ration Paysanne, la Coordination d\u00e9partementale VIURE\u00a0pour la d\u00e9fense des terres agricoles venus conforter l\u2019opposition \u00e0 ce projet,\u00a0 d\u00e9montre la gravit\u00e9 de la menace qu\u2019il repr\u00e9sente.<\/p><p>Convaincue, l\u2019assistance s\u2019est dit pr\u00eate \u00e0 se mobiliser pour les actions futures qui seront engag\u00e9es.<\/p><p><a href=\"http:\/\/150 personnes ont r\u00e9pondu \u00e0 l\u2019appel de la SETA pour s\u2019informer sur le projet de Lotissement des Famades \u00e0 Montesquieu-des-Alb\u00e8res  Ce Mercredi 12 octobre,  riverains et amateurs du site naturel des Famades se sont press\u00e9s pour participer \u00e0 la deuxi\u00e8me r\u00e9union organis\u00e9e contre l\u2019urbanisation dans le massif des Alb\u00e8res, notre patrimoine \u00e0 tous.     Beaucoup se sont \u00e9tonn\u00e9s qu\u2019un tel espace concentrant tant de risques potentiels, inondations, glissements de terrain, incendie,  sur le site en lui-m\u00eame ou sur ses acc\u00e8s puisse \u00eatre choisi par la municipalit\u00e9 pour l\u2019implantation d\u2019un nouveau lotissement.     Malgr\u00e9 la fra\u00eecheur du soir (la r\u00e9union s\u2019est tenue \u00e0 l\u2019ext\u00e9rieur faute d\u2019avoir pu se faire d\u00e9livrer par la mairie la clef de la salle r\u00e9serv\u00e9e), les participants ont pu \u00e9changer sur l\u2019ineptie d\u2019un tel projet :     Le Tech, ses affluents et les nappes profondes connaissent des niveaux extr\u00eamement bas.   Pourquoi augmenter l\u2019urbanisation sur la vall\u00e9e et les Alb\u00e8res si les habitants subissent d\u00e9j\u00e0 des p\u00e9nuries d\u2019eau  ?     La loi Climat et R\u00e9silience nous oblige \u00e0 diviser par deux nos \u00e9missions de CO2 d\u2019ici 2030 pour pour atteindre la neutralit\u00e9 carbone en 2050.   Pourquoi continuer \u00e0 b\u00e9tonner comme si de rien n\u2019\u00e9tait,  et artificialiser les espaces agricoles ?     Aucun commerce pour 1200 habitants. Les Montesquivains sont oblig\u00e9s de faire 15 km pour acc\u00e9der aux services des villages environnants.   Pourquoi accro\u00eetre la population d\u00e9j\u00e0 si d\u00e9pendante \u00e0 la voiture et augmenter le trafic en centre bourg ?     Les \u00e9lus n\u2019ont-ils pas encore compris qu\u2019il s\u2019agit maintenant de s\u2019adapter aux cons\u00e9quences du d\u00e9r\u00e8glement climatique et non de le favoriser ?     La pr\u00e9sence de la LPO, la Conf\u00e9d\u00e9ration Paysanne, la Coordination d\u00e9partementale VIURE pour la d\u00e9fense des terres agricoles venus conforter l\u2019opposition \u00e0 ce projet,  d\u00e9montre la gravit\u00e9 de la menace qu\u2019il repr\u00e9sente.     Convaincue, l\u2019assistance s\u2019est dit pr\u00eate \u00e0 se mobiliser pour les actions futures qui seront engag\u00e9es.     Signez la p\u00e9tition en ligne :  https:\/\/www.change.org\/p\/ne-laissons-pas-b\u00e9tonner-le-massif-des-alb\u00e8res-\u00e0-montesquieu\" data-wplink-url-error=\"true\">Signez la p\u00e9tition en ligne :<\/a><\/p><p><span id=\"m_690288361845935978gmail-TSRSpan_31\"><img \/><\/span><a href=\"https:\/\/www.change.org\/p\/ne-laissons-pas-b%C3%A9tonner-le-massif-des-alb%C3%A8res-%C3%A0-montesquieu\" target=\"_blank\" rel=\"noopener\" data-saferedirecturl=\"https:\/\/www.google.com\/url?q=https:\/\/www.change.org\/p\/ne-laissons-pas-b%25C3%25A9tonner-le-massif-des-alb%25C3%25A8res-%25C3%25A0-montesquieu&amp;source=gmail&amp;ust=1665781317554000&amp;usg=AOvVaw0nkn6sQpKIIp4rY619nTQj\">https:\/\/www.change.org\/p\/ne-<wbr \/>laissons-pas-b\u00e9tonner-le-<wbr \/>massif-des-alb\u00e8res-\u00e0-<wbr \/>montesquieu<\/a><\/p>\t\t\t\t\t\t\t\t<\/div>\n\t\t\t\t<\/div>\n\t\t\t\t\t<\/div>\n\t\t<\/div>\n\t\t\t\t\t<\/div>\n\t\t<\/section>\n\t\t\t\t<section class=\"elementor-section elementor-top-section elementor-element elementor-element-99964ee elementor-section-boxed elementor-section-height-default elementor-section-height-default\" data-id=\"99964ee\" data-element_type=\"section\" data-e-type=\"section\">\n\t\t\t\t\t\t<div class=\"elementor-container elementor-column-gap-default\">\n\t\t\t\t\t<div class=\"elementor-column elementor-col-100 elementor-top-column elementor-element elementor-element-7ca9b7c\" data-id=\"7ca9b7c\" data-element_type=\"column\" data-e-type=\"column\">\n\t\t\t<div class=\"elementor-widget-wrap elementor-element-populated\">\n\t\t\t\t\t\t<div class=\"elementor-element elementor-element-d461644 elementor-widget elementor-widget-text-editor\" data-id=\"d461644\" data-element_type=\"widget\" data-e-type=\"widget\" data-widget_type=\"text-editor.default\">\n\t\t\t\t<div class=\"elementor-widget-container\">\n\t\t\t\t\t\t\t\t\t<h5>Un grand succ\u00e8s pour cette premi\u00e8re r\u00e9union d&rsquo;information\u00a0 ou plus de\u00a0 80 personnes sont venus\u00a0 s&rsquo;informer\u00a0 sur le processus de nidification de la mairie\u00a0 pour le projet des Famades<\/h5><div><em><strong><a href=\"https:\/\/www.change.org\/p\/ne-laissons-pas-b%C3%A9tonner-le-massif-des-alb%C3%A8res-%C3%A0-montesquieu?recruiter=979602744&amp;recruited_by_id=ff9ddc80-9a8e-11e9-b9f8-1bf097a930a4&amp;utm_source=share_petition&amp;utm_campaign=share_petition&amp;utm_term=psf_combo_share_message&amp;utm_medium=whatsapp&amp;utm_content=washarecopy_34580708_fr-FR%3A3\" target=\"_blank\" rel=\"noopener\">Un projet insens\u00e9 destructeur d&rsquo;un joyau patrimonial sur nos Alb\u00e8res<\/a><\/strong><\/em><\/div><div><em><strong><a href=\"https:\/\/www.change.org\/p\/ne-laissons-pas-b%C3%A9tonner-le-massif-des-alb%C3%A8res-%C3%A0-montesquieu?recruiter=979602744&amp;recruited_by_id=ff9ddc80-9a8e-11e9-b9f8-1bf097a930a4&amp;utm_source=share_petition&amp;utm_campaign=share_petition&amp;utm_term=psf_combo_share_message&amp;utm_medium=whatsapp&amp;utm_content=washarecopy_34580708_fr-FR%3A3\" target=\"_blank\" rel=\"noopener\"> signer la p\u00e9tition en ligne\u00a0<\/a><\/strong> <\/em><\/div><p>Avec la pr\u00e9sence de la LPO , FRENE66 et de VIURE<\/p><div>Une autre r\u00e9union est pr\u00e9vue MERCREDI 12 OCTOBRE \u00c0 18 H 30 Salle Jean Thubert (plus t\u00f4t<br \/>que la pr\u00e9c\u00e9dente) pour continuer d\u2019informer et d\u2019avancer sur les alternatives possibles au tout<br \/>b\u00e9ton promis sur ce territoire et plus largement dans le massif des Alb\u00e8res.<\/div><div>Une p\u00e9tition est en ligne :<br \/><a href=\"https:\/\/www.change.org\/p\/ne-laissons-pas-b\u00e9tonner-le-massif-des-alb\u00e8res-\u00e0-montesquieu\">https:\/\/www.change.org\/p\/ne-laissons-pas-b\u00e9tonner-le-massif-des-alb\u00e8res-\u00e0-montesquieu<\/a><br \/>Contact SETA : seta66740@gmail.com<br \/>T\u00e9l Tony ALEXANDRE Pr\u00e9sident : 07 69 95 50 76<\/div><div>\u00a0<\/div>\t\t\t\t\t\t\t\t<\/div>\n\t\t\t\t<\/div>\n\t\t\t\t\t<\/div>\n\t\t<\/div>\n\t\t\t\t\t<\/div>\n\t\t<\/section>\n\t\t\t\t<section class=\"elementor-section elementor-top-section elementor-element elementor-element-741e809 elementor-section-boxed elementor-section-height-default elementor-section-height-default\" data-id=\"741e809\" data-element_type=\"section\" data-e-type=\"section\">\n\t\t\t\t\t\t<div class=\"elementor-container elementor-column-gap-default\">\n\t\t\t\t\t<div class=\"elementor-column elementor-col-100 elementor-top-column elementor-element elementor-element-c429aca\" data-id=\"c429aca\" data-element_type=\"column\" data-e-type=\"column\">\n\t\t\t<div class=\"elementor-widget-wrap elementor-element-populated\">\n\t\t\t\t\t\t<div class=\"elementor-element elementor-element-ef90af2 elementor-arrows-position-inside elementor-pagination-position-outside elementor-widget elementor-widget-image-carousel\" data-id=\"ef90af2\" data-element_type=\"widget\" data-e-type=\"widget\" data-settings=\"{&quot;navigation&quot;:&quot;both&quot;,&quot;autoplay&quot;:&quot;yes&quot;,&quot;pause_on_hover&quot;:&quot;yes&quot;,&quot;pause_on_interaction&quot;:&quot;yes&quot;,&quot;autoplay_speed&quot;:5000,&quot;infinite&quot;:&quot;yes&quot;,&quot;speed&quot;:500}\" data-widget_type=\"image-carousel.default\">\n\t\t\t\t<div class=\"elementor-widget-container\">\n\t\t\t\t\t\t\t<div class=\"elementor-image-carousel-wrapper swiper\" role=\"region\" aria-roledescription=\"carousel\" aria-label=\"Carrousel d\u2019images\" dir=\"ltr\">\n\t\t\t<div class=\"elementor-image-carousel swiper-wrapper\" aria-live=\"off\">\n\t\t\t\t\t\t\t\t<div class=\"swiper-slide\" role=\"group\" aria-roledescription=\"slide\" aria-label=\"1 sur 7\"><figure class=\"swiper-slide-inner\"><img decoding=\"async\" class=\"swiper-slide-image\" src=\"https:\/\/seta66.com\/wp-content\/uploads\/2022\/10\/2022-10-09-at-10-14-32-768x419.jpg\" alt=\"2022-10-09 at 10-14-32\" \/><\/figure><\/div><div class=\"swiper-slide\" role=\"group\" aria-roledescription=\"slide\" aria-label=\"2 sur 7\"><figure class=\"swiper-slide-inner\"><img decoding=\"async\" class=\"swiper-slide-image\" src=\"https:\/\/seta66.com\/wp-content\/uploads\/2022\/10\/2022-10-09-at-10-18-10-768x415.jpg\" alt=\"2022-10-09 at 10-18-10\" \/><\/figure><\/div><div class=\"swiper-slide\" role=\"group\" aria-roledescription=\"slide\" aria-label=\"3 sur 7\"><figure class=\"swiper-slide-inner\"><img decoding=\"async\" class=\"swiper-slide-image\" src=\"https:\/\/seta66.com\/wp-content\/uploads\/2022\/10\/2022-10-09-at-10-21-50-768x433.jpg\" alt=\"2022-10-09 at 10-21-50\" \/><\/figure><\/div><div class=\"swiper-slide\" role=\"group\" aria-roledescription=\"slide\" aria-label=\"4 sur 7\"><figure class=\"swiper-slide-inner\"><img decoding=\"async\" class=\"swiper-slide-image\" src=\"https:\/\/seta66.com\/wp-content\/uploads\/2022\/10\/2022-10-09-at-10-22-29-768x428.jpg\" alt=\"2022-10-09 at 10-22-29\" \/><\/figure><\/div><div class=\"swiper-slide\" role=\"group\" aria-roledescription=\"slide\" aria-label=\"5 sur 7\"><figure class=\"swiper-slide-inner\"><img decoding=\"async\" class=\"swiper-slide-image\" src=\"https:\/\/seta66.com\/wp-content\/uploads\/2022\/10\/2022-10-09-at-10-24-29-768x404.jpg\" alt=\"2022-10-09 at 10-24-29\" \/><\/figure><\/div><div class=\"swiper-slide\" role=\"group\" aria-roledescription=\"slide\" aria-label=\"6 sur 7\"><figure class=\"swiper-slide-inner\"><img decoding=\"async\" class=\"swiper-slide-image\" src=\"https:\/\/seta66.com\/wp-content\/uploads\/2022\/10\/2022-10-09-at-10-25-01-768x399.jpg\" alt=\"2022-10-09 at 10-25-01\" \/><\/figure><\/div><div class=\"swiper-slide\" role=\"group\" aria-roledescription=\"slide\" aria-label=\"7 sur 7\"><figure class=\"swiper-slide-inner\"><img decoding=\"async\" class=\"swiper-slide-image\" src=\"https:\/\/seta66.com\/wp-content\/uploads\/2022\/10\/2022-10-09-at-10-26-59-768x435.jpg\" alt=\"2022-10-09 at 10-26-59\" \/><\/figure><\/div>\t\t\t<\/div>\n\t\t\t\t\t\t\t\t\t\t\t\t<div class=\"elementor-swiper-button elementor-swiper-button-prev\" role=\"button\" tabindex=\"0\">\n\t\t\t\t\t\t<i aria-hidden=\"true\" class=\"eicon-chevron-left\"><\/i>\t\t\t\t\t<\/div>\n\t\t\t\t\t<div class=\"elementor-swiper-button elementor-swiper-button-next\" role=\"button\" tabindex=\"0\">\n\t\t\t\t\t\t<i aria-hidden=\"true\" class=\"eicon-chevron-right\"><\/i>\t\t\t\t\t<\/div>\n\t\t\t\t\n\t\t\t\t\t\t\t\t\t<div class=\"swiper-pagination\"><\/div>\n\t\t\t\t\t\t\t\t\t<\/div>\n\t\t\t\t\t\t<\/div>\n\t\t\t\t<\/div>\n\t\t\t\t\t<\/div>\n\t\t<\/div>\n\t\t\t\t\t<\/div>\n\t\t<\/section>\n\t\t\t\t<section class=\"elementor-section elementor-top-section elementor-element elementor-element-94b75a8 elementor-section-boxed elementor-section-height-default elementor-section-height-default\" data-id=\"94b75a8\" data-element_type=\"section\" data-e-type=\"section\">\n\t\t\t\t\t\t<div class=\"elementor-container elementor-column-gap-default\">\n\t\t\t\t\t<div class=\"elementor-column elementor-col-100 elementor-top-column elementor-element elementor-element-8c926c9\" data-id=\"8c926c9\" data-element_type=\"column\" data-e-type=\"column\">\n\t\t\t<div class=\"elementor-widget-wrap elementor-element-populated\">\n\t\t\t\t\t\t<div class=\"elementor-element elementor-element-97687bf elementor-widget elementor-widget-text-editor\" data-id=\"97687bf\" data-element_type=\"widget\" data-e-type=\"widget\" data-widget_type=\"text-editor.default\">\n\t\t\t\t<div class=\"elementor-widget-container\">\n\t\t\t\t\t\t\t\t\t<div>Mesdames, Messieurs,<\/div><div>\u00a0<\/div><div>La\u00a0 SETA organise deux r\u00e9unions\u00a0publiques d&rsquo;information,<\/div><div><div>sur un\u00a0<span style=\"color: #ff0000;\">projet insens\u00e9 de b\u00e9tonisation de nos Alb\u00e8res<\/span>\u00a0sur la commune de Montesquieu.<\/div><div>\u00a0<\/div><div><div>Les r\u00e9unions auront lieu \u00e0 la\u00a0salle Jean THUBERT \u00e0 Montesquieu des Alb\u00e8res\u00a0(face \u00e0 la mairie) :<\/div><div><ul><li>le vendredi 7 octobre \u00e0\u00a020h30<div>et<\/div><\/li><li>le Mercredi 12 octobre \u00e0\u00a018h30<\/li><\/ul><div>Esp\u00e9rant vivement vous rencontrer \u00e0 cette occasion,<\/div><div>\u00a0<\/div><div><a href=\"https:\/\/seta66.com\/wp-content\/uploads\/2022\/09\/Stop-beton-a-Montesquieu1.jpg\">Stop B\u00e9ton \u00e0 Montesquieu des Alb\u00e8res<\/a><\/div><div>\u00a0<\/div><\/div><\/div><\/div><div dir=\"ltr\" data-smartmail=\"gmail_signature\"><div dir=\"ltr\"><div><a href=\"https:\/\/seta66.com\/wp-content\/uploads\/2022\/09\/Stop-beton-a-Montesquieu2.jpg\"><i><b><span style=\"color: #38761d;\"><img loading=\"lazy\" decoding=\"async\" class=\"CToWUd\" src=\"https:\/\/ci3.googleusercontent.com\/mail-sig\/AIorK4w2CjXGY1ffm4oPe1OVqqdyoBOvg2Pzf60d0X9mIo6r6AtdePaJ3IGBlioLma_ZfNFBrWvhzEk\" width=\"96\" height=\"93\" data-bit=\"iit\" \/><\/span><\/b><\/i><\/a><\/div><\/div><div><div><i><b><span style=\"color: #38761d;\">Association S.E.T.A<\/span><\/b><\/i><\/div><div><div><i><span style=\"color: #cc0000;\"><b>S<\/b><\/span>auvegarde de l&rsquo;<span style=\"color: #aa0000;\"><b>E<\/b><\/span>nvironnement du\u00a0<b><span style=\"color: #cc0000;\">T<\/span><\/b>ech et des\u00a0<span style=\"color: #cc0000;\"><b>A<\/b><\/span>lb\u00e8res<\/i><\/div><div><i><b>Association reconnue d&rsquo;int\u00e9r\u00eat g\u00e9n\u00e9ral<\/b><br \/><\/i><i>avec le soutien de la\u00a0<span style=\"color: #0000ff;\">DRAJES Occitanie\u00a0\u00a0<\/span><\/i><i><br \/><\/i><\/div><div><i>n\u00b0 association : W661006296 ; identifiant SIRET : 909 096 976 00016<\/i><\/div><\/div><div><i>\u00a01 grand Rue &#8211; 66740 Montesquieu des Alb\u00e8res<\/i><\/div><div><i>tel. 07 69 95 50 76 \/ email :<\/i>\u00a0<a href=\"mailto:seta66740@gmail.com\" target=\"_blank\" rel=\"noopener\"><span style=\"color: #0b5394;\"><i>seta66740@gmail.com<\/i><\/span><\/a><\/div><div><u>Site Web<\/u>\u00a0:\u00a0<a href=\"https:\/\/seta66.com\/\" target=\"_blank\" rel=\"noopener\" data-saferedirecturl=\"https:\/\/www.google.com\/url?q=https:\/\/seta66.com\/&amp;source=gmail&amp;ust=1664555016363000&amp;usg=AOvVaw1Y3Nu9oEKFsyWMP0iNw546\"><span style=\"color: #6aa84f;\">https:\/\/seta66.com\/<\/span><\/a><\/div><div>Rejoignez-nous sur\u00a0<a href=\"https:\/\/www.facebook.com\/SETA-107745111526763\/about\/?ref=page_internal\" target=\"_blank\" rel=\"noopener\" data-saferedirecturl=\"https:\/\/www.google.com\/url?q=https:\/\/www.facebook.com\/SETA-107745111526763\/about\/?ref%3Dpage_internal&amp;source=gmail&amp;ust=1664555016363000&amp;usg=AOvVaw25JhH-SPNQSa9G5rDO3xTd\"><b><span style=\"color: #0b5394;\">facebook<\/span><\/b><\/a><\/div><div><i>Cliquez pour\u00a0<a href=\"https:\/\/www.helloasso.com\/associations\/sauvegarde-de-l-environnement-du-tech-et-des-alber\/adhesions\/adhesion-cotisation-a-la-seta-pour-l-annee-2022\" target=\"_blank\" rel=\"noopener\" data-saferedirecturl=\"https:\/\/www.google.com\/url?q=https:\/\/www.helloasso.com\/associations\/sauvegarde-de-l-environnement-du-tech-et-des-alber\/adhesions\/adhesion-cotisation-a-la-seta-pour-l-annee-2022&amp;source=gmail&amp;ust=1664555016363000&amp;usg=AOvVaw0kXaJbwCkmvbkmxraHSSjm\">Adh\u00e9rer en ligne \u00e0 la SETA<\/a><\/i><\/div><div><img loading=\"lazy\" decoding=\"async\" class=\"CToWUd\" src=\"https:\/\/ci3.googleusercontent.com\/mail-sig\/AIorK4w5jO7crHK-xzKOsBVWnLf_1es6FmlPT7kTMPeQ1y-lkGNCNr-wjwuGDzNGZH29DGAlEm5irrw\" width=\"96\" height=\"96\" data-bit=\"iit\" \/><\/div><\/div><\/div>\t\t\t\t\t\t\t\t<\/div>\n\t\t\t\t<\/div>\n\t\t\t\t\t<\/div>\n\t\t<\/div>\n\t\t\t\t\t<\/div>\n\t\t<\/section>\n\t\t\t\t<section class=\"elementor-section elementor-top-section elementor-element elementor-element-25a3bbd elementor-section-boxed elementor-section-height-default elementor-section-height-default\" data-id=\"25a3bbd\" data-element_type=\"section\" data-e-type=\"section\">\n\t\t\t\t\t\t<div class=\"elementor-container elementor-column-gap-default\">\n\t\t\t\t\t<div class=\"elementor-column elementor-col-100 elementor-top-column elementor-element elementor-element-222f6af\" data-id=\"222f6af\" data-element_type=\"column\" data-e-type=\"column\">\n\t\t\t<div class=\"elementor-widget-wrap elementor-element-populated\">\n\t\t\t\t\t\t<div class=\"elementor-element elementor-element-6192ff6 elementor-widget elementor-widget-wpzoom-elementor-addons-slider\" data-id=\"6192ff6\" data-element_type=\"widget\" data-e-type=\"widget\" data-settings=\"{&quot;animation_speed&quot;:300,&quot;autoplay&quot;:&quot;yes&quot;,&quot;autoplay_speed&quot;:3000,&quot;loop&quot;:&quot;yes&quot;,&quot;slides_to_show&quot;:1,&quot;slides_to_show_tablet&quot;:1,&quot;slides_to_show_mobile&quot;:1,&quot;navigation&quot;:&quot;arrow&quot;}\" data-widget_type=\"wpzoom-elementor-addons-slider.default\">\n\t\t\t\t<div class=\"elementor-widget-container\">\n\t\t\t\t\t<div class=\"wpzjs-slick wpz-slick wpz-slick--slider\">\n\n\t\t\t\n\t\t\t\t<div class=\"wpz-slick-slide\">\n\n\t\t\t\t\t<a class=\"wpz-slick-item\" href=\"https:\/\/seta66.com\/wp-content\/uploads\/2022\/09\/Stop-beton-a-Montesquieu1.jpg\">\n\n\t\t\t\t\t\t\t\t\t\t\t\t\t<img decoding=\"async\" class=\"wpz-slick-img\" src=\"https:\/\/seta66.com\/wp-content\/uploads\/2022\/09\/Stop-beton-a-Montesquieu1-774x1024.jpg\" alt=\"stop Beton \">\n\t\t\t\t\t\t\n\t\t\t\t\t\t\n\t\t\t\t\t\t\t\t\t\t\t\t\t<div class=\"wpz-slick-content\">\n\t\t\t\t\t\t\t\t\t\t\t\t\t\t\t\t\t<h2 class=\"wpz-slick-title\">stop Beton <\/h2>\n\t\t\t\t\t\t\t\t\t\t\t\t\t\t\t\t\t\t\t\t\t\t\t<\/div>\n\t\t\t\t\t\t\n\t\t\t\t\t<\/a>\n\n\t\t\t\t<\/div>\n\n\t\t\t\n\t\t\t\t<div class=\"wpz-slick-slide\">\n\n\t\t\t\t\t<a class=\"wpz-slick-item\" href=\"https:\/\/seta66.com\/wp-content\/uploads\/2022\/09\/Stop-beton-a-Montesquieu2.jpg\">\n\n\t\t\t\t\t\t\t\t\t\t\t\t\t<img decoding=\"async\" class=\"wpz-slick-img\" src=\"https:\/\/seta66.com\/wp-content\/uploads\/2022\/09\/Stop-beton-a-Montesquieu2-775x1024.jpg\" alt=\"STOP  BETON\">\n\t\t\t\t\t\t\n\t\t\t\t\t\t\n\t\t\t\t\t\t\t\t\t\t\t\t\t<div class=\"wpz-slick-content\">\n\t\t\t\t\t\t\t\t\t\t\t\t\t\t\t\t\t<h2 class=\"wpz-slick-title\">STOP  BETON<\/h2>\n\t\t\t\t\t\t\t\t\t\t\t\t\t\t\t\t\t\t\t\t\t\t\t<\/div>\n\t\t\t\t\t\t\n\t\t\t\t\t<\/a>\n\n\t\t\t\t<\/div>\n\n\t\t\t\n\t\t<\/div>\n\n\t\t\t\t\t<button type=\"button\" class=\"slick-prev\"><i aria-hidden=\"true\" class=\"fas fa-chevron-left\"><\/i><\/button>\n\t\t\n\t\t\t\t\t<button type=\"button\" class=\"slick-next\"><i aria-hidden=\"true\" class=\"fas fa-chevron-right\"><\/i><\/button>\n\t\t\n\t\t\t\t\t\t<\/div>\n\t\t\t\t<\/div>\n\t\t\t\t\t<\/div>\n\t\t<\/div>\n\t\t\t\t\t<\/div>\n\t\t<\/section>\n\t\t\t\t<section class=\"elementor-section elementor-top-section elementor-element elementor-element-f62bc38 elementor-section-boxed elementor-section-height-default elementor-section-height-default\" data-id=\"f62bc38\" data-element_type=\"section\" data-e-type=\"section\">\n\t\t\t\t\t\t<div class=\"elementor-container elementor-column-gap-default\">\n\t\t\t\t\t<div class=\"elementor-column elementor-col-100 elementor-top-column elementor-element elementor-element-033681d\" data-id=\"033681d\" data-element_type=\"column\" data-e-type=\"column\">\n\t\t\t<div class=\"elementor-widget-wrap elementor-element-populated\">\n\t\t\t\t\t\t<div class=\"elementor-element elementor-element-b3511ad elementor-widget-divider--view-line elementor-widget elementor-widget-divider\" data-id=\"b3511ad\" data-element_type=\"widget\" data-e-type=\"widget\" data-widget_type=\"divider.default\">\n\t\t\t\t<div class=\"elementor-widget-container\">\n\t\t\t\t\t\t\t<div class=\"elementor-divider\">\n\t\t\t<span class=\"elementor-divider-separator\">\n\t\t\t\t\t\t<\/span>\n\t\t<\/div>\n\t\t\t\t\t\t<\/div>\n\t\t\t\t<\/div>\n\t\t\t\t\t<\/div>\n\t\t<\/div>\n\t\t\t\t\t<\/div>\n\t\t<\/section>\n\t\t\t\t<section class=\"elementor-section elementor-top-section elementor-element elementor-element-6914ec4 elementor-section-boxed elementor-section-height-default elementor-section-height-default\" data-id=\"6914ec4\" data-element_type=\"section\" data-e-type=\"section\">\n\t\t\t\t\t\t<div class=\"elementor-container elementor-column-gap-default\">\n\t\t\t\t\t<div class=\"elementor-column elementor-col-100 elementor-top-column elementor-element elementor-element-bdbbd7c\" data-id=\"bdbbd7c\" data-element_type=\"column\" data-e-type=\"column\">\n\t\t\t<div class=\"elementor-widget-wrap elementor-element-populated\">\n\t\t\t\t\t\t<div class=\"elementor-element elementor-element-21b8d2f elementor-widget elementor-widget-text-editor\" data-id=\"21b8d2f\" data-element_type=\"widget\" data-e-type=\"widget\" data-widget_type=\"text-editor.default\">\n\t\t\t\t<div class=\"elementor-widget-container\">\n\t\t\t\t\t\t\t\t\t<h3><a href=\"https:\/\/seta66.com\/index.php\/2022\/03\/13\/montesquieu-des-alberes\/\">La Mairie a perdu la raison la loi climat\u00a0 est baffou\u00e9e<\/a><\/h3><h5>Abattage en cours\u00a0 rue des remparts \u00e0 Montesquieu des Alb\u00e8res<\/h5>\t\t\t\t\t\t\t\t<\/div>\n\t\t\t\t<\/div>\n\t\t\t\t\t<\/div>\n\t\t<\/div>\n\t\t\t\t\t<\/div>\n\t\t<\/section>\n\t\t\t\t<section class=\"elementor-section elementor-top-section elementor-element elementor-element-bb53eb9 elementor-section-boxed elementor-section-height-default elementor-section-height-default\" data-id=\"bb53eb9\" data-element_type=\"section\" data-e-type=\"section\">\n\t\t\t\t\t\t<div class=\"elementor-container elementor-column-gap-default\">\n\t\t\t\t\t<div class=\"elementor-column elementor-col-100 elementor-top-column elementor-element elementor-element-f35a693\" data-id=\"f35a693\" data-element_type=\"column\" data-e-type=\"column\">\n\t\t\t<div class=\"elementor-widget-wrap elementor-element-populated\">\n\t\t\t\t\t\t<div class=\"elementor-element elementor-element-fe7443c elementor-widget elementor-widget-image\" data-id=\"fe7443c\" data-element_type=\"widget\" data-e-type=\"widget\" data-widget_type=\"image.default\">\n\t\t\t\t<div class=\"elementor-widget-container\">\n\t\t\t\t\t\t\t\t\t\t\t\t\t\t\t\t<a href=\"https:\/\/seta66.com\/index.php\/2022\/03\/13\/montesquieu-des-alberes\/\">\n\t\t\t\t\t\t\t<img loading=\"lazy\" decoding=\"async\" width=\"698\" height=\"1024\" src=\"https:\/\/seta66.com\/wp-content\/uploads\/2022\/03\/IMG-20220907-WA0000-698x1024.jpg\" class=\"attachment-large size-large wp-image-1621\" alt=\"\" srcset=\"https:\/\/seta66.com\/wp-content\/uploads\/2022\/03\/IMG-20220907-WA0000-698x1024.jpg 698w, https:\/\/seta66.com\/wp-content\/uploads\/2022\/03\/IMG-20220907-WA0000-204x300.jpg 204w, https:\/\/seta66.com\/wp-content\/uploads\/2022\/03\/IMG-20220907-WA0000-768x1127.jpg 768w, https:\/\/seta66.com\/wp-content\/uploads\/2022\/03\/IMG-20220907-WA0000-1046x1536.jpg 1046w, https:\/\/seta66.com\/wp-content\/uploads\/2022\/03\/IMG-20220907-WA0000.jpg 1090w\" sizes=\"(max-width: 698px) 100vw, 698px\" \/>\t\t\t\t\t\t\t\t<\/a>\n\t\t\t\t\t\t\t\t\t\t\t\t\t\t\t<\/div>\n\t\t\t\t<\/div>\n\t\t\t\t\t<\/div>\n\t\t<\/div>\n\t\t\t\t\t<\/div>\n\t\t<\/section>\n\t\t\t\t<section class=\"elementor-section elementor-top-section elementor-element elementor-element-abdd367 elementor-section-boxed elementor-section-height-default elementor-section-height-default\" data-id=\"abdd367\" data-element_type=\"section\" data-e-type=\"section\">\n\t\t\t\t\t\t<div class=\"elementor-container elementor-column-gap-default\">\n\t\t\t\t\t<div class=\"elementor-column elementor-col-100 elementor-top-column elementor-element elementor-element-5d2326a\" data-id=\"5d2326a\" data-element_type=\"column\" data-e-type=\"column\">\n\t\t\t<div class=\"elementor-widget-wrap elementor-element-populated\">\n\t\t\t\t\t\t<div class=\"elementor-element elementor-element-15bdbe0 elementor-widget-divider--view-line elementor-widget elementor-widget-divider\" data-id=\"15bdbe0\" data-element_type=\"widget\" data-e-type=\"widget\" data-widget_type=\"divider.default\">\n\t\t\t\t<div class=\"elementor-widget-container\">\n\t\t\t\t\t\t\t<div class=\"elementor-divider\">\n\t\t\t<span class=\"elementor-divider-separator\">\n\t\t\t\t\t\t<\/span>\n\t\t<\/div>\n\t\t\t\t\t\t<\/div>\n\t\t\t\t<\/div>\n\t\t\t\t\t<\/div>\n\t\t<\/div>\n\t\t\t\t\t<\/div>\n\t\t<\/section>\n\t\t\t\t<section class=\"elementor-section elementor-top-section elementor-element elementor-element-2892c82 elementor-section-boxed elementor-section-height-default elementor-section-height-default\" data-id=\"2892c82\" data-element_type=\"section\" data-e-type=\"section\">\n\t\t\t\t\t\t<div class=\"elementor-container elementor-column-gap-default\">\n\t\t\t\t\t<div class=\"elementor-column elementor-col-50 elementor-top-column elementor-element elementor-element-00cc8f9\" data-id=\"00cc8f9\" data-element_type=\"column\" data-e-type=\"column\">\n\t\t\t<div class=\"elementor-widget-wrap elementor-element-populated\">\n\t\t\t\t\t\t<div class=\"elementor-element elementor-element-12d2643 elementor-widget elementor-widget-image\" data-id=\"12d2643\" data-element_type=\"widget\" data-e-type=\"widget\" data-widget_type=\"image.default\">\n\t\t\t\t<div class=\"elementor-widget-container\">\n\t\t\t\t\t\t\t\t\t\t\t\t\t\t\t<img loading=\"lazy\" decoding=\"async\" width=\"1024\" height=\"767\" src=\"https:\/\/seta66.com\/wp-content\/uploads\/2022\/03\/2022-03-16-at-17-53-35-1024x767.png\" class=\"attachment-large size-large wp-image-681\" alt=\"\" srcset=\"https:\/\/seta66.com\/wp-content\/uploads\/2022\/03\/2022-03-16-at-17-53-35-1024x767.png 1024w, https:\/\/seta66.com\/wp-content\/uploads\/2022\/03\/2022-03-16-at-17-53-35-300x225.png 300w, https:\/\/seta66.com\/wp-content\/uploads\/2022\/03\/2022-03-16-at-17-53-35-768x575.png 768w, https:\/\/seta66.com\/wp-content\/uploads\/2022\/03\/2022-03-16-at-17-53-35-259x194.png 259w, https:\/\/seta66.com\/wp-content\/uploads\/2022\/03\/2022-03-16-at-17-53-35.png 1222w\" sizes=\"(max-width: 1024px) 100vw, 1024px\" \/>\t\t\t\t\t\t\t\t\t\t\t\t\t\t\t<\/div>\n\t\t\t\t<\/div>\n\t\t\t\t\t<\/div>\n\t\t<\/div>\n\t\t\t\t<div class=\"elementor-column elementor-col-50 elementor-top-column elementor-element elementor-element-c32665d\" data-id=\"c32665d\" data-element_type=\"column\" data-e-type=\"column\">\n\t\t\t<div class=\"elementor-widget-wrap elementor-element-populated\">\n\t\t\t\t\t\t<div class=\"elementor-element elementor-element-e67fcde elementor-widget elementor-widget-text-editor\" data-id=\"e67fcde\" data-element_type=\"widget\" data-e-type=\"widget\" data-widget_type=\"text-editor.default\">\n\t\t\t\t<div class=\"elementor-widget-container\">\n\t\t\t\t\t\t\t\t\t<h4>La Journ\u00e9e de la Chouette&nbsp; Organis\u00e9e&nbsp; par la&nbsp; SETA et LPO&nbsp; salle Espace de la Prade&nbsp; \u00e0 St Genis-des-Fontaines<br><\/h4>\t\t\t\t\t\t\t\t<\/div>\n\t\t\t\t<\/div>\n\t\t\t\t\t<\/div>\n\t\t<\/div>\n\t\t\t\t\t<\/div>\n\t\t<\/section>\n\t\t\t\t<section class=\"elementor-section elementor-top-section elementor-element elementor-element-33522b7 elementor-section-boxed elementor-section-height-default elementor-section-height-default\" data-id=\"33522b7\" data-element_type=\"section\" data-e-type=\"section\">\n\t\t\t\t\t\t<div class=\"elementor-container elementor-column-gap-default\">\n\t\t\t\t\t<div class=\"elementor-column elementor-col-100 elementor-top-column elementor-element elementor-element-ee5b19a\" data-id=\"ee5b19a\" data-element_type=\"column\" data-e-type=\"column\">\n\t\t\t<div class=\"elementor-widget-wrap elementor-element-populated\">\n\t\t\t\t\t\t<div class=\"elementor-element elementor-element-0cbeb5a elementor-widget elementor-widget-image\" data-id=\"0cbeb5a\" data-element_type=\"widget\" data-e-type=\"widget\" data-widget_type=\"image.default\">\n\t\t\t\t<div class=\"elementor-widget-container\">\n\t\t\t\t\t\t\t\t\t\t\t\t\t\t\t<img loading=\"lazy\" decoding=\"async\" width=\"1024\" height=\"768\" src=\"https:\/\/seta66.com\/wp-content\/uploads\/2022\/03\/lafetedela-chouette-1024x768.png\" class=\"attachment-large size-large wp-image-834\" alt=\"\" srcset=\"https:\/\/seta66.com\/wp-content\/uploads\/2022\/03\/lafetedela-chouette-1024x768.png 1024w, https:\/\/seta66.com\/wp-content\/uploads\/2022\/03\/lafetedela-chouette-300x225.png 300w, https:\/\/seta66.com\/wp-content\/uploads\/2022\/03\/lafetedela-chouette-768x576.png 768w, https:\/\/seta66.com\/wp-content\/uploads\/2022\/03\/lafetedela-chouette-1536x1152.png 1536w, https:\/\/seta66.com\/wp-content\/uploads\/2022\/03\/lafetedela-chouette-2048x1536.png 2048w, https:\/\/seta66.com\/wp-content\/uploads\/2022\/03\/lafetedela-chouette-269x202.png 269w\" sizes=\"(max-width: 1024px) 100vw, 1024px\" \/>\t\t\t\t\t\t\t\t\t\t\t\t\t\t\t<\/div>\n\t\t\t\t<\/div>\n\t\t\t\t\t<\/div>\n\t\t<\/div>\n\t\t\t\t\t<\/div>\n\t\t<\/section>\n\t\t\t\t<section class=\"elementor-section elementor-top-section elementor-element elementor-element-bad0952 elementor-section-boxed elementor-section-height-default elementor-section-height-default\" data-id=\"bad0952\" data-element_type=\"section\" data-e-type=\"section\">\n\t\t\t\t\t\t<div class=\"elementor-container elementor-column-gap-default\">\n\t\t\t\t\t<div class=\"elementor-column elementor-col-100 elementor-top-column elementor-element elementor-element-24c5001\" data-id=\"24c5001\" data-element_type=\"column\" data-e-type=\"column\">\n\t\t\t<div class=\"elementor-widget-wrap elementor-element-populated\">\n\t\t\t\t\t\t<div class=\"elementor-element elementor-element-62ca966 elementor-widget elementor-widget-image\" data-id=\"62ca966\" data-element_type=\"widget\" data-e-type=\"widget\" data-widget_type=\"image.default\">\n\t\t\t\t<div class=\"elementor-widget-container\">\n\t\t\t\t\t\t\t\t\t\t\t\t\t\t\t<img loading=\"lazy\" decoding=\"async\" width=\"625\" height=\"510\" src=\"https:\/\/seta66.com\/wp-content\/uploads\/2022\/03\/2022-03-28-at-15-07-45-e1664718931443.png\" class=\"attachment-large size-large wp-image-842\" alt=\"\" srcset=\"https:\/\/seta66.com\/wp-content\/uploads\/2022\/03\/2022-03-28-at-15-07-45-e1664718931443.png 625w, https:\/\/seta66.com\/wp-content\/uploads\/2022\/03\/2022-03-28-at-15-07-45-e1664718931443-300x245.png 300w, https:\/\/seta66.com\/wp-content\/uploads\/2022\/03\/2022-03-28-at-15-07-45-e1664718931443-368x300.png 368w\" sizes=\"(max-width: 625px) 100vw, 625px\" \/>\t\t\t\t\t\t\t\t\t\t\t\t\t\t\t<\/div>\n\t\t\t\t<\/div>\n\t\t\t\t\t<\/div>\n\t\t<\/div>\n\t\t\t\t\t<\/div>\n\t\t<\/section>\n\t\t\t\t<\/div>\n\t\t","protected":false},"excerpt":{"rendered":"<p>Montesquieu des Alb\u00e8res Site de la Mairie : R\u00e9ponse publique de SETA \u00e0 la r\u00e9union du 12 mars 2026 Lors de la r\u00e9union publique du 12 mars, Madame le Maire &hellip;<\/p>\n","protected":false},"author":2,"featured_media":6529,"comment_status":"closed","ping_status":"closed","sticky":false,"template":"elementor_theme","format":"standard","meta":{"_bbp_topic_count":0,"_bbp_reply_count":0,"_bbp_total_topic_count":0,"_bbp_total_reply_count":0,"_bbp_voice_count":0,"_bbp_anonymous_reply_count":0,"_bbp_topic_count_hidden":0,"_bbp_reply_count_hidden":0,"_bbp_forum_subforum_count":0,"footnotes":""},"categories":[8],"tags":[],"class_list":["post-377","post","type-post","status-publish","format-standard","has-post-thumbnail","hentry","category-alberes"],"_links":{"self":[{"href":"https:\/\/seta66.com\/index.php\/wp-json\/wp\/v2\/posts\/377","targetHints":{"allow":["GET"]}}],"collection":[{"href":"https:\/\/seta66.com\/index.php\/wp-json\/wp\/v2\/posts"}],"about":[{"href":"https:\/\/seta66.com\/index.php\/wp-json\/wp\/v2\/types\/post"}],"author":[{"embeddable":true,"href":"https:\/\/seta66.com\/index.php\/wp-json\/wp\/v2\/users\/2"}],"replies":[{"embeddable":true,"href":"https:\/\/seta66.com\/index.php\/wp-json\/wp\/v2\/comments?post=377"}],"version-history":[{"count":35,"href":"https:\/\/seta66.com\/index.php\/wp-json\/wp\/v2\/posts\/377\/revisions"}],"predecessor-version":[{"id":7700,"href":"https:\/\/seta66.com\/index.php\/wp-json\/wp\/v2\/posts\/377\/revisions\/7700"}],"wp:featuredmedia":[{"embeddable":true,"href":"https:\/\/seta66.com\/index.php\/wp-json\/wp\/v2\/media\/6529"}],"wp:attachment":[{"href":"https:\/\/seta66.com\/index.php\/wp-json\/wp\/v2\/media?parent=377"}],"wp:term":[{"taxonomy":"category","embeddable":true,"href":"https:\/\/seta66.com\/index.php\/wp-json\/wp\/v2\/categories?post=377"},{"taxonomy":"post_tag","embeddable":true,"href":"https:\/\/seta66.com\/index.php\/wp-json\/wp\/v2\/tags?post=377"}],"curies":[{"name":"wp","href":"https:\/\/api.w.org\/{rel}","templated":true}]}}