{"id":373,"date":"2022-03-13T11:54:44","date_gmt":"2022-03-13T10:54:44","guid":{"rendered":"https:\/\/seta66.com\/?p=373"},"modified":"2026-03-03T10:53:04","modified_gmt":"2026-03-03T09:53:04","slug":"ceret","status":"publish","type":"post","link":"https:\/\/seta66.com\/index.php\/2022\/03\/13\/ceret\/","title":{"rendered":"Ceret"},"content":{"rendered":"\t\t<div data-elementor-type=\"wp-post\" data-elementor-id=\"373\" class=\"elementor elementor-373\">\n\t\t\t\t\t\t<section class=\"elementor-section elementor-top-section elementor-element elementor-element-fda929c elementor-section-boxed elementor-section-height-default elementor-section-height-default\" data-id=\"fda929c\" data-element_type=\"section\" data-e-type=\"section\">\n\t\t\t\t\t\t<div class=\"elementor-container elementor-column-gap-default\">\n\t\t\t\t\t<div class=\"elementor-column elementor-col-100 elementor-top-column elementor-element elementor-element-e8d10bc\" data-id=\"e8d10bc\" data-element_type=\"column\" data-e-type=\"column\">\n\t\t\t<div class=\"elementor-widget-wrap elementor-element-populated\">\n\t\t\t\t\t\t<div class=\"elementor-element elementor-element-73921ca elementor-widget elementor-widget-heading\" data-id=\"73921ca\" data-element_type=\"widget\" data-e-type=\"widget\" data-widget_type=\"heading.default\">\n\t\t\t\t<div class=\"elementor-widget-container\">\n\t\t\t\t\t<h2 class=\"elementor-heading-title elementor-size-default\"><a href=\"http:\/\/www.mairie-ceret.fr\/\" target=\"_blank\">Ceret --  66400<\/a><\/h2>\t\t\t\t<\/div>\n\t\t\t\t<\/div>\n\t\t\t\t\t<\/div>\n\t\t<\/div>\n\t\t\t\t\t<\/div>\n\t\t<\/section>\n\t\t\t\t<section class=\"elementor-section elementor-top-section elementor-element elementor-element-17b2718 elementor-section-boxed elementor-section-height-default elementor-section-height-default\" data-id=\"17b2718\" data-element_type=\"section\" data-e-type=\"section\">\n\t\t\t\t\t\t<div class=\"elementor-container elementor-column-gap-default\">\n\t\t\t\t\t<div class=\"elementor-column elementor-col-100 elementor-top-column elementor-element elementor-element-fddccaa\" data-id=\"fddccaa\" data-element_type=\"column\" data-e-type=\"column\">\n\t\t\t<div class=\"elementor-widget-wrap elementor-element-populated\">\n\t\t\t\t\t\t<div class=\"elementor-element elementor-element-7a0ce17 elementor-widget-divider--view-line elementor-widget elementor-widget-divider\" data-id=\"7a0ce17\" data-element_type=\"widget\" data-e-type=\"widget\" data-widget_type=\"divider.default\">\n\t\t\t\t<div class=\"elementor-widget-container\">\n\t\t\t\t\t\t\t<div class=\"elementor-divider\">\n\t\t\t<span class=\"elementor-divider-separator\">\n\t\t\t\t\t\t<\/span>\n\t\t<\/div>\n\t\t\t\t\t\t<\/div>\n\t\t\t\t<\/div>\n\t\t\t\t\t<\/div>\n\t\t<\/div>\n\t\t\t\t\t<\/div>\n\t\t<\/section>\n\t\t\t\t<section class=\"elementor-section elementor-top-section elementor-element elementor-element-08114c6 elementor-section-boxed elementor-section-height-default elementor-section-height-default\" data-id=\"08114c6\" data-element_type=\"section\" data-e-type=\"section\">\n\t\t\t\t\t\t<div class=\"elementor-container elementor-column-gap-default\">\n\t\t\t\t\t<div class=\"elementor-column elementor-col-100 elementor-top-column elementor-element elementor-element-a50de5f\" data-id=\"a50de5f\" data-element_type=\"column\" data-e-type=\"column\">\n\t\t\t<div class=\"elementor-widget-wrap elementor-element-populated\">\n\t\t\t\t\t\t<div class=\"elementor-element elementor-element-99d674d elementor-widget elementor-widget-text-editor\" data-id=\"99d674d\" data-element_type=\"widget\" data-e-type=\"widget\" data-widget_type=\"text-editor.default\">\n\t\t\t\t<div class=\"elementor-widget-container\">\n\t\t\t\t\t\t\t\t\t<p><a href=\"http:\/\/www.mairie-ceret.fr\/\">Site de la Mairie :<\/a><\/p>\t\t\t\t\t\t\t\t<\/div>\n\t\t\t\t<\/div>\n\t\t\t\t\t<\/div>\n\t\t<\/div>\n\t\t\t\t\t<\/div>\n\t\t<\/section>\n\t\t\t\t<section class=\"elementor-section elementor-top-section elementor-element elementor-element-ee1eb17 elementor-section-boxed elementor-section-height-default elementor-section-height-default\" data-id=\"ee1eb17\" data-element_type=\"section\" data-e-type=\"section\">\n\t\t\t\t\t\t<div class=\"elementor-container elementor-column-gap-default\">\n\t\t\t\t\t<div class=\"elementor-column elementor-col-100 elementor-top-column elementor-element elementor-element-2179e5d\" data-id=\"2179e5d\" data-element_type=\"column\" data-e-type=\"column\">\n\t\t\t<div class=\"elementor-widget-wrap elementor-element-populated\">\n\t\t\t\t\t\t<div class=\"elementor-element elementor-element-c7143d8 elementor-widget-divider--view-line elementor-widget elementor-widget-divider\" data-id=\"c7143d8\" data-element_type=\"widget\" data-e-type=\"widget\" data-widget_type=\"divider.default\">\n\t\t\t\t<div class=\"elementor-widget-container\">\n\t\t\t\t\t\t\t<div class=\"elementor-divider\">\n\t\t\t<span class=\"elementor-divider-separator\">\n\t\t\t\t\t\t<\/span>\n\t\t<\/div>\n\t\t\t\t\t\t<\/div>\n\t\t\t\t<\/div>\n\t\t\t\t\t<\/div>\n\t\t<\/div>\n\t\t\t\t\t<\/div>\n\t\t<\/section>\n\t\t\t\t<section class=\"elementor-section elementor-top-section elementor-element elementor-element-34f0125a elementor-section-boxed elementor-section-height-default elementor-section-height-default\" data-id=\"34f0125a\" data-element_type=\"section\" data-e-type=\"section\">\n\t\t\t\t\t\t<div class=\"elementor-container elementor-column-gap-default\">\n\t\t\t\t\t<div class=\"elementor-column elementor-col-100 elementor-top-column elementor-element elementor-element-74ab5716\" data-id=\"74ab5716\" data-element_type=\"column\" data-e-type=\"column\">\n\t\t\t<div class=\"elementor-widget-wrap elementor-element-populated\">\n\t\t\t\t\t\t<div class=\"elementor-element elementor-element-ea9d51 elementor-widget elementor-widget-text-editor\" data-id=\"ea9d51\" data-element_type=\"widget\" data-e-type=\"widget\" data-widget_type=\"text-editor.default\">\n\t\t\t\t<div class=\"elementor-widget-container\">\n\t\t\t\t\t\t\t\t\t<h2 style=\"text-align: center;\"><a href=\"https:\/\/election-municipale.linternaute.com\/resultats\/ceret\/ville-66049\">Seta vous informe sur la situation\u00a0 financi\u00e9re de la commune et plus\u00a0\u00a0<\/a><\/h2>\t\t\t\t\t\t\t\t<\/div>\n\t\t\t\t<\/div>\n\t\t\t\t\t<\/div>\n\t\t<\/div>\n\t\t\t\t\t<\/div>\n\t\t<\/section>\n\t\t\t\t<section class=\"elementor-section elementor-top-section elementor-element elementor-element-51cad05 elementor-section-boxed elementor-section-height-default elementor-section-height-default\" data-id=\"51cad05\" data-element_type=\"section\" data-e-type=\"section\">\n\t\t\t\t\t\t<div class=\"elementor-container elementor-column-gap-default\">\n\t\t\t\t\t<div class=\"elementor-column elementor-col-100 elementor-top-column elementor-element elementor-element-6b9f1f6\" data-id=\"6b9f1f6\" data-element_type=\"column\" data-e-type=\"column\">\n\t\t\t<div class=\"elementor-widget-wrap\">\n\t\t\t\t\t\t\t<\/div>\n\t\t<\/div>\n\t\t\t\t\t<\/div>\n\t\t<\/section>\n\t\t\t\t<section class=\"elementor-section elementor-top-section elementor-element elementor-element-5754022 elementor-section-boxed elementor-section-height-default elementor-section-height-default\" data-id=\"5754022\" data-element_type=\"section\" data-e-type=\"section\">\n\t\t\t\t\t\t<div class=\"elementor-container elementor-column-gap-default\">\n\t\t\t\t\t<div class=\"elementor-column elementor-col-100 elementor-top-column elementor-element elementor-element-6dedb04\" data-id=\"6dedb04\" data-element_type=\"column\" data-e-type=\"column\">\n\t\t\t<div class=\"elementor-widget-wrap elementor-element-populated\">\n\t\t\t\t\t\t<div class=\"elementor-element elementor-element-bb18207 elementor-widget elementor-widget-image\" data-id=\"bb18207\" data-element_type=\"widget\" data-e-type=\"widget\" data-widget_type=\"image.default\">\n\t\t\t\t<div class=\"elementor-widget-container\">\n\t\t\t\t\t\t\t\t\t\t\t\t\t\t\t\t<a href=\"https:\/\/seta66.com\/wp-content\/uploads\/2025\/04\/INVITATION-associations.pdf\" target=\"_blank\">\n\t\t\t\t\t\t\t<img fetchpriority=\"high\" decoding=\"async\" width=\"995\" height=\"639\" src=\"https:\/\/seta66.com\/wp-content\/uploads\/2022\/03\/2025-04-09-at-22-50-30.jpg\" class=\"attachment-large size-large wp-image-6811\" alt=\"\" srcset=\"https:\/\/seta66.com\/wp-content\/uploads\/2022\/03\/2025-04-09-at-22-50-30.jpg 995w, https:\/\/seta66.com\/wp-content\/uploads\/2022\/03\/2025-04-09-at-22-50-30-300x193.jpg 300w, https:\/\/seta66.com\/wp-content\/uploads\/2022\/03\/2025-04-09-at-22-50-30-768x493.jpg 768w, https:\/\/seta66.com\/wp-content\/uploads\/2022\/03\/2025-04-09-at-22-50-30-467x300.jpg 467w\" sizes=\"(max-width: 995px) 100vw, 995px\" \/>\t\t\t\t\t\t\t\t<\/a>\n\t\t\t\t\t\t\t\t\t\t\t\t\t\t\t<\/div>\n\t\t\t\t<\/div>\n\t\t\t\t\t<\/div>\n\t\t<\/div>\n\t\t\t\t\t<\/div>\n\t\t<\/section>\n\t\t\t\t<section class=\"elementor-section elementor-top-section elementor-element elementor-element-b4482ce elementor-section-boxed elementor-section-height-default elementor-section-height-default\" data-id=\"b4482ce\" data-element_type=\"section\" data-e-type=\"section\">\n\t\t\t\t\t\t<div class=\"elementor-container elementor-column-gap-default\">\n\t\t\t\t\t<div class=\"elementor-column elementor-col-100 elementor-top-column elementor-element elementor-element-0c0226c\" data-id=\"0c0226c\" data-element_type=\"column\" data-e-type=\"column\">\n\t\t\t<div class=\"elementor-widget-wrap elementor-element-populated\">\n\t\t\t\t\t\t<div class=\"elementor-element elementor-element-f1407de elementor-widget elementor-widget-text-editor\" data-id=\"f1407de\" data-element_type=\"widget\" data-e-type=\"widget\" data-widget_type=\"text-editor.default\">\n\t\t\t\t<div class=\"elementor-widget-container\">\n\t\t\t\t\t\t\t\t\t<p align=\"center\"><span style=\"color: #000000;\"><span style=\"font-family: Times New Roman, serif;\"><span style=\"font-size: large;\"><b>L&rsquo;ACTUALIT\u00c9 DE BIEN VIVRE EN VALLESPIR<\/b><\/span><\/span><\/span><\/p><p align=\"center\">\u00a0<\/p><div><a href=\"https:\/\/seta66.com\/wp-content\/uploads\/2025\/01\/2025-01-21-at-10-43-02.jpg\"><img decoding=\"async\" class=\"aligncenter size-full wp-image-6609\" src=\"https:\/\/seta66.com\/wp-content\/uploads\/2025\/01\/2025-01-21-at-10-43-02.jpg\" alt=\"\" width=\"211\" height=\"104\" \/><\/a><\/div><p align=\"center\">\u00a0<\/p><p><span style=\"color: #000000;\"><span style=\"font-family: Times New Roman, serif;\"><span style=\"font-size: large;\"><b>BVV INFO n\u00b017\u00a0du\u00a011\/01\/2025<\/b><\/span><\/span><\/span><\/p><p align=\"center\"><span style=\"color: #000000;\"><span style=\"font-family: Times New Roman, serif;\"><span style=\"font-size: large;\"><b>Sommaire<\/b><\/span><\/span><\/span><\/p><p><span style=\"color: #000000;\"><span style=\"font-family: Times New Roman, serif;\"><span style=\"font-size: large;\"><b>\u00c0 C\u00c9RET<\/b><\/span><\/span><\/span><\/p><ol><li><p><span style=\"font-family: Times New Roman, serif;\"><span style=\"font-size: medium;\">Une date importante pour notre association : l\u2019assembl\u00e9e g\u00e9n\u00e9rale qui aura lieu le vendredi 7 f\u00e9vrier 2025 \u00e0 18h. au Mas de Nogar\u00e8de \u00e0 C\u00e9ret.<\/span><\/span><\/p><\/li><li><p><span style=\"color: #000000;\"><span style=\"font-family: Times New Roman, serif;\"><span style=\"font-size: medium;\">Manifestation pour le retour du train \u00e0 C\u00e9ret le 14 D\u00e9cembre 2024<\/span><\/span><\/span><\/p><\/li><li><p><span style=\"color: #000000;\"><span style=\"font-family: Times New Roman, serif;\"><span style=\"font-size: medium;\">Le cri du Platane \u00e0 C\u00e9ret<\/span><\/span><\/span><\/p><\/li><\/ol><p><span style=\"color: #000000;\"><span style=\"font-family: Times New Roman, serif;\"><span style=\"font-size: large;\"><b>DANS LE D\u00c9PARTEMENT ET AU-DEL\u00c0<\/b><\/span><\/span><\/span><\/p><p><span style=\"color: #000000;\"><span style=\"font-family: Times New Roman, serif;\"><span style=\"font-size: medium;\">1-Nuit de la lecture au BOULOU\u00a0: la nature \u00e0 l\u2019honneur\u00a0<\/span><\/span><\/span><span style=\"color: #000000;\"><span style=\"font-family: Times New Roman, serif;\"><span style=\"font-size: medium;\">\u00e0 partir du 17 janvier<\/span><\/span><\/span><\/p><p><span style=\"font-family: Times New Roman, serif;\"><span style=\"font-size: medium;\">2-Message de l\u2019ASSOCIATION CHARLES FLAHAULT\u00a0: Conf\u00e9rence le 25 janvier \u00e0 Toulouges \/ Biodiversit\u00e9 des Alb\u00e8res et du Vallespir<\/span><\/span><\/p><ol start=\"4\"><li><p><span style=\"font-family: Times New Roman, serif;\"><span style=\"font-size: medium;\">Message de la CONF\u00c9D\u00c9RATION PAYSANNE\u00a0<\/span><\/span><\/p><\/li><\/ol><p><span style=\"color: #222222;\"><span style=\"font-family: Garamond, serif;\"><span style=\"font-size: large;\"><b>A LIRE\u00a0<\/b><\/span><\/span><\/span><\/p><ul><li><h1><span style=\"font-size: medium;\">Dans MADE IN PERPIGNAN \/ Pyr\u00e9n\u00e9es-Orientales : les nappes souterraines du Roussillon toujours en alerte malgr\u00e9 les pluies d\u2019automne :<\/span><span style=\"font-size: large;\"><a href=\"https:\/\/madeinperpignan.com\/pyrenees-orientales-etat-alarmant-nappes-souterraines-du-roussillon\/\" target=\"_blank\" rel=\"noopener\" data-saferedirecturl=\"https:\/\/www.google.com\/url?q=https:\/\/madeinperpignan.com\/pyrenees-orientales-etat-alarmant-nappes-souterraines-du-roussillon\/&amp;source=gmail&amp;ust=1737538607894000&amp;usg=AOvVaw3Z-owxjB_XSW6KwYyJmSET\">https:\/\/madeinperpignan.com\/<wbr \/>pyrenees-orientales-etat-<wbr \/>alarmant-nappes-souterraines-<wbr \/>du-roussillon\/<\/a>\u00a0<\/span><\/h1><\/li><li><h2><span style=\"color: #000000;\"><span style=\"font-family: Times New Roman, serif;\"><span style=\"font-size: medium;\">TRIBUNE. A69 : le droit de l\u2019environnement sert-il encore \u00e0 quelque chose\u00a0?<\/span><\/span><\/span>\u00a0<span style=\"color: #0000ff;\"><u><a href=\"https:\/\/www.francetvinfo.fr\/monde\/environnement\/tribune-a69-le-droit-de-l-environnement-sert-il-encore-a-quelque-chose_7001981.html\" target=\"_blank\" rel=\"noopener\" data-saferedirecturl=\"https:\/\/www.google.com\/url?q=https:\/\/www.francetvinfo.fr\/monde\/environnement\/tribune-a69-le-droit-de-l-environnement-sert-il-encore-a-quelque-chose_7001981.html&amp;source=gmail&amp;ust=1737538607894000&amp;usg=AOvVaw33TRMt2DErFMoIFxcWny4X\"><span style=\"font-family: Times New Roman, serif;\"><span style=\"font-size: medium;\">https:\/\/www.francetvinfo.fr\/<wbr \/>monde\/environnement\/tribune-<wbr \/>a69-le-droit-de-l-<wbr \/>environnement-sert-il-encore-<wbr \/>a-quelque-chose_7001981.html<\/span><\/span><\/a><\/u><\/span><\/h2><\/li><\/ul><div><p><span style=\"color: #000000; font-size: large;\"><span style=\"font-family: Garamond, serif;\"><b>A C\u00c9RET :<\/b><\/span><\/span><\/p><p><span style=\"color: #000000; font-size: large;\"><span style=\"font-family: Garamond, serif;\"><b>1-Participez nombreux \u00e0 notre prochaine AG\u00a0: cette ann\u00e9e sera d\u00e9cisive dans notre lutte pour l\u2019arr\u00eat de ce projet de viaduc \u2026<\/b><\/span><\/span><\/p><p><span style=\"color: #000000; font-size: large;\"><span style=\"font-family: Garamond, serif;\">Pour l\u2019instant, suite \u00e0 l\u2019arr\u00eat\u00e9 pr\u00e9fectoral du 29 ao\u00fbt refusant l\u2019autorisation environnementale, le projet est \u00e0 l\u2019arr\u00eat. Notre association conjointement avec Vallespir Terres\u00a0<\/span><\/span><\/p><p><span style=\"color: #000000; font-size: large;\"><span style=\"font-family: Garamond, serif;\">Vivantes et le soutien de la coordination d\u00e9partementale VIURE, a adress\u00e9 un courrier au Pr\u00e9fet approuvant cette d\u00e9cision et l\u2019engageant \u00e0 rester ferme sur cette position (<\/span><\/span><span style=\"font-family: Garamond, serif; font-size: large;\">LETTRE en PJ)<\/span><\/p><p align=\"center\"><span style=\"color: #000000; font-size: large;\"><span style=\"font-family: Garamond, serif;\">Gr\u00e2ce \u00e0 vous, les adh\u00e9rents, nous sommes sur le point de gagner cette lutte et votre soutien est absolument n\u00e9cessaire pour l\u2019ann\u00e9e 2025\u00a0:\u00a0<\/span><\/span><span style=\"font-family: Garamond, serif; font-size: large;\">ADH\u00c9REZ et FAITES\u00a0<\/span><\/p><p align=\"center\"><span style=\"font-family: Garamond, serif; font-size: large;\">ADH\u00c9RER LES GENS<\/span><span style=\"font-family: Garamond, serif; font-size: large;\">\u00a0AUTOUR DE VOUS\u00a0! (bulletin adh\u00e9sion 2025 en PJ et sur le site de BVV)<\/span><\/p><div><span style=\"font-size: large;\"><img decoding=\"async\" class=\"CToWUd a6T\" tabindex=\"0\" src=\"https:\/\/mail.google.com\/mail\/u\/1?ui=2&amp;ik=d8bdc5ad53&amp;attid=0.0.2&amp;permmsgid=msg-f:1821078140355262897&amp;th=1945c4eb901ab9b1&amp;view=fimg&amp;fur=ip&amp;permmsgid=msg-f:1821078140355262897&amp;sz=s0-l75-ft&amp;attbid=ANGjdJ9YPGXtVl-xXnLySQ-s6jTOJjZGCJbauMgz7_aZli7ZhmGRZKN-XxMQLMyD29SijlSNYSpBsf5wVNR7NAy2MriJAg-OWDv2CAoB8IeyItM6qNHrwOk8oVjatWU&amp;disp=emb&amp;realattid=ii_m5u1moha1&amp;zw\" alt=\"10022024 AG BVV.jpg\" width=\"507\" height=\"380\" data-image-whitelisted=\"\" data-bit=\"iit\" \/>AG 2024<\/span><\/div><div><span style=\"font-size: large;\">\u00a0<\/span><\/div><div><p><span style=\"color: #000000; font-size: large;\"><span style=\"font-family: Garamond, serif;\"><b>2<\/b><\/span><\/span><span style=\"color: #000000; font-size: large;\"><span style=\"font-family: Garamond, serif;\">&#8211;<\/span><\/span><span style=\"color: #000000; font-size: large;\"><span style=\"font-family: Garamond, serif;\"><b>Manifestation pour le retour du train \u00e0 C\u00e9ret le 14 D\u00e9cembre<\/b><\/span><\/span><span style=\"color: #000000; font-size: large;\"><span style=\"font-family: Garamond, serif;\">\u00a0<\/span><\/span><span style=\"color: #000000; font-size: large;\"><span style=\"font-family: Garamond, serif;\">: Nous \u00e9tions pr\u00e9sents \u00e0 la mobilisation du 14 d\u00e9cembre organis\u00e9e par\u00a0<\/span><\/span><span style=\"color: #000000; font-size: large;\"><span style=\"font-family: Garamond, serif;\"><b>OSONS LE RAIL.<\/b><\/span><\/span><span style=\"color: #000000; font-size: large;\"><span style=\"font-family: Garamond, serif;\">\u00a0<\/span><\/span><\/p><p><span style=\"color: #000000; font-size: large;\"><span style=\"font-family: Garamond, serif;\">L\u2019abandon du projet de viaduc lib\u00e8re des moyens financiers suppl\u00e9mentaires pour ce train\u00a0! Nous souhaitons que cette ligne puisse \u00eatre utilis\u00e9e au plus pr\u00e8s de C\u00e9ret et du\u00a0<\/span><\/span><\/p><p><span style=\"color: #000000; font-size: large;\"><span style=\"font-family: Garamond, serif;\">haut Vallespir\u00a0: C\u2019est la raison pour laquelle nous avons demand\u00e9 que l\u2019\u00e9tude de faisabilit\u00e9 aille jusqu\u2019\u00e0 l\u2019ancienne Gare\u00a0: Dans ce sens, une motion de notre association\u00a0<\/span><\/span><\/p><p><span style=\"color: #000000; font-size: large;\"><span style=\"font-family: Garamond, serif;\">sera d\u00e9pos\u00e9e au prochain CA qui aura lieu le 21 d\u00e9cembre.\u00a0<\/span><\/span><span style=\"color: #000000; font-size: large;\"><span style=\"font-family: Garamond, serif;\">Texte de la motion en pi\u00e8ce jointe<\/span><\/span><\/p><p align=\"center\">\u00a0<\/p><img loading=\"lazy\" decoding=\"async\" class=\"CToWUd a6T\" tabindex=\"0\" src=\"https:\/\/mail.google.com\/mail\/u\/1?ui=2&amp;ik=d8bdc5ad53&amp;attid=0.0.3&amp;permmsgid=msg-f:1821078140355262897&amp;th=1945c4eb901ab9b1&amp;view=fimg&amp;fur=ip&amp;permmsgid=msg-f:1821078140355262897&amp;sz=s0-l75-ft&amp;attbid=ANGjdJ_WJcD6sQcUx2Xjhn8uy6OZRD9Mj7KPeUVZgZj4Cs-jGBUpYUknm4wg-8muAgbHPDZT8gFbIClEWccOfEpG3JYSrQ-DVWVY210J0eaJnZW9yU_8Nq9MS1Rq6SE&amp;disp=emb&amp;realattid=ii_m5u1sk8e2&amp;zw\" alt=\"Osons le train pas le pont.jpg\" width=\"318\" height=\"238\" data-image-whitelisted=\"\" data-bit=\"iit\" \/><br \/><p align=\"center\">\u00a0<\/p><p><span style=\"color: #222222;\"><span style=\"font-family: Garamond, serif;\"><span style=\"font-size: large;\"><b>OSONS LE RAIL\u00a0PAS LE PONT !!!!<\/b><\/span><\/span><\/span><\/p><p><span style=\"color: #222222;\"><span style=\"font-family: Garamond, serif;\"><span style=\"font-size: large;\"><b>Signez la p\u00e9tition pour le retour du train jusqu&rsquo;\u00e0 C\u00e9ret!\u00a0<\/b><\/span><\/span><\/span><a href=\"https:\/\/www.change.org\/p\/madame-carole-delga-r%C3%A9ouvrez-la-ligne-de-train-c%C3%A9ret-elne-perpignan\" target=\"_blank\" rel=\"noopener\" data-saferedirecturl=\"https:\/\/www.google.com\/url?q=https:\/\/www.change.org\/p\/madame-carole-delga-r%25C3%25A9ouvrez-la-ligne-de-train-c%25C3%25A9ret-elne-perpignan&amp;source=gmail&amp;ust=1737538607895000&amp;usg=AOvVaw3VQE60bTRybMcXFunUfBJV\"><span style=\"color: #1155cc;\"><span style=\"font-family: Garamond, serif;\"><span style=\"font-size: large;\"><u>PETITION POUR LE TRAIN<\/u><\/span><\/span><\/span><\/a><\/p><p>\u00a0<\/p><p>\u00a0<\/p><div><img loading=\"lazy\" decoding=\"async\" class=\"CToWUd a6T\" tabindex=\"0\" src=\"https:\/\/mail.google.com\/mail\/u\/1?ui=2&amp;ik=d8bdc5ad53&amp;attid=0.0.4&amp;permmsgid=msg-f:1821078140355262897&amp;th=1945c4eb901ab9b1&amp;view=fimg&amp;fur=ip&amp;permmsgid=msg-f:1821078140355262897&amp;sz=s0-l75-ft&amp;attbid=ANGjdJ9b9XrSH9BqA_9QRjU5rDVzO3hm8l2pukWrly0sdYLgf3o6uQrsUa9QO20hCyEDgxDuyNV3Me1r8a2cLCCUB9XtTAQtqSUu-_hlHUetzIb0rxEgLVJkR6LwydQ&amp;disp=emb&amp;realattid=ii_m5u1wjm03&amp;zw\" alt=\"image.png\" width=\"153\" height=\"102\" data-image-whitelisted=\"\" data-bit=\"iit\" \/><span style=\"font-size: medium;\"><b>\u00a0 3-Le cri du platane<\/b><\/span><span style=\"font-size: medium;\">\u00a0<\/span><span style=\"font-size: medium;\"><u>(<\/u><\/span><span style=\"font-size: medium;\"><u>en pi\u00e8ce jointe<\/u><\/span><span style=\"font-size: medium;\">) : \u00c0 C\u00e9ret, des am\u00e9nagements sur diff\u00e9rents lieux ont conduit \u00e0 des interventions souvent contestables sur les platanes\u00a0: Face aux canicules, s\u00e9cheresses, pr\u00e9sentes et \u00e0 venir, d\u00e9fendons et pr\u00e9servons notre patrimoine v\u00e9g\u00e9tal, son ombre et sa fra\u00eecheur\u00a0:<b><u>\u00a0en pi\u00e8ce jointe<\/u><\/b>\u00a0un document d\u2019observation qui vise \u00e0 nous alerter. La Mairie lance un projet de v\u00e9g\u00e9talisation (<\/span><span style=\"font-size: medium;\">voir extrait du bulletin municipal en PJ)<\/span><span style=\"font-size: medium;\">, auquel nous sommes favorables, \u00e0 condition de ne pas porter pr\u00e9judice \u00e0 la v\u00e9g\u00e9tation existante<\/span><\/div><div><span style=\"font-size: medium;\">\u00a0<\/span><\/div><div><p><span style=\"color: #000000; font-size: large;\"><span style=\"font-family: Times New Roman, serif;\"><b>DANS LE D\u00c9PARTEMENT\u00a0et au-del\u00e0 :<\/b><\/span><\/span><\/p><p><span style=\"color: #000000;\"><span style=\"font-family: Times New Roman, serif;\"><span style=\"font-size: large;\"><b>1-Nuit de la lecture au BOULOU\u00a0: la nature \u00e0 l\u2019honneur\u00a0\u00e0 partir du 17 janvier<\/b><\/span><\/span><\/span><\/p><div><img loading=\"lazy\" decoding=\"async\" class=\"CToWUd a6T\" tabindex=\"0\" src=\"https:\/\/mail.google.com\/mail\/u\/1?ui=2&amp;ik=d8bdc5ad53&amp;attid=0.0.5&amp;permmsgid=msg-f:1821078140355262897&amp;th=1945c4eb901ab9b1&amp;view=fimg&amp;fur=ip&amp;permmsgid=msg-f:1821078140355262897&amp;sz=s0-l75-ft&amp;attbid=ANGjdJ9dgtUcj1DWxk7elnU2P_cbbGLia-CikrEev17rLjSEH1_7NgemaspjQPYF1zowQXyCx5Hgsh8JKKuMOSMMAtKe9uCUXsI2grVbbxM1uS-seEXFt5Fv2YqwTB4&amp;disp=emb&amp;realattid=ii_m5u208864&amp;zw\" alt=\"EXPO BOULOU.jpg\" width=\"603\" height=\"352\" data-image-whitelisted=\"\" data-bit=\"iit\" \/><\/div><p align=\"center\">\u00a0<\/p><p><span style=\"font-family: Times New Roman, serif;\"><span style=\"font-size: large;\">Dans le cadre de la manifestation nationale \u00ab\u00a0Les Nuits de la Lecture\u00a0\u00bb sur le th\u00e8me \u00ab\u00a0Les Patrimoines\u00a0\u00bb, la m\u00e9diath\u00e8que municipale du Boulou vous propose de\u00a0<\/span><\/span><\/p><p><span style=\"font-family: Times New Roman, serif;\"><span style=\"font-size: large;\">d\u00e9couvrir 4 expositions photographiques, picturales et p\u00e9dagogiques\u00a0: \u00ab\u00a0Fais comme l&rsquo;oiseau\u00a0\u00bb Photos de Gabriel Lozano, \u00ab\u00a0Arbres remarquables et sentiers bois\u00e9s\u00a0\u00bb\u00a0<\/span><\/span><\/p><p><span style=\"font-family: Times New Roman, serif;\"><span style=\"font-size: large;\">Photographies de Roger Cantagrel, \u00ab\u00a0Flore et Faune d \u2018Aqu\u00ed\u00a0\u00bb Peintures d\u2019 Anne Zamo et \u00ab\u00a0L&rsquo;Eau un d\u00e9fi d&rsquo;aujourd&rsquo;hui pour demain\u00a0\u00bb Syndicat du Tech.<\/span><\/span><\/p><p><span style=\"font-family: Times New Roman, serif;\"><span style=\"font-size: large;\"><b>2-Message de l\u2019ASSOCIATION CHARLES FLAHAULT\u00a0: Conf\u00e9rence le 25 janvier<\/b><\/span><\/span><\/p><p><span style=\"font-family: Times New Roman, serif;\"><span style=\"font-size: large;\"><b>Biodiversit\u00e9 des Alb\u00e8res et du Vallespir<\/b><\/span><\/span><\/p><div><img loading=\"lazy\" decoding=\"async\" class=\"CToWUd a6T\" tabindex=\"0\" src=\"https:\/\/mail.google.com\/mail\/u\/1?ui=2&amp;ik=d8bdc5ad53&amp;attid=0.0.6&amp;permmsgid=msg-f:1821078140355262897&amp;th=1945c4eb901ab9b1&amp;view=fimg&amp;fur=ip&amp;permmsgid=msg-f:1821078140355262897&amp;sz=s0-l75-ft&amp;attbid=ANGjdJ_VAoz7jlDHdZEPUvGaC5BkT2F1WFhM3qp5h80U3Po2QohUVcMDc0ZHjOyHboytbJwAo_WZysTE5wp_CcHOjhdshn33mjicUpdWVvs-YBz101-Gf1n9bmwNdDE&amp;disp=emb&amp;realattid=ii_m5u245y15&amp;zw\" alt=\"CONFERENCE BIODIVERSITE 25 JANVIER.jpg\" width=\"358\" height=\"507\" data-image-whitelisted=\"\" data-bit=\"iit\" \/><\/div><p>\u00a0<\/p><p><span style=\"font-family: Times New Roman, serif; font-size: large;\">Conf\u00e9rence anim\u00e9e par Jean-Pierre Pompidor, naturaliste et photographe, et ancien directeur de\u00a0<\/span><span style=\"font-size: large;\"><a href=\"https:\/\/www.facebook.com\/reservesnaturellescatalanes?__cft__%5B0%5D=AZXVTaLUI28kJ1n2dUM5xtss9FalwJbEsSx-KR8Qb6A_Lgf5xAMIepp-C9EyG-jvKp3jSyFlIzrAIS0i9Kvnn5Fi_Xt4YWrhHGo0SdUCxqw-3dCfbwt5jjOTzITaog4m5mLo9rGzvJeZjJ8dyNLRrHEF_f9EYe5lndq-We1CDoOvUuMM7Uey0UmKk17_yooZMOlSgoZTsObfFClxCAslCuqa6GK_eKSI7cOLTgMYXUDXRTBMQwWjysyo_RD5rxUfRak&amp;__tn__=-%5DK-y-R\" target=\"_blank\" rel=\"noopener\" data-saferedirecturl=\"https:\/\/www.google.com\/url?q=https:\/\/www.facebook.com\/reservesnaturellescatalanes?__cft__%255B0%255D%3DAZXVTaLUI28kJ1n2dUM5xtss9FalwJbEsSx-KR8Qb6A_Lgf5xAMIepp-C9EyG-jvKp3jSyFlIzrAIS0i9Kvnn5Fi_Xt4YWrhHGo0SdUCxqw-3dCfbwt5jjOTzITaog4m5mLo9rGzvJeZjJ8dyNLRrHEF_f9EYe5lndq-We1CDoOvUuMM7Uey0UmKk17_yooZMOlSgoZTsObfFClxCAslCuqa6GK_eKSI7cOLTgMYXUDXRTBMQwWjysyo_RD5rxUfRak%26__tn__%3D-%255DK-y-R&amp;source=gmail&amp;ust=1737538607895000&amp;usg=AOvVaw0mPwHvhSOKALu6ZxhJ0zsI\"><span style=\"color: #0000ff;\"><span style=\"font-family: Times New Roman, serif;\"><u>R\u00e9serves Naturelles<\/u><\/span><\/span><\/a><\/span><\/p><p><span style=\"font-family: Times New Roman, serif; font-size: large;\">En suivant la cr\u00eate frontali\u00e8re, le conf\u00e9rencier vous fera d\u00e9couvrir une mosa\u00efque de paysages o\u00f9 l&rsquo;homme a laiss\u00e9 des traces de constructions depuis l&rsquo;\u00e9poque<\/span><\/p><p><span style=\"font-family: Times New Roman, serif; font-size: large;\">\u00a0romaine, en passant par le moyen-\u00e2ge, jusqu&rsquo;aux fortifications \u00e0 partir du trait\u00e9 des Pyr\u00e9n\u00e9es.<\/span><\/p><p><span style=\"font-family: Times New Roman, serif; font-size: large;\">L&rsquo;abandon de ces sites, mais \u00e9galement de l&rsquo;\u00e9levage et des cultures montagnardes a provoqu\u00e9 une recolonisation des for\u00eats.<\/span><\/p><p><span style=\"font-family: Times New Roman, serif; font-size: large;\">Toutes les esp\u00e8ces inf\u00e9od\u00e9es \u00e0 ces milieux (fleurs, insectes, oiseaux, mammif\u00e8res) ont progressivement occup\u00e9 ces territoires. la majorit\u00e9 d&rsquo;entre elles vous seront\u00a0<\/span><span style=\"font-family: Times New Roman, serif; font-size: large;\">pr\u00e9sent\u00e9es.<\/span><\/p><p><span style=\"font-family: Times New Roman, serif;\"><span style=\"font-size: large;\">3-Message de la CONF\u00c9D\u00c9RATION PAYSANNE\u00a0<\/span><\/span><span style=\"font-family: Times New Roman, serif;\"><span style=\"font-size: medium;\">:<\/span><\/span><\/p><div><img loading=\"lazy\" decoding=\"async\" class=\"CToWUd a6T\" tabindex=\"0\" src=\"https:\/\/mail.google.com\/mail\/u\/1?ui=2&amp;ik=d8bdc5ad53&amp;attid=0.0.7&amp;permmsgid=msg-f:1821078140355262897&amp;th=1945c4eb901ab9b1&amp;view=fimg&amp;fur=ip&amp;permmsgid=msg-f:1821078140355262897&amp;sz=s0-l75-ft&amp;attbid=ANGjdJ9z8CAM2JyaaTX0-8IpuDCaLxQ-yTXXhRJB5zuqIyqmA321JvU35LbpTb3791sDUcypcSry8-9xS-2xoy3LUB_sVwHcZ1aTOhBwn7i3ekuVUQHTF1aKVsNugEA&amp;disp=emb&amp;realattid=ii_m5u26kok6&amp;zw\" alt=\"ACTION CONF2.jpg\" width=\"376\" height=\"362\" data-image-whitelisted=\"\" data-bit=\"iit\" \/><span style=\"font-size: large;\"><br \/><\/span><\/div><p align=\"center\">\u00a0<\/p><p><span style=\"font-family: Times New Roman, serif; font-size: large;\">Communiqu\u00e9 de presse du 10 janvier 2025<\/span><\/p><p><span style=\"font-family: Times New Roman, serif; font-size: large;\"><strong>Agrivolta\u00efsme<\/strong> : nous d\u00e9posons un nouveau recours contre les passe-droits accord\u00e9s aux \u00e9nerg\u00e9ticiens<\/span><\/p><p><span style=\"font-size: large;\"><span style=\"font-family: Times New Roman, serif;\">Les projets d\u2019installations photovolta\u00efques au sol inf\u00e9rieurs \u00e0 3 MWc, c\u2019est-\u00e0-dire de moins de 3 \u00e0 6 hectares selon l\u2019espacement des panneaux, ne sont\u00a0 <\/span><\/span><span style=\"font-size: large;\"><span style=\"font-family: Times New Roman, serif;\">d\u00e9sormais plus soumis \u00e0 un permis de construire. En l\u2019ins\u00e9rant dans un d\u00e9cret d\u00e9di\u00e9 aux installations photovolta\u00efques sur les parkings, l\u2019\u00c9tat a cru que cette\u00a0<\/span><\/span><\/p><p><span style=\"font-size: large;\"><span style=\"font-family: Times New Roman, serif;\">modification substantielle des proc\u00e9dures d\u2019autorisation des installations photovolta\u00efques sur terres agricoles passerait inaper\u00e7ue !<\/span>\u00a0<span style=\"font-family: Times New Roman, serif;\">\u2026<\/span><\/span><\/p><p><span style=\"font-size: large;\"><span style=\"font-family: Times New Roman, serif;\">LIRE LA SUITE EN pj<\/span><\/span><\/p><p><span style=\"font-family: Times New Roman, serif;\"><span style=\"font-size: medium;\">ACTION DE LA CONF\u00c9D\u00c9RATION DANS LES PO\u00a0:<\/span><\/span><\/p><p><span style=\"font-family: Times New Roman, serif;\"><span style=\"font-size: medium;\">Info \u00e0 \u00e9couter SUR fr3 pays catalan du 10 janvier \/\u00a0<\/span><\/span><span style=\"color: #0000ff;\"><u><a href=\"https:\/\/www.france.tv\/france-3\/occitanie\/ici-19-20-pays-catalan\/6810511-emission-du-vendredi-10-janvier-2025.html\" target=\"_blank\" rel=\"noopener\" data-saferedirecturl=\"https:\/\/www.google.com\/url?q=https:\/\/www.france.tv\/france-3\/occitanie\/ici-19-20-pays-catalan\/6810511-emission-du-vendredi-10-janvier-2025.html&amp;source=gmail&amp;ust=1737538607895000&amp;usg=AOvVaw1xLIlV0Ia72l7VTuadn3LQ\"><span style=\"font-family: Times New Roman, serif;\"><span style=\"font-size: medium;\">https:\/\/www.france.tv\/france-<wbr \/>3\/occitanie\/ici-19-20-pays-<wbr \/>catalan\/6810511-emission-du-<wbr \/>vendredi-10-janvier-2025.html<\/span><\/span><\/a><\/u><\/span><\/p><img loading=\"lazy\" decoding=\"async\" class=\"CToWUd a6T\" tabindex=\"0\" src=\"https:\/\/mail.google.com\/mail\/u\/1?ui=2&amp;ik=d8bdc5ad53&amp;attid=0.0.8&amp;permmsgid=msg-f:1821078140355262897&amp;th=1945c4eb901ab9b1&amp;view=fimg&amp;fur=ip&amp;permmsgid=msg-f:1821078140355262897&amp;sz=s0-l75-ft&amp;attbid=ANGjdJ9BUj9Umb14NwIMelC3b2Q5HCO0B66hwvNXgQcuHuQkMvu7lo6x-C_sJ72W799_t206HxqKAbuwdVbseSEcCEZxCXm89LI7FjoxWCfQr0vz6wVD1AplFNsPZ8E&amp;disp=emb&amp;realattid=ii_m5u2a87j7&amp;zw\" alt=\"ACTION CONF.jpg\" width=\"507\" height=\"285\" data-image-whitelisted=\"\" data-bit=\"iit\" \/><img loading=\"lazy\" decoding=\"async\" class=\"CToWUd a6T\" tabindex=\"0\" src=\"https:\/\/mail.google.com\/mail\/u\/1?ui=2&amp;ik=d8bdc5ad53&amp;attid=0.0.9&amp;permmsgid=msg-f:1821078140355262897&amp;th=1945c4eb901ab9b1&amp;view=fimg&amp;fur=ip&amp;permmsgid=msg-f:1821078140355262897&amp;sz=s0-l75-ft&amp;attbid=ANGjdJ-Pw0ww3HOURNfJvIQCc9t11_kxED5A33Mfce84j2aZylXASxtBU1BulvH6VTPTcv5iSKTEJJT3U2nqmzJWFwBKDwHI1f-RdMLHOiHw9JV01-SrukNgbAQLSFM&amp;disp=emb&amp;realattid=ii_m5u2atix8&amp;zw\" alt=\"image.png\" width=\"246\" height=\"327\" data-image-whitelisted=\"\" data-bit=\"iit\" \/>\u00a0\u00a0\u00a0\u00a0<span style=\"font-family: Times New Roman, serif;\"><span style=\"font-size: medium;\">Des militants de la Conf\u00e9d\u00e9ration Paysanne des PO ont investi une serre qui n\u2019a jamais \u00e9t\u00e9 mise en production.<\/span><\/span><\/div><div>\u00a0<\/div><div>\u00a0<\/div><div><span style=\"font-size: large;\">RETROUVONS NOUS NOMBREUX VENDREDI 7 F\u00c9VRIER 2025 \u00e0 18 heures AU MAS DE NOGAR\u00c8DE \u00e0 C\u00c9RET\u00a0<\/span><\/div><div><span style=\"font-size: large;\">pour l&rsquo;Assembl\u00e9e G\u00e9n\u00e9rale de BIEN VIVRE EN VALLESPIR<br \/><\/span><\/div><div><span style=\"font-size: large;\">\u00a0<\/span><\/div><div><span style=\"font-size: small;\">Les secr\u00e9taires,<\/span><\/div><div><span style=\"font-size: small;\">Herv\u00e9 et Am\u00e9lie<\/span><\/div><div><span style=\"font-size: small;\">\u00a0<\/span><\/div><div><span style=\"font-size: large;\">\u00a0<\/span><\/div><div><span style=\"font-size: large;\">\u00a0<\/span><\/div><div><div><table width=\"751\" cellspacing=\"0\" cellpadding=\"0\"><tbody><tr><td width=\"751\"><p align=\"center\"><span style=\"color: #000000;\"><span style=\"font-family: Times New Roman, serif;\"><span style=\"font-size: medium;\"><span style=\"color: #ff0000;\"><span style=\"font-family: Arial, serif;\"><span style=\"font-size: x-large;\">RESTONS MOBILIS\u00c9S\u00a0!!!<\/span><\/span><\/span><\/span><\/span><\/span><\/p><p align=\"center\"><span style=\"color: #000000;\"><span style=\"font-family: Times New Roman, serif;\"><span style=\"font-size: medium;\"><span style=\"color: #ff0000;\"><span style=\"font-family: Georgia, serif;\"><b>Pour ceux et celles qui ne\u00a0l&rsquo;ont pas encore fait : Pensez \u00e0 renouveler votre adh\u00e9sion pour 2025<br \/><\/b><\/span><\/span><\/span><\/span><\/span><\/p><p align=\"center\"><span style=\"color: #000000;\"><span style=\"font-family: Times New Roman, serif;\"><span style=\"font-size: medium;\"><span style=\"font-family: Georgia, serif;\">Cliquez Pour adh\u00e9rer en ligne :<\/span><span style=\"color: #0000ff;\"><u><span style=\"font-family: Georgia, serif;\"><a href=\"http:\/\/goog_1973679438\/\" target=\"_blank\" rel=\"noopener\" data-saferedirecturl=\"https:\/\/www.google.com\/url?q=http:\/\/goog_1973679438\/&amp;source=gmail&amp;ust=1737538607895000&amp;usg=AOvVaw3vbArJhdLsw2Gen-U1bSiz\">\u00a0<\/a><a href=\"https:\/\/www.helloasso.com\/associations\/bien-vivre-en-vallespir\/adhesions\/association-bien-vivre-en-vallespir\" target=\"_blank\" rel=\"noopener\" data-saferedirecturl=\"https:\/\/www.google.com\/url?q=https:\/\/www.helloasso.com\/associations\/bien-vivre-en-vallespir\/adhesions\/association-bien-vivre-en-vallespir&amp;source=gmail&amp;ust=1737538607895000&amp;usg=AOvVaw2AJ5h920ouKA1SrrUieDIA\">ADH\u00c9SION 2025<\/a><\/span><\/u><\/span><\/span><\/span><\/span><\/p><p align=\"center\"><span style=\"color: #000000;\"><span style=\"font-family: Times New Roman, serif;\"><span style=\"font-size: medium;\"><span style=\"font-family: Georgia, serif;\">Ou Pour faire un don<\/span>\u00a0:\u00a0<span style=\"color: #0000ff;\"><u><a href=\"https:\/\/www.helloasso.com\/associations\/bien-vivre-en-vallespir\/formulaires\/1\/widget\" target=\"_blank\" rel=\"noopener\" data-saferedirecturl=\"https:\/\/www.google.com\/url?q=https:\/\/www.helloasso.com\/associations\/bien-vivre-en-vallespir\/formulaires\/1\/widget&amp;source=gmail&amp;ust=1737538607895000&amp;usg=AOvVaw1pEPDLAdk1a7cimwiW0JKd\">DON<\/a><\/u><\/span><\/span><\/span><\/span><\/p><p align=\"center\"><span style=\"color: #000000;\"><span style=\"font-family: Times New Roman, serif;\"><span style=\"font-size: medium;\"><span style=\"font-family: Georgia, serif;\">Ou par courrier postal \u00e0 l&rsquo;adresse :<\/span><\/span><\/span><\/span><\/p><p align=\"center\"><span style=\"color: #000000;\"><span style=\"font-family: Times New Roman, serif;\"><span style=\"font-size: medium;\"><span style=\"font-family: Georgia, serif;\">BVV Mas Pujol 66400 C\u00e9ret<\/span>\u00a0<span style=\"color: #0000ff;\"><span style=\"font-family: Garamond, serif;\"><b>avec le bulletin d&rsquo;adh\u00e9sion ci-joint<\/b><\/span><\/span><\/span><\/span><\/span><\/p><\/td><\/tr><\/tbody><\/table><\/div><\/div><\/div><\/div>\t\t\t\t\t\t\t\t<\/div>\n\t\t\t\t<\/div>\n\t\t\t\t<div class=\"elementor-element elementor-element-a5ec36c elementor-widget elementor-widget-image\" data-id=\"a5ec36c\" data-element_type=\"widget\" data-e-type=\"widget\" data-widget_type=\"image.default\">\n\t\t\t\t<div class=\"elementor-widget-container\">\n\t\t\t\t\t\t\t\t\t\t\t\t\t\t\t<img fetchpriority=\"high\" decoding=\"async\" width=\"995\" height=\"639\" src=\"https:\/\/seta66.com\/wp-content\/uploads\/2022\/03\/2025-04-09-at-22-50-30.jpg\" class=\"attachment-large size-large wp-image-6811\" alt=\"\" srcset=\"https:\/\/seta66.com\/wp-content\/uploads\/2022\/03\/2025-04-09-at-22-50-30.jpg 995w, https:\/\/seta66.com\/wp-content\/uploads\/2022\/03\/2025-04-09-at-22-50-30-300x193.jpg 300w, https:\/\/seta66.com\/wp-content\/uploads\/2022\/03\/2025-04-09-at-22-50-30-768x493.jpg 768w, https:\/\/seta66.com\/wp-content\/uploads\/2022\/03\/2025-04-09-at-22-50-30-467x300.jpg 467w\" sizes=\"(max-width: 995px) 100vw, 995px\" \/>\t\t\t\t\t\t\t\t\t\t\t\t\t\t\t<\/div>\n\t\t\t\t<\/div>\n\t\t\t\t\t<\/div>\n\t\t<\/div>\n\t\t\t\t\t<\/div>\n\t\t<\/section>\n\t\t\t\t<section class=\"elementor-section elementor-top-section elementor-element elementor-element-7c8ffd9 elementor-section-boxed elementor-section-height-default elementor-section-height-default\" data-id=\"7c8ffd9\" data-element_type=\"section\" data-e-type=\"section\">\n\t\t\t\t\t\t<div class=\"elementor-container elementor-column-gap-default\">\n\t\t\t\t\t<div class=\"elementor-column elementor-col-100 elementor-top-column elementor-element elementor-element-ab99cd6\" data-id=\"ab99cd6\" data-element_type=\"column\" data-e-type=\"column\">\n\t\t\t<div class=\"elementor-widget-wrap elementor-element-populated\">\n\t\t\t\t\t\t<div class=\"elementor-element elementor-element-e73708e elementor-widget elementor-widget-image\" data-id=\"e73708e\" data-element_type=\"widget\" data-e-type=\"widget\" data-widget_type=\"image.default\">\n\t\t\t\t<div class=\"elementor-widget-container\">\n\t\t\t\t\t\t\t\t\t\t\t\t\t\t\t\t<a href=\"https:\/\/seta66.com\/wp-content\/uploads\/2025\/01\/cri-du-platane.pdf\" target=\"_blank\">\n\t\t\t\t\t\t\t<img loading=\"lazy\" decoding=\"async\" width=\"759\" height=\"1023\" src=\"https:\/\/seta66.com\/wp-content\/uploads\/2025\/01\/2025-01-21-at-11-46-05.jpg\" class=\"attachment-large size-large wp-image-6636\" alt=\"\" srcset=\"https:\/\/seta66.com\/wp-content\/uploads\/2025\/01\/2025-01-21-at-11-46-05.jpg 759w, https:\/\/seta66.com\/wp-content\/uploads\/2025\/01\/2025-01-21-at-11-46-05-223x300.jpg 223w\" sizes=\"(max-width: 759px) 100vw, 759px\" \/>\t\t\t\t\t\t\t\t<\/a>\n\t\t\t\t\t\t\t\t\t\t\t\t\t\t\t<\/div>\n\t\t\t\t<\/div>\n\t\t\t\t\t<\/div>\n\t\t<\/div>\n\t\t\t\t\t<\/div>\n\t\t<\/section>\n\t\t\t\t<section class=\"elementor-section elementor-top-section elementor-element elementor-element-05689a2 elementor-section-boxed elementor-section-height-default elementor-section-height-default\" data-id=\"05689a2\" data-element_type=\"section\" data-e-type=\"section\">\n\t\t\t\t\t\t<div class=\"elementor-container elementor-column-gap-default\">\n\t\t\t\t\t<div class=\"elementor-column elementor-col-100 elementor-top-column elementor-element elementor-element-5a79ede\" data-id=\"5a79ede\" data-element_type=\"column\" data-e-type=\"column\">\n\t\t\t<div class=\"elementor-widget-wrap elementor-element-populated\">\n\t\t\t\t\t\t<div class=\"elementor-element elementor-element-4f0eb6d elementor-widget elementor-widget-image\" data-id=\"4f0eb6d\" data-element_type=\"widget\" data-e-type=\"widget\" data-widget_type=\"image.default\">\n\t\t\t\t<div class=\"elementor-widget-container\">\n\t\t\t\t\t\t\t\t\t\t\t\t\t\t\t\t<a href=\"https:\/\/seta66.com\/wp-content\/uploads\/2025\/01\/Avec-le-permis-de-vegetaliser.pdf\" target=\"_blank\">\n\t\t\t\t\t\t\t<img loading=\"lazy\" decoding=\"async\" width=\"713\" height=\"1024\" src=\"https:\/\/seta66.com\/wp-content\/uploads\/2025\/01\/2025-01-21-at-11-46-57-713x1024.jpg\" class=\"attachment-large size-large wp-image-6635\" alt=\"\" srcset=\"https:\/\/seta66.com\/wp-content\/uploads\/2025\/01\/2025-01-21-at-11-46-57-713x1024.jpg 713w, https:\/\/seta66.com\/wp-content\/uploads\/2025\/01\/2025-01-21-at-11-46-57-209x300.jpg 209w, https:\/\/seta66.com\/wp-content\/uploads\/2025\/01\/2025-01-21-at-11-46-57.jpg 719w\" sizes=\"(max-width: 713px) 100vw, 713px\" \/>\t\t\t\t\t\t\t\t<\/a>\n\t\t\t\t\t\t\t\t\t\t\t\t\t\t\t<\/div>\n\t\t\t\t<\/div>\n\t\t\t\t\t<\/div>\n\t\t<\/div>\n\t\t\t\t\t<\/div>\n\t\t<\/section>\n\t\t\t\t<section class=\"elementor-section elementor-top-section elementor-element elementor-element-a001d03 elementor-section-boxed elementor-section-height-default elementor-section-height-default\" data-id=\"a001d03\" data-element_type=\"section\" data-e-type=\"section\">\n\t\t\t\t\t\t<div class=\"elementor-container elementor-column-gap-default\">\n\t\t\t\t\t<div class=\"elementor-column elementor-col-100 elementor-top-column elementor-element elementor-element-857d40c\" data-id=\"857d40c\" data-element_type=\"column\" data-e-type=\"column\">\n\t\t\t<div class=\"elementor-widget-wrap elementor-element-populated\">\n\t\t\t\t\t\t<div class=\"elementor-element elementor-element-2a1f71f elementor-widget elementor-widget-heading\" data-id=\"2a1f71f\" data-element_type=\"widget\" data-e-type=\"widget\" data-widget_type=\"heading.default\">\n\t\t\t\t<div class=\"elementor-widget-container\">\n\t\t\t\t\t<h1 class=\"elementor-heading-title elementor-size-default\"><a href=\"https:\/\/seta66.com\/wp-content\/uploads\/2024\/12\/2024-12-08-at-09-56-55.jpg\">Pour l'environnement \n\nOsons le rail\n\n<br>Ceret \/Elne\/Perpignan<\/a><\/h1>\t\t\t\t<\/div>\n\t\t\t\t<\/div>\n\t\t\t\t\t<\/div>\n\t\t<\/div>\n\t\t\t\t\t<\/div>\n\t\t<\/section>\n\t\t\t\t<section class=\"elementor-section elementor-top-section elementor-element elementor-element-c02fd26 elementor-section-boxed elementor-section-height-default elementor-section-height-default\" data-id=\"c02fd26\" data-element_type=\"section\" data-e-type=\"section\">\n\t\t\t\t\t\t<div class=\"elementor-container elementor-column-gap-default\">\n\t\t\t\t\t<div class=\"elementor-column elementor-col-100 elementor-top-column elementor-element elementor-element-6db1854\" data-id=\"6db1854\" data-element_type=\"column\" data-e-type=\"column\">\n\t\t\t<div class=\"elementor-widget-wrap elementor-element-populated\">\n\t\t\t\t\t\t<div class=\"elementor-element elementor-element-a75c4c6 elementor-widget elementor-widget-image\" data-id=\"a75c4c6\" data-element_type=\"widget\" data-e-type=\"widget\" data-widget_type=\"image.default\">\n\t\t\t\t<div class=\"elementor-widget-container\">\n\t\t\t\t\t\t\t\t\t\t\t\t\t\t\t<img loading=\"lazy\" decoding=\"async\" width=\"1024\" height=\"635\" src=\"https:\/\/seta66.com\/wp-content\/uploads\/2022\/03\/2024-09-13-at-11-34-35-1024x635.jpg\" class=\"attachment-large size-large wp-image-6436\" alt=\"\" srcset=\"https:\/\/seta66.com\/wp-content\/uploads\/2022\/03\/2024-09-13-at-11-34-35-1024x635.jpg 1024w, https:\/\/seta66.com\/wp-content\/uploads\/2022\/03\/2024-09-13-at-11-34-35-300x186.jpg 300w, https:\/\/seta66.com\/wp-content\/uploads\/2022\/03\/2024-09-13-at-11-34-35-768x476.jpg 768w, https:\/\/seta66.com\/wp-content\/uploads\/2022\/03\/2024-09-13-at-11-34-35-1536x952.jpg 1536w, https:\/\/seta66.com\/wp-content\/uploads\/2022\/03\/2024-09-13-at-11-34-35-431x267.jpg 431w, https:\/\/seta66.com\/wp-content\/uploads\/2022\/03\/2024-09-13-at-11-34-35.jpg 1549w\" sizes=\"(max-width: 1024px) 100vw, 1024px\" \/>\t\t\t\t\t\t\t\t\t\t\t\t\t\t\t<\/div>\n\t\t\t\t<\/div>\n\t\t\t\t<div class=\"elementor-element elementor-element-bcf7f1c elementor-widget elementor-widget-image\" data-id=\"bcf7f1c\" data-element_type=\"widget\" data-e-type=\"widget\" data-widget_type=\"image.default\">\n\t\t\t\t<div class=\"elementor-widget-container\">\n\t\t\t\t\t\t\t\t\t\t\t\t\t\t\t\t<a href=\"https:\/\/seta66.com\/wp-content\/uploads\/2024\/09\/actu-de-BVV.pdf\">\n\t\t\t\t\t\t\t<img loading=\"lazy\" decoding=\"async\" width=\"738\" height=\"1024\" src=\"https:\/\/seta66.com\/wp-content\/uploads\/2024\/09\/2024-09-13-at-11-44-08-1-738x1024.jpg\" class=\"attachment-large size-large wp-image-6449\" alt=\"\" srcset=\"https:\/\/seta66.com\/wp-content\/uploads\/2024\/09\/2024-09-13-at-11-44-08-1-738x1024.jpg 738w, https:\/\/seta66.com\/wp-content\/uploads\/2024\/09\/2024-09-13-at-11-44-08-1-216x300.jpg 216w, https:\/\/seta66.com\/wp-content\/uploads\/2024\/09\/2024-09-13-at-11-44-08-1-768x1066.jpg 768w, https:\/\/seta66.com\/wp-content\/uploads\/2024\/09\/2024-09-13-at-11-44-08-1.jpg 774w\" sizes=\"(max-width: 738px) 100vw, 738px\" \/>\t\t\t\t\t\t\t\t<\/a>\n\t\t\t\t\t\t\t\t\t\t\t\t\t\t\t<\/div>\n\t\t\t\t<\/div>\n\t\t\t\t\t<\/div>\n\t\t<\/div>\n\t\t\t\t\t<\/div>\n\t\t<\/section>\n\t\t\t\t<section class=\"elementor-section elementor-top-section elementor-element elementor-element-97e42c0 elementor-section-boxed elementor-section-height-default elementor-section-height-default\" data-id=\"97e42c0\" data-element_type=\"section\" data-e-type=\"section\">\n\t\t\t\t\t\t<div class=\"elementor-container elementor-column-gap-default\">\n\t\t\t\t\t<div class=\"elementor-column elementor-col-100 elementor-top-column elementor-element elementor-element-4472cba\" data-id=\"4472cba\" data-element_type=\"column\" data-e-type=\"column\">\n\t\t\t<div class=\"elementor-widget-wrap elementor-element-populated\">\n\t\t\t\t\t\t<div class=\"elementor-element elementor-element-b97d08c elementor-widget elementor-widget-image\" data-id=\"b97d08c\" data-element_type=\"widget\" data-e-type=\"widget\" data-widget_type=\"image.default\">\n\t\t\t\t<div class=\"elementor-widget-container\">\n\t\t\t\t\t\t\t\t\t\t\t\t\t\t\t\t<a href=\"https:\/\/seta66.com\/wp-content\/uploads\/2022\/03\/2024-08-29-Arrete-rejet-autorisation-environnementale-PONT-ROUTE-1.pdf\">\n\t\t\t\t\t\t\t<img loading=\"lazy\" decoding=\"async\" width=\"758\" height=\"762\" src=\"https:\/\/seta66.com\/wp-content\/uploads\/2024\/09\/2024-09-13-at-11-40-36.jpg\" class=\"attachment-large size-large wp-image-6443\" alt=\"\" srcset=\"https:\/\/seta66.com\/wp-content\/uploads\/2024\/09\/2024-09-13-at-11-40-36.jpg 758w, https:\/\/seta66.com\/wp-content\/uploads\/2024\/09\/2024-09-13-at-11-40-36-298x300.jpg 298w, https:\/\/seta66.com\/wp-content\/uploads\/2024\/09\/2024-09-13-at-11-40-36-150x150.jpg 150w\" sizes=\"(max-width: 758px) 100vw, 758px\" \/>\t\t\t\t\t\t\t\t<\/a>\n\t\t\t\t\t\t\t\t\t\t\t\t\t\t\t<\/div>\n\t\t\t\t<\/div>\n\t\t\t\t\t<\/div>\n\t\t<\/div>\n\t\t\t\t\t<\/div>\n\t\t<\/section>\n\t\t\t\t<section class=\"elementor-section elementor-top-section elementor-element elementor-element-14a9c70 elementor-section-boxed elementor-section-height-default elementor-section-height-default\" data-id=\"14a9c70\" data-element_type=\"section\" data-e-type=\"section\">\n\t\t\t\t\t\t<div class=\"elementor-container elementor-column-gap-default\">\n\t\t\t\t\t<div class=\"elementor-column elementor-col-100 elementor-top-column elementor-element elementor-element-e17eed6\" data-id=\"e17eed6\" data-element_type=\"column\" data-e-type=\"column\">\n\t\t\t<div class=\"elementor-widget-wrap elementor-element-populated\">\n\t\t\t\t\t\t<div class=\"elementor-element elementor-element-56da892 elementor-widget elementor-widget-heading\" data-id=\"56da892\" data-element_type=\"widget\" data-e-type=\"widget\" data-widget_type=\"heading.default\">\n\t\t\t\t<div class=\"elementor-widget-container\">\n\t\t\t\t\t<h1 class=\"elementor-heading-title elementor-size-default\">ECO FESTIVAL<\/h1>\t\t\t\t<\/div>\n\t\t\t\t<\/div>\n\t\t\t\t\t<\/div>\n\t\t<\/div>\n\t\t\t\t\t<\/div>\n\t\t<\/section>\n\t\t\t\t<section class=\"elementor-section elementor-top-section elementor-element elementor-element-294757c elementor-section-boxed elementor-section-height-default elementor-section-height-default\" data-id=\"294757c\" data-element_type=\"section\" data-e-type=\"section\">\n\t\t\t\t\t\t<div class=\"elementor-container elementor-column-gap-default\">\n\t\t\t\t\t<div class=\"elementor-column elementor-col-100 elementor-top-column elementor-element elementor-element-a5a3dbf\" data-id=\"a5a3dbf\" data-element_type=\"column\" data-e-type=\"column\">\n\t\t\t<div class=\"elementor-widget-wrap elementor-element-populated\">\n\t\t\t\t\t\t<div class=\"elementor-element elementor-element-e2fa494 elementor-widget elementor-widget-image\" data-id=\"e2fa494\" data-element_type=\"widget\" data-e-type=\"widget\" data-widget_type=\"image.default\">\n\t\t\t\t<div class=\"elementor-widget-container\">\n\t\t\t\t\t\t\t\t\t\t\t\t<figure class=\"wp-caption\">\n\t\t\t\t\t\t\t\t\t\t\t<a href=\"https:\/\/seta66.com\/wp-content\/uploads\/2024\/08\/tract-A5-RV-1.pdf\" target=\"_blank\">\n\t\t\t\t\t\t\t<img loading=\"lazy\" decoding=\"async\" width=\"1024\" height=\"724\" src=\"https:\/\/seta66.com\/wp-content\/uploads\/2024\/08\/2024-08-30-at-15-18-42-1024x724.png\" class=\"attachment-large size-large wp-image-6355\" alt=\"\" srcset=\"https:\/\/seta66.com\/wp-content\/uploads\/2024\/08\/2024-08-30-at-15-18-42-1024x724.png 1024w, https:\/\/seta66.com\/wp-content\/uploads\/2024\/08\/2024-08-30-at-15-18-42-300x212.png 300w, https:\/\/seta66.com\/wp-content\/uploads\/2024\/08\/2024-08-30-at-15-18-42-768x543.png 768w, https:\/\/seta66.com\/wp-content\/uploads\/2024\/08\/2024-08-30-at-15-18-42-424x300.png 424w, https:\/\/seta66.com\/wp-content\/uploads\/2024\/08\/2024-08-30-at-15-18-42.png 1307w\" sizes=\"(max-width: 1024px) 100vw, 1024px\" \/>\t\t\t\t\t\t\t\t<\/a>\n\t\t\t\t\t\t\t\t\t\t\t<figcaption class=\"widget-image-caption wp-caption-text\">ECO FESTIVAL<\/figcaption>\n\t\t\t\t\t\t\t\t\t\t<\/figure>\n\t\t\t\t\t\t\t\t\t<\/div>\n\t\t\t\t<\/div>\n\t\t\t\t\t<\/div>\n\t\t<\/div>\n\t\t\t\t\t<\/div>\n\t\t<\/section>\n\t\t\t\t<section class=\"elementor-section elementor-top-section elementor-element elementor-element-fb259e5 elementor-section-boxed elementor-section-height-default elementor-section-height-default\" data-id=\"fb259e5\" data-element_type=\"section\" data-e-type=\"section\">\n\t\t\t\t\t\t<div class=\"elementor-container elementor-column-gap-default\">\n\t\t\t\t\t<div class=\"elementor-column elementor-col-100 elementor-top-column elementor-element elementor-element-77b1fd8\" data-id=\"77b1fd8\" data-element_type=\"column\" data-e-type=\"column\">\n\t\t\t<div class=\"elementor-widget-wrap elementor-element-populated\">\n\t\t\t\t\t\t<div class=\"elementor-element elementor-element-7f3d4f5 elementor-widget elementor-widget-text-editor\" data-id=\"7f3d4f5\" data-element_type=\"widget\" data-e-type=\"widget\" data-widget_type=\"text-editor.default\">\n\t\t\t\t<div class=\"elementor-widget-container\">\n\t\t\t\t\t\t\t\t\t<h1 style=\"text-align: center;\"><span style=\"font-size: large;\">7 MARS 2024 \u00e0 19h<\/span><\/h1><h1 style=\"text-align: center;\"><span style=\"font-size: large;\"> \u00ab\u00a0la TH\u00c9ORIE DU BOXEUR\u00a0\u00bb \u00a0 <\/span><\/h1><div><a href=\"https:\/\/seta66.com\/wp-content\/uploads\/2024\/03\/la-theorie-du-boxeur.jpg\"><img loading=\"lazy\" decoding=\"async\" class=\"aligncenter size-full wp-image-5367\" src=\"https:\/\/seta66.com\/wp-content\/uploads\/2024\/03\/la-theorie-du-boxeur.jpg\" alt=\"\" width=\"299\" height=\"169\" srcset=\"https:\/\/seta66.com\/wp-content\/uploads\/2024\/03\/la-theorie-du-boxeur.jpg 299w, https:\/\/seta66.com\/wp-content\/uploads\/2024\/03\/la-theorie-du-boxeur-128x72.jpg 128w\" sizes=\"(max-width: 299px) 100vw, 299px\" \/><\/a><\/div><h1 style=\"text-align: center;\"><span style=\"font-size: large;\">\u00e0 C\u00e9ret AU CIN\u00c9 CERETAN,<\/span><\/h1><h1 style=\"text-align: center;\"><span style=\"font-size: large;\">en pr\u00e9sence du r\u00e9alisateur NATHANA\u00cbL COSTE<\/span><\/h1><div><h1 style=\"text-align: center;\"><span style=\"font-family: Times New Roman, serif; font-size: large;\">La projection du film, en avant-premi\u00e8re, sera suivi d&rsquo;un d\u00e9bat <\/span><\/h1><h1 style=\"text-align: center;\"><span style=\"font-family: Times New Roman, serif; font-size: large;\">(Entr\u00e9e 5 euros)<\/span><\/h1><\/div>\t\t\t\t\t\t\t\t<\/div>\n\t\t\t\t<\/div>\n\t\t\t\t\t<\/div>\n\t\t<\/div>\n\t\t\t\t\t<\/div>\n\t\t<\/section>\n\t\t\t\t<section class=\"elementor-section elementor-top-section elementor-element elementor-element-dbdc0e9 elementor-section-boxed elementor-section-height-default elementor-section-height-default\" data-id=\"dbdc0e9\" data-element_type=\"section\" data-e-type=\"section\">\n\t\t\t\t\t\t<div class=\"elementor-container elementor-column-gap-default\">\n\t\t\t\t\t<div class=\"elementor-column elementor-col-100 elementor-top-column elementor-element elementor-element-193acab\" data-id=\"193acab\" data-element_type=\"column\" data-e-type=\"column\">\n\t\t\t<div class=\"elementor-widget-wrap elementor-element-populated\">\n\t\t\t\t\t\t<div class=\"elementor-element elementor-element-f97868b elementor-widget elementor-widget-text-editor\" data-id=\"f97868b\" data-element_type=\"widget\" data-e-type=\"widget\" data-widget_type=\"text-editor.default\">\n\t\t\t\t<div class=\"elementor-widget-container\">\n\t\t\t\t\t\t\t\t\t<blockquote>\n<div>\n<div dir=\"ltr\">\n<div class=\"gmail_quote\">\n<div dir=\"ltr\">\n<div class=\"gmail_quote\">\n<div><span style=\"font-size: large;\"><b>L&rsquo;enqu\u00eate publique pour le projet d&rsquo;abattage de platanes \u00e0 C\u00e9ret est ouverte : PARTICIPEZ!<\/b><\/span><\/div>\n<div><span style=\"font-size: large;\"><b>&nbsp;<\/b><\/span><\/div>\n<div dir=\"ltr\">\n<div>\n<div><span style=\"font-family: Times New Roman, serif;\"><span style=\"font-size: large;\">Une consultation du public est en cours&nbsp;:&nbsp;<\/span><\/span><\/div>\n<div><span style=\"font-family: Cambria, serif;\"><span style=\"font-size: medium;\"><b>Les citoyens&nbsp; peuvent faire valoir leurs observations aupr\u00e8s de la pr\u00e9fecture par voie \u00e9lectronique en pr\u00e9cisant l\u2019objet de la consultation \u00e0 l\u2019adresse suivante<\/b><\/span><\/span><span style=\"color: #4f81bd;\"><span style=\"font-family: Cambria, serif;\"><span style=\"font-size: medium;\"><b>&nbsp;:&nbsp;<\/b><\/span><\/span><\/span><\/div><div><a href=\"mailto:ddtm-nature@pyrenees-orientales.gouv.fr\" target=\"_blank\" rel=\"noopener\"><span style=\"color: #0000ff;\"><span style=\"font-family: Cambria, serif;\"><span style=\"font-size: medium;\"><u><b>ddtm-nature@pyrenees-<wbr>orientales.gouv.fr<\/b><\/u><\/span><\/span><\/span><\/a><\/div>\n<div><span style=\"font-family: Times New Roman, serif;\"><span style=\"font-size: large;\">La consultation est ouverte jusqu\u2019au 24 janvier inclu<br><\/span><\/span><\/div>\n<p align=\"center\">\n<\/p><p align=\"center\"><span style=\"font-family: Times New Roman, serif;\"><span style=\"font-size: large;\">Les services de l\u2019\u00c9tat ne voient pas o\u00f9 est le probl\u00e8me d&rsquo;abattre&nbsp;<\/span><span style=\"font-size: large;\"><u>7 tr\u00e8s grands platanes adultes<\/u><\/span><span style=\"font-size: large;\">&nbsp;dans le quartier de la gare \u00e0 C\u00e9ret et de les compenser par une plantation de jeunes arbres n\u00e9cessitant un arrosage r\u00e9gulier. Or, aucune nouvelle plantation ne peut compenser le r\u00f4le d&rsquo;arbres adultes vivants dans leur milieu. Au moment o\u00f9 il conviendrait de reboiser massivement, nous ne pouvons accepter aucun abattage d&rsquo;arbre, et surtout pas dans les PO avec le bilan hydrique que l&rsquo;on conna\u00eet.<\/span><\/span><span style=\"color: #073763;\"><span style=\"font-family: Calibri, serif;\"><span style=\"font-size: medium;\"><br><\/span><\/span><\/span><\/p>\n<p align=\"center\"><span style=\"color: #073763;\"><span style=\"font-family: Calibri, serif;\"><span style=\"font-size: medium;\">Nos arguments :<\/span><\/span><\/span><\/p>\n<ul>\n<li><span style=\"color: #073763;\"><span style=\"font-family: Calibri, serif;\"><span style=\"font-size: medium;\">Les arbres permettent de lutter contre l&rsquo;\u00e9rosion des sols, ils ont un r\u00f4le majeur dans la constitution de la pluie<\/span><\/span><\/span><\/li>\n<li><span style=\"color: #073763;\"><span style=\"font-family: Calibri, serif;\"><span style=\"font-size: medium;\">Ils restituent l&rsquo;eau dans l&rsquo;atmosph\u00e8re et participent \u00e0 son&nbsp; rafraichissement. voir \u00e0 ce sujet :&nbsp;<\/span><\/span><\/span><a href=\"http:\/\/www1.onf.fr\/gestion_durable\/++oid++91e\/@@display_advise.html\" target=\"_blank\" rel=\"noopener\" data-saferedirecturl=\"https:\/\/www.google.com\/url?q=http:\/\/www1.onf.fr\/gestion_durable\/%2B%2Boid%2B%2B91e\/@@display_advise.html&amp;source=gmail&amp;ust=1705079629779000&amp;usg=AOvVaw2EjnBh2xuKXc9i-IrW5xgT\">http:\/\/www1.onf.fr\/gestion_<wbr>durable\/++oid++91e\/@@display_<wbr>advise.html<\/a><\/li>\n<li>Avec les canicules, l&rsquo;ombre apport\u00e9e par les arbres est essentielle : voir l&rsquo;article de G\u00e9o :&nbsp;<a href=\"https:\/\/www.geo.fr\/environnement\/en-transpirant-les-arbres-rafraichissent-la-terre-213947\" target=\"_blank\" rel=\"noopener\" data-saferedirecturl=\"https:\/\/www.google.com\/url?q=https:\/\/www.geo.fr\/environnement\/en-transpirant-les-arbres-rafraichissent-la-terre-213947&amp;source=gmail&amp;ust=1705079629779000&amp;usg=AOvVaw0dk1pecJx6SC0zie6CeY98\">https:\/\/www.geo.fr\/<wbr>environnement\/en-transpirant-<wbr>les-arbres-rafraichissent-la-<wbr>terre-213947<\/a><\/li>\n<li>Ce ne sont pas des arbrisseaux replant\u00e9s qui vont apporter ombre et fraicheur. Il n&rsquo;y a aucune garantie pour que ces arbres arrivent \u00e0 maturit\u00e9 : voir \u00e0 ce sujet l&rsquo;excellente vid\u00e9o de Francis Hall\u00e9 sur la triple arnaque des \u00ab\u00a0compensations\u00a0\u00bb :\n<div>le lien&nbsp;<a href=\"https:\/\/www.youtube.com\/watch?v=m9w5tmo9uW0\" target=\"_blank\" rel=\"noopener\" data-saferedirecturl=\"https:\/\/www.google.com\/url?q=https:\/\/www.youtube.com\/watch?v%3Dm9w5tmo9uW0&amp;source=gmail&amp;ust=1705079629779000&amp;usg=AOvVaw04MpKD_27vaxpIAP5wuA7B\">https:\/\/www.youtube.com\/watch?<wbr>v=m9w5tmo9uW0<\/a><\/div>\n<div>&nbsp;<\/div>\n<\/li>\n<li>Enfin les grands arbres sont un refuge pr\u00e9cieux pour les oiseaux et toute la biodiversit\u00e9&nbsp; :&nbsp;<a href=\"https:\/\/www.gor66.fr\/_files\/ugd\/d91aee_4c831e4623934787bb6001388f603d8b.pdf\" target=\"_blank\" rel=\"noopener\" data-saferedirecturl=\"https:\/\/www.google.com\/url?q=https:\/\/www.gor66.fr\/_files\/ugd\/d91aee_4c831e4623934787bb6001388f603d8b.pdf&amp;source=gmail&amp;ust=1705079629779000&amp;usg=AOvVaw2zt4vrKpSzbSWsyn4kr9vn\">https:\/\/www.gor66.fr\/_files\/<wbr>ugd\/d91aee_<wbr>4c831e4623934787bb6001388f603d<wbr>8b.pdf<\/a><\/li>\n<li>L&#8217;emplacement de la gare doit \u00eatre pr\u00e9serv\u00e9 pour le futur train&nbsp; pour lequel nous luttons activement : une bonne alternative au tout-voiture !<\/li>\n<\/ul>\n<div><i>Il faut \u00e9viter les copi\u00e9-coll\u00e9 , mais vous pouvez r\u00e9diger en utilisant ces arguments de bon sens<b>&nbsp;et en ajouter d&rsquo;autres.<\/b>.. : Nous devons inonder la pr\u00e9fecture de contributions !!!.<br><\/i><\/div>\n<div>&nbsp;<\/div>\n<div>&nbsp;<span style=\"font-family: Times New Roman, serif;\"><span style=\"font-size: large;\">&nbsp;<\/span><\/span><span style=\"font-family: Times New Roman, serif;\"><span style=\"font-size: large;\"><b>Commen\u00e7ons par donner notre avis dans&nbsp; cette consultation<\/b><\/span><\/span><span style=\"font-family: Cambria, serif;\"><span style=\"font-size: medium;\"><b>&nbsp; (ATTENTION elle est ouverte jusqu&rsquo;au 24 janvier 2024 inclus) \u00e0 l&rsquo;adresse suivante<\/b><\/span><\/span><span style=\"color: #4f81bd;\"><span style=\"font-family: Cambria, serif;\"><span style=\"font-size: medium;\"><b>&nbsp;:&nbsp;<\/b><\/span><\/span><\/span><a href=\"mailto:ddtm-nature@pyrenees-orientales.gouv.fr\" target=\"_blank\" rel=\"noopener\"><span style=\"color: #0000ff;\"><span style=\"font-family: Cambria, serif;\"><span style=\"font-size: medium;\"><u><b>ddtm-nature@pyrenees-<wbr>orientales.gouv.fr<\/b><\/u><\/span><\/span><\/span><\/a><\/div>\n<div>&nbsp;<\/div>\n<div><span dir=\"auto\"><span style=\"font-size: large;\">(<i>et mettez bien en objet de votre mail \u00ab\u00a0abattage de 7 platanes \u00e0 Ceret\u00a0\u00bb)<\/i><\/span><\/span><\/div>\n<div>&nbsp;<\/div>\n<div>\n<div><span style=\"font-family: Calibri, serif;\"><span style=\"font-size: large;\">Tout le dossier sur :&nbsp;<\/span><\/span><span style=\"color: #0000ff;\"><u><a href=\"https:\/\/www.pyrenees-orientales.gouv.fr\/Publications\/Enquetes-publiques-et-autres-procedures\/Consultations-publiques\/Demande-autorisation-pour-l-abattage-de-7-platanes-Commune-de-Ceret\" target=\"_blank\" rel=\"noopener\" data-saferedirecturl=\"https:\/\/www.google.com\/url?q=https:\/\/www.pyrenees-orientales.gouv.fr\/Publications\/Enquetes-publiques-et-autres-procedures\/Consultations-publiques\/Demande-autorisation-pour-l-abattage-de-7-platanes-Commune-de-Ceret&amp;source=gmail&amp;ust=1705079629779000&amp;usg=AOvVaw0JI99TPDzn_ld9UZIJHTyN\"><span style=\"font-family: Calibri, serif;\"><span style=\"font-size: large;\">https:\/\/www.pyrenees-<wbr>orientales.gouv.fr\/<wbr>Publications\/Enquetes-<wbr>publiques-et-autres-<wbr>procedures\/Consultations-<wbr>publiques\/Demande-<wbr>autorisation-pour-l-abattage-<wbr>de-7-platanes-Commune-de-Ceret<\/span><\/span><\/a><\/u><\/span><\/div>\n<div><span style=\"font-size: xx-large;\"><span style=\"font-family: Calibri, serif;\">Soyez nombreux \u00e0 \u00e9crire<\/span><\/span><\/div>\n<div><span style=\"font-size: large;\">Votre participation n&rsquo;exclut pas la mobilisation au plus pr\u00e8s du terrain : Rejoignez nos actions<\/span><\/div>\n<div>&nbsp;<\/div>\n<\/div>\n<\/div>\n<\/div>\n<\/div>\n<\/div>\n<\/div>\n<\/div>\n<\/div>\n<\/blockquote>\t\t\t\t\t\t\t\t<\/div>\n\t\t\t\t<\/div>\n\t\t\t\t\t<\/div>\n\t\t<\/div>\n\t\t\t\t\t<\/div>\n\t\t<\/section>\n\t\t\t\t<section class=\"elementor-section elementor-top-section elementor-element elementor-element-63ca956 elementor-section-boxed elementor-section-height-default elementor-section-height-default\" data-id=\"63ca956\" data-element_type=\"section\" data-e-type=\"section\">\n\t\t\t\t\t\t<div class=\"elementor-container elementor-column-gap-default\">\n\t\t\t\t\t<div class=\"elementor-column elementor-col-100 elementor-top-column elementor-element elementor-element-01fcc59\" data-id=\"01fcc59\" data-element_type=\"column\" data-e-type=\"column\">\n\t\t\t<div class=\"elementor-widget-wrap elementor-element-populated\">\n\t\t\t\t\t\t<div class=\"elementor-element elementor-element-a070995 elementor-widget elementor-widget-image\" data-id=\"a070995\" data-element_type=\"widget\" data-e-type=\"widget\" data-widget_type=\"image.default\">\n\t\t\t\t<div class=\"elementor-widget-container\">\n\t\t\t\t\t\t\t\t\t\t\t\t\t\t\t<img loading=\"lazy\" decoding=\"async\" width=\"731\" height=\"333\" src=\"https:\/\/seta66.com\/wp-content\/uploads\/2022\/03\/2023-12-19-at-23-17-14.jpg\" class=\"attachment-large size-large wp-image-4628\" alt=\"\" srcset=\"https:\/\/seta66.com\/wp-content\/uploads\/2022\/03\/2023-12-19-at-23-17-14.jpg 731w, https:\/\/seta66.com\/wp-content\/uploads\/2022\/03\/2023-12-19-at-23-17-14-300x137.jpg 300w, https:\/\/seta66.com\/wp-content\/uploads\/2022\/03\/2023-12-19-at-23-17-14-431x196.jpg 431w\" sizes=\"(max-width: 731px) 100vw, 731px\" \/>\t\t\t\t\t\t\t\t\t\t\t\t\t\t\t<\/div>\n\t\t\t\t<\/div>\n\t\t\t\t\t<\/div>\n\t\t<\/div>\n\t\t\t\t\t<\/div>\n\t\t<\/section>\n\t\t\t\t<section class=\"elementor-section elementor-top-section elementor-element elementor-element-7af22db elementor-section-boxed elementor-section-height-default elementor-section-height-default\" data-id=\"7af22db\" data-element_type=\"section\" data-e-type=\"section\">\n\t\t\t\t\t\t<div class=\"elementor-container elementor-column-gap-default\">\n\t\t\t\t\t<div class=\"elementor-column elementor-col-100 elementor-top-column elementor-element elementor-element-33a8f4b\" data-id=\"33a8f4b\" data-element_type=\"column\" data-e-type=\"column\">\n\t\t\t<div class=\"elementor-widget-wrap elementor-element-populated\">\n\t\t\t\t\t\t<div class=\"elementor-element elementor-element-357d82e elementor-widget elementor-widget-text-editor\" data-id=\"357d82e\" data-element_type=\"widget\" data-e-type=\"widget\" data-widget_type=\"text-editor.default\">\n\t\t\t\t<div class=\"elementor-widget-container\">\n\t\t\t\t\t\t\t\t\t<h4>SETA pr\u00e9sente\u00a0 a l\u2019Ecofestival de Ceret<\/h4>\t\t\t\t\t\t\t\t<\/div>\n\t\t\t\t<\/div>\n\t\t\t\t\t<\/div>\n\t\t<\/div>\n\t\t\t\t\t<\/div>\n\t\t<\/section>\n\t\t\t\t<section class=\"elementor-section elementor-top-section elementor-element elementor-element-7da334e elementor-section-boxed elementor-section-height-default elementor-section-height-default\" data-id=\"7da334e\" data-element_type=\"section\" data-e-type=\"section\">\n\t\t\t\t\t\t<div class=\"elementor-container elementor-column-gap-default\">\n\t\t\t\t\t<div class=\"elementor-column elementor-col-100 elementor-top-column elementor-element elementor-element-0d06b22\" data-id=\"0d06b22\" data-element_type=\"column\" data-e-type=\"column\">\n\t\t\t<div class=\"elementor-widget-wrap elementor-element-populated\">\n\t\t\t\t\t\t<div class=\"elementor-element elementor-element-48f86bb elementor-widget elementor-widget-image\" data-id=\"48f86bb\" data-element_type=\"widget\" data-e-type=\"widget\" data-widget_type=\"image.default\">\n\t\t\t\t<div class=\"elementor-widget-container\">\n\t\t\t\t\t\t\t\t\t\t\t\t\t\t\t<img loading=\"lazy\" decoding=\"async\" width=\"1024\" height=\"698\" src=\"https:\/\/seta66.com\/wp-content\/uploads\/2023\/10\/ceret-ecofestival-1024x698.png\" class=\"attachment-large size-large wp-image-4349\" alt=\"\" srcset=\"https:\/\/seta66.com\/wp-content\/uploads\/2023\/10\/ceret-ecofestival-1024x698.png 1024w, https:\/\/seta66.com\/wp-content\/uploads\/2023\/10\/ceret-ecofestival-300x205.png 300w, https:\/\/seta66.com\/wp-content\/uploads\/2023\/10\/ceret-ecofestival-768x524.png 768w, https:\/\/seta66.com\/wp-content\/uploads\/2023\/10\/ceret-ecofestival-1536x1047.png 1536w, https:\/\/seta66.com\/wp-content\/uploads\/2023\/10\/ceret-ecofestival-431x294.png 431w, https:\/\/seta66.com\/wp-content\/uploads\/2023\/10\/ceret-ecofestival.png 1584w\" sizes=\"(max-width: 1024px) 100vw, 1024px\" \/>\t\t\t\t\t\t\t\t\t\t\t\t\t\t\t<\/div>\n\t\t\t\t<\/div>\n\t\t\t\t\t<\/div>\n\t\t<\/div>\n\t\t\t\t\t<\/div>\n\t\t<\/section>\n\t\t\t\t<section class=\"elementor-section elementor-top-section elementor-element elementor-element-d457181 elementor-section-boxed elementor-section-height-default elementor-section-height-default\" data-id=\"d457181\" data-element_type=\"section\" data-e-type=\"section\">\n\t\t\t\t\t\t<div class=\"elementor-container elementor-column-gap-default\">\n\t\t\t\t\t<div class=\"elementor-column elementor-col-33 elementor-top-column elementor-element elementor-element-9efc093\" data-id=\"9efc093\" data-element_type=\"column\" data-e-type=\"column\">\n\t\t\t<div class=\"elementor-widget-wrap elementor-element-populated\">\n\t\t\t\t\t\t<div class=\"elementor-element elementor-element-cb11b18 elementor-widget elementor-widget-image\" data-id=\"cb11b18\" data-element_type=\"widget\" data-e-type=\"widget\" data-widget_type=\"image.default\">\n\t\t\t\t<div class=\"elementor-widget-container\">\n\t\t\t\t\t\t\t\t\t\t\t\t\t\t\t<img loading=\"lazy\" decoding=\"async\" width=\"1024\" height=\"720\" src=\"https:\/\/seta66.com\/wp-content\/uploads\/2023\/10\/20231001_114804-2-1024x720.jpeg\" class=\"attachment-large size-large wp-image-4294\" alt=\"\" srcset=\"https:\/\/seta66.com\/wp-content\/uploads\/2023\/10\/20231001_114804-2-1024x720.jpeg 1024w, https:\/\/seta66.com\/wp-content\/uploads\/2023\/10\/20231001_114804-2-300x211.jpeg 300w, https:\/\/seta66.com\/wp-content\/uploads\/2023\/10\/20231001_114804-2-768x540.jpeg 768w, https:\/\/seta66.com\/wp-content\/uploads\/2023\/10\/20231001_114804-2-1536x1080.jpeg 1536w, https:\/\/seta66.com\/wp-content\/uploads\/2023\/10\/20231001_114804-2-2048x1441.jpeg 2048w, https:\/\/seta66.com\/wp-content\/uploads\/2023\/10\/20231001_114804-2-426x300.jpeg 426w\" sizes=\"(max-width: 1024px) 100vw, 1024px\" \/>\t\t\t\t\t\t\t\t\t\t\t\t\t\t\t<\/div>\n\t\t\t\t<\/div>\n\t\t\t\t\t<\/div>\n\t\t<\/div>\n\t\t\t\t<div class=\"elementor-column elementor-col-33 elementor-top-column elementor-element elementor-element-be3b2d1\" data-id=\"be3b2d1\" data-element_type=\"column\" data-e-type=\"column\">\n\t\t\t<div class=\"elementor-widget-wrap elementor-element-populated\">\n\t\t\t\t\t\t<div class=\"elementor-element elementor-element-415a46c elementor-widget elementor-widget-image\" data-id=\"415a46c\" data-element_type=\"widget\" data-e-type=\"widget\" data-widget_type=\"image.default\">\n\t\t\t\t<div class=\"elementor-widget-container\">\n\t\t\t\t\t\t\t\t\t\t\t\t\t\t\t<img loading=\"lazy\" decoding=\"async\" width=\"1024\" height=\"768\" src=\"https:\/\/seta66.com\/wp-content\/uploads\/2023\/10\/20231001_114911bis-1024x768.jpg\" class=\"attachment-large size-large wp-image-4293\" alt=\"\" srcset=\"https:\/\/seta66.com\/wp-content\/uploads\/2023\/10\/20231001_114911bis-1024x768.jpg 1024w, https:\/\/seta66.com\/wp-content\/uploads\/2023\/10\/20231001_114911bis-300x225.jpg 300w, https:\/\/seta66.com\/wp-content\/uploads\/2023\/10\/20231001_114911bis-768x576.jpg 768w, https:\/\/seta66.com\/wp-content\/uploads\/2023\/10\/20231001_114911bis-1536x1152.jpg 1536w, https:\/\/seta66.com\/wp-content\/uploads\/2023\/10\/20231001_114911bis-2048x1536.jpg 2048w, https:\/\/seta66.com\/wp-content\/uploads\/2023\/10\/20231001_114911bis-400x300.jpg 400w\" sizes=\"(max-width: 1024px) 100vw, 1024px\" \/>\t\t\t\t\t\t\t\t\t\t\t\t\t\t\t<\/div>\n\t\t\t\t<\/div>\n\t\t\t\t\t<\/div>\n\t\t<\/div>\n\t\t\t\t<div class=\"elementor-column elementor-col-33 elementor-top-column elementor-element elementor-element-2d9e7ee\" data-id=\"2d9e7ee\" data-element_type=\"column\" data-e-type=\"column\">\n\t\t\t<div class=\"elementor-widget-wrap elementor-element-populated\">\n\t\t\t\t\t\t<div class=\"elementor-element elementor-element-141be36 elementor-widget elementor-widget-image\" data-id=\"141be36\" data-element_type=\"widget\" data-e-type=\"widget\" data-widget_type=\"image.default\">\n\t\t\t\t<div class=\"elementor-widget-container\">\n\t\t\t\t\t\t\t\t\t\t\t\t\t\t\t<img loading=\"lazy\" decoding=\"async\" width=\"1024\" height=\"768\" src=\"https:\/\/seta66.com\/wp-content\/uploads\/2023\/10\/20231001_100850bis-1024x768.jpg\" class=\"attachment-large size-large wp-image-4292\" alt=\"\" srcset=\"https:\/\/seta66.com\/wp-content\/uploads\/2023\/10\/20231001_100850bis-1024x768.jpg 1024w, https:\/\/seta66.com\/wp-content\/uploads\/2023\/10\/20231001_100850bis-300x225.jpg 300w, https:\/\/seta66.com\/wp-content\/uploads\/2023\/10\/20231001_100850bis-768x576.jpg 768w, https:\/\/seta66.com\/wp-content\/uploads\/2023\/10\/20231001_100850bis-1536x1152.jpg 1536w, https:\/\/seta66.com\/wp-content\/uploads\/2023\/10\/20231001_100850bis-2048x1536.jpg 2048w, https:\/\/seta66.com\/wp-content\/uploads\/2023\/10\/20231001_100850bis-400x300.jpg 400w\" sizes=\"(max-width: 1024px) 100vw, 1024px\" \/>\t\t\t\t\t\t\t\t\t\t\t\t\t\t\t<\/div>\n\t\t\t\t<\/div>\n\t\t\t\t\t<\/div>\n\t\t<\/div>\n\t\t\t\t\t<\/div>\n\t\t<\/section>\n\t\t\t\t<section class=\"elementor-section elementor-top-section elementor-element elementor-element-4150517 elementor-section-boxed elementor-section-height-default elementor-section-height-default\" data-id=\"4150517\" data-element_type=\"section\" data-e-type=\"section\">\n\t\t\t\t\t\t<div class=\"elementor-container elementor-column-gap-default\">\n\t\t\t\t\t<div class=\"elementor-column elementor-col-100 elementor-top-column elementor-element elementor-element-1676dfd\" data-id=\"1676dfd\" data-element_type=\"column\" data-e-type=\"column\">\n\t\t\t<div class=\"elementor-widget-wrap elementor-element-populated\">\n\t\t\t\t\t\t<div class=\"elementor-element elementor-element-85c28f3 elementor-widget elementor-widget-image\" data-id=\"85c28f3\" data-element_type=\"widget\" data-e-type=\"widget\" data-widget_type=\"image.default\">\n\t\t\t\t<div class=\"elementor-widget-container\">\n\t\t\t\t\t\t\t\t\t\t\t\t\t\t\t\t<a href=\"https:\/\/seta66.com\/wp-content\/uploads\/2023\/09\/FlyerRV-ecoFest-23.pdf\" target=\"_blank\">\n\t\t\t\t\t\t\t<img loading=\"lazy\" decoding=\"async\" width=\"577\" height=\"800\" src=\"https:\/\/seta66.com\/wp-content\/uploads\/2022\/03\/2023-09-22-at-10-15-03.jpg\" class=\"attachment-large size-large wp-image-4224\" alt=\"\" srcset=\"https:\/\/seta66.com\/wp-content\/uploads\/2022\/03\/2023-09-22-at-10-15-03.jpg 577w, https:\/\/seta66.com\/wp-content\/uploads\/2022\/03\/2023-09-22-at-10-15-03-216x300.jpg 216w\" sizes=\"(max-width: 577px) 100vw, 577px\" \/>\t\t\t\t\t\t\t\t<\/a>\n\t\t\t\t\t\t\t\t\t\t\t\t\t\t\t<\/div>\n\t\t\t\t<\/div>\n\t\t\t\t\t<\/div>\n\t\t<\/div>\n\t\t\t\t\t<\/div>\n\t\t<\/section>\n\t\t\t\t<section class=\"elementor-section elementor-top-section elementor-element elementor-element-ade7a18 elementor-section-boxed elementor-section-height-default elementor-section-height-default\" data-id=\"ade7a18\" data-element_type=\"section\" data-e-type=\"section\">\n\t\t\t\t\t\t<div class=\"elementor-container elementor-column-gap-default\">\n\t\t\t\t\t<div class=\"elementor-column elementor-col-100 elementor-top-column elementor-element elementor-element-2c713f1\" data-id=\"2c713f1\" data-element_type=\"column\" data-e-type=\"column\">\n\t\t\t<div class=\"elementor-widget-wrap elementor-element-populated\">\n\t\t\t\t\t\t<div class=\"elementor-element elementor-element-f54fa16 elementor-widget elementor-widget-image\" data-id=\"f54fa16\" data-element_type=\"widget\" data-e-type=\"widget\" data-widget_type=\"image.default\">\n\t\t\t\t<div class=\"elementor-widget-container\">\n\t\t\t\t\t\t\t\t\t\t\t\t\t\t\t<img loading=\"lazy\" decoding=\"async\" width=\"788\" height=\"991\" src=\"https:\/\/seta66.com\/wp-content\/uploads\/2022\/03\/2023-08-28-at-10-35-29.jpg\" class=\"attachment-large size-large wp-image-4133\" alt=\"\" srcset=\"https:\/\/seta66.com\/wp-content\/uploads\/2022\/03\/2023-08-28-at-10-35-29.jpg 788w, https:\/\/seta66.com\/wp-content\/uploads\/2022\/03\/2023-08-28-at-10-35-29-239x300.jpg 239w, https:\/\/seta66.com\/wp-content\/uploads\/2022\/03\/2023-08-28-at-10-35-29-768x966.jpg 768w\" sizes=\"(max-width: 788px) 100vw, 788px\" \/>\t\t\t\t\t\t\t\t\t\t\t\t\t\t\t<\/div>\n\t\t\t\t<\/div>\n\t\t\t\t\t<\/div>\n\t\t<\/div>\n\t\t\t\t\t<\/div>\n\t\t<\/section>\n\t\t\t\t<section class=\"elementor-section elementor-top-section elementor-element elementor-element-2976002 elementor-section-boxed elementor-section-height-default elementor-section-height-default\" data-id=\"2976002\" data-element_type=\"section\" data-e-type=\"section\">\n\t\t\t\t\t\t<div class=\"elementor-container elementor-column-gap-default\">\n\t\t\t\t\t<div class=\"elementor-column elementor-col-100 elementor-top-column elementor-element elementor-element-f381e5c\" data-id=\"f381e5c\" data-element_type=\"column\" data-e-type=\"column\">\n\t\t\t<div class=\"elementor-widget-wrap elementor-element-populated\">\n\t\t\t\t\t\t<div class=\"elementor-element elementor-element-bb7476b elementor-widget-divider--view-line elementor-widget elementor-widget-divider\" data-id=\"bb7476b\" data-element_type=\"widget\" data-e-type=\"widget\" data-widget_type=\"divider.default\">\n\t\t\t\t<div class=\"elementor-widget-container\">\n\t\t\t\t\t\t\t<div class=\"elementor-divider\">\n\t\t\t<span class=\"elementor-divider-separator\">\n\t\t\t\t\t\t<\/span>\n\t\t<\/div>\n\t\t\t\t\t\t<\/div>\n\t\t\t\t<\/div>\n\t\t\t\t\t<\/div>\n\t\t<\/div>\n\t\t\t\t\t<\/div>\n\t\t<\/section>\n\t\t\t\t<section class=\"elementor-section elementor-top-section elementor-element elementor-element-b53b0cf elementor-section-boxed elementor-section-height-default elementor-section-height-default\" data-id=\"b53b0cf\" data-element_type=\"section\" data-e-type=\"section\">\n\t\t\t\t\t\t<div class=\"elementor-container elementor-column-gap-default\">\n\t\t\t\t\t<div class=\"elementor-column elementor-col-100 elementor-top-column elementor-element elementor-element-d6d50d6\" data-id=\"d6d50d6\" data-element_type=\"column\" data-e-type=\"column\">\n\t\t\t<div class=\"elementor-widget-wrap elementor-element-populated\">\n\t\t\t\t\t\t\t<\/div>\n\t\t<\/div>\n\t\t\t\t\t<\/div>\n\t\t<\/section>\n\t\t\t\t<section class=\"elementor-section elementor-top-section elementor-element elementor-element-bb9ff23 elementor-section-boxed elementor-section-height-default elementor-section-height-default\" data-id=\"bb9ff23\" data-element_type=\"section\" data-e-type=\"section\">\n\t\t\t\t\t\t<div class=\"elementor-container elementor-column-gap-default\">\n\t\t\t\t\t<div class=\"elementor-column elementor-col-100 elementor-top-column elementor-element elementor-element-2f164ad\" data-id=\"2f164ad\" data-element_type=\"column\" data-e-type=\"column\">\n\t\t\t<div class=\"elementor-widget-wrap elementor-element-populated\">\n\t\t\t\t\t\t<div class=\"elementor-element elementor-element-dca9ae9 elementor-widget elementor-widget-text-editor\" data-id=\"dca9ae9\" data-element_type=\"widget\" data-e-type=\"widget\" data-widget_type=\"text-editor.default\">\n\t\t\t\t<div class=\"elementor-widget-container\">\n\t\t\t\t\t\t\t\t\t<div><b>Le 23 ao\u00fbt&nbsp; 2023 <br><\/b><\/div><div>Bien Vivre en Vallespir s&rsquo;associe \u00e0 la LPO 66 pour organiser :&nbsp;&nbsp;<b>\u00ab\u00a0la nuit internationale de la chauve-souris\u00a0\u00bb&nbsp;&nbsp;<\/b>. A cette occasion, seront mises en \u00e9vidence la n\u00e9cessaire lutte pour la d\u00e9fense&nbsp; de la biodiversit\u00e9 et de la faune sauvage, des oiseaux, dont la pr\u00e9sence est menac\u00e9e et les habitats perturb\u00e9s.<\/div>\n<div>&nbsp;Apr\u00e8s \u00ab\u00a0la nuit de la chouette\u00a0\u00bb, Une nouvelle initiative&nbsp; qui permet aux citoyens de r\u00e9fl\u00e9chir et d&rsquo;agir ensemble pour un avenir respectueux du vivant&nbsp; et d&rsquo;arr\u00eater les projets \u00e9cocides comme celui du pont de C\u00e9ret. Des alternatives existent!<\/div>\n<div>Un ap\u00e9ro partag\u00e9 est propos\u00e9 \u00e0 tous les participants&#8230;<\/div>\n<div>&nbsp;<\/div>\n<div><b>Venez nombreux!<\/b><a href=\"https:\/\/seta66.com\/wp-content\/uploads\/2023\/08\/image.png\"><img loading=\"lazy\" decoding=\"async\" class=\"aligncenter size-full wp-image-4119\" src=\"https:\/\/seta66.com\/wp-content\/uploads\/2023\/08\/image.png\" alt=\"\" width=\"446\" height=\"586\" srcset=\"https:\/\/seta66.com\/wp-content\/uploads\/2023\/08\/image.png 446w, https:\/\/seta66.com\/wp-content\/uploads\/2023\/08\/image-228x300.png 228w\" sizes=\"(max-width: 446px) 100vw, 446px\" \/><\/a><\/div>\t\t\t\t\t\t\t\t<\/div>\n\t\t\t\t<\/div>\n\t\t\t\t\t<\/div>\n\t\t<\/div>\n\t\t\t\t\t<\/div>\n\t\t<\/section>\n\t\t\t\t<section class=\"elementor-section elementor-top-section elementor-element elementor-element-6f5ec5d elementor-section-boxed elementor-section-height-default elementor-section-height-default\" data-id=\"6f5ec5d\" data-element_type=\"section\" data-e-type=\"section\">\n\t\t\t\t\t\t<div class=\"elementor-container elementor-column-gap-default\">\n\t\t\t\t\t<div class=\"elementor-column elementor-col-100 elementor-top-column elementor-element elementor-element-12684e7\" data-id=\"12684e7\" data-element_type=\"column\" data-e-type=\"column\">\n\t\t\t<div class=\"elementor-widget-wrap elementor-element-populated\">\n\t\t\t\t\t\t<div class=\"elementor-element elementor-element-803cb2b elementor-widget elementor-widget-text-editor\" data-id=\"803cb2b\" data-element_type=\"widget\" data-e-type=\"widget\" data-widget_type=\"text-editor.default\">\n\t\t\t\t<div class=\"elementor-widget-container\">\n\t\t\t\t\t\t\t\t\t<h4>Pourquoi le nouveau pont de Ceret est une aberration des politiques\u00a0<\/h4><div>\u00a0<\/div><div><a href=\"https:\/\/youtu.be\/4sR4PGBkzO4\" target=\"_blank\" rel=\"noopener\">suivez nos arguments sur cette vid\u00e9o<\/a><\/div>\t\t\t\t\t\t\t\t<\/div>\n\t\t\t\t<\/div>\n\t\t\t\t\t<\/div>\n\t\t<\/div>\n\t\t\t\t\t<\/div>\n\t\t<\/section>\n\t\t\t\t<section class=\"elementor-section elementor-top-section elementor-element elementor-element-89b56b4 elementor-section-boxed elementor-section-height-default elementor-section-height-default\" data-id=\"89b56b4\" data-element_type=\"section\" data-e-type=\"section\">\n\t\t\t\t\t\t<div class=\"elementor-container elementor-column-gap-default\">\n\t\t\t\t\t<div class=\"elementor-column elementor-col-100 elementor-top-column elementor-element elementor-element-25f5b92\" data-id=\"25f5b92\" data-element_type=\"column\" data-e-type=\"column\">\n\t\t\t<div class=\"elementor-widget-wrap elementor-element-populated\">\n\t\t\t\t\t\t<div class=\"elementor-element elementor-element-edf9307 elementor-widget elementor-widget-text-editor\" data-id=\"edf9307\" data-element_type=\"widget\" data-e-type=\"widget\" data-widget_type=\"text-editor.default\">\n\t\t\t\t<div class=\"elementor-widget-container\">\n\t\t\t\t\t\t\t\t\t<h3 class=\"gmail_quote\"><b>APPEL AUX ASSOCIATIONS <\/b>:<b> <\/b><\/h3><h5 class=\"gmail_quote\"><a href=\"https:\/\/seta66.com\/index.php\/2022\/03\/13\/ceret\/\"><b>Mobilisation contre le projet de viaduc sur la commune de C\u00e9ret<\/b><\/a><\/h5><div class=\"gmail_quote\"><div><h6><b>A C\u00e9ret, aujourd&rsquo;hui, la situation est la suivante:<\/b><\/h6><p>&#8211; le Conseil D\u00e9partemental acc\u00e9l\u00e8re les proc\u00e9dures d&rsquo;expropriation en demandant aux derniers irr\u00e9ductibles de quitter leurs terres et leurs maisons le 29 ao\u00fbt prochain.<\/p><p>&#8211; le jugement du Tribunal Administratif sur les recours sera connu \u00e0 la rentr\u00e9e.<\/p><p>&#8211; des sondages arch\u00e9ologiques vont d\u00e9marrer en septembre\/octobre.<\/p><p>&#8211; l&rsquo;enqu\u00eate environnementale est pr\u00e9vue dans le courant du dernier trimestre 2022.<\/p><p>&#8211; l&rsquo;avis sur ce projet de la Mission R\u00e9gionale d&rsquo;autorit\u00e9 environnementale Occitanie (sous l&rsquo;autorit\u00e9 du minist\u00e8re de la transition \u00e9cologique), \u00e9mis le 15 juin dernier est consultable (lien :<a href=\"http:\/\/www.mrae.developpement-durable.gouv.fr\/IMG\/pdf\/avis_mrae_2022apo70.pdf\" target=\"_blank\" rel=\"noopener\" data-saferedirecturl=\"https:\/\/www.google.com\/url?q=http:\/\/www.mrae.developpement-durable.gouv.fr\/IMG\/pdf\/avis_mrae_2022apo70.pdf&amp;source=gmail&amp;ust=1662550174055000&amp;usg=AOvVaw16hujioCZeQ4WFGrVINeN_\">http:\/\/www.mrae.<wbr \/>developpement-durable.gouv.fr\/<wbr \/>IMG\/pdf\/avis_mrae_2022apo70.<wbr \/>pdf<\/a>)<\/p><p><b>Bien Vivre en Vallespir a donc d\u00e9cid\u00e9 une mobilisation le 24 septembre, sous la forme d&rsquo;une manifestation qui traversera C\u00e9ret jusqu&rsquo;\u00e0 la sous-pr\u00e9fecture.<\/b><\/p><p>Cette mobilisation doit \u00eatre un signe fort envoy\u00e9 au Conseil D\u00e9partemental et \u00e0 la mairie pour montrer notre d\u00e9termination \u00e0 emp\u00eacher les expulsions et le d\u00e9marrage des travaux.<span id=\"m_-8896141518442667783m_2081414478989810431m_-8941814641285770841_mce_caret\"><b><\/b><\/span><\/p><p><b><u>Nous vous invitons \u00e0 nous rejoindre <\/u>pour que cette mobilisation soit une r\u00e9ussite et un symbole d&rsquo;unit\u00e9 et de convergence dans nos luttes contre tous les projets de b\u00e9tonisation qui menacent notre d\u00e9partement.<\/b><\/p><p><u>Merci de nous dire par retour de mail ou d\u00e8s que possible <\/u>si vous serez \u00e0 nos c\u00f4t\u00e9s dans cette action.<\/p><p><b>Une r\u00e9union de pr\u00e9paration aura lieu autour du 20 ao\u00fbt avec un repr\u00e9sentant de chaque organisation.<\/b><\/p><p>La lutte continue et nous allons gagner !!!<\/p><p><b>Le collectif de Gouvernance de BIEN VIVRE EN VALLESPIR<\/b><\/p><\/div><\/div>\t\t\t\t\t\t\t\t<\/div>\n\t\t\t\t<\/div>\n\t\t\t\t\t<\/div>\n\t\t<\/div>\n\t\t\t\t\t<\/div>\n\t\t<\/section>\n\t\t\t\t<section class=\"elementor-section elementor-top-section elementor-element elementor-element-7b5859c elementor-section-boxed elementor-section-height-default elementor-section-height-default\" data-id=\"7b5859c\" data-element_type=\"section\" data-e-type=\"section\">\n\t\t\t\t\t\t<div class=\"elementor-container elementor-column-gap-default\">\n\t\t\t\t\t<div class=\"elementor-column elementor-col-100 elementor-top-column elementor-element elementor-element-75bd363\" data-id=\"75bd363\" data-element_type=\"column\" data-e-type=\"column\">\n\t\t\t<div class=\"elementor-widget-wrap elementor-element-populated\">\n\t\t\t\t\t\t<div class=\"elementor-element elementor-element-6c2df60 elementor-widget-divider--view-line elementor-widget elementor-widget-divider\" data-id=\"6c2df60\" data-element_type=\"widget\" data-e-type=\"widget\" data-widget_type=\"divider.default\">\n\t\t\t\t<div class=\"elementor-widget-container\">\n\t\t\t\t\t\t\t<div class=\"elementor-divider\">\n\t\t\t<span class=\"elementor-divider-separator\">\n\t\t\t\t\t\t<\/span>\n\t\t<\/div>\n\t\t\t\t\t\t<\/div>\n\t\t\t\t<\/div>\n\t\t\t\t\t<\/div>\n\t\t<\/div>\n\t\t\t\t\t<\/div>\n\t\t<\/section>\n\t\t\t\t<section class=\"elementor-section elementor-top-section elementor-element elementor-element-62051e4 elementor-section-boxed elementor-section-height-default elementor-section-height-default\" data-id=\"62051e4\" data-element_type=\"section\" data-e-type=\"section\">\n\t\t\t\t\t\t<div class=\"elementor-container elementor-column-gap-default\">\n\t\t\t\t\t<div class=\"elementor-column elementor-col-100 elementor-top-column elementor-element elementor-element-ba67f3c\" data-id=\"ba67f3c\" data-element_type=\"column\" data-e-type=\"column\">\n\t\t\t<div class=\"elementor-widget-wrap elementor-element-populated\">\n\t\t\t\t\t\t<div class=\"elementor-element elementor-element-2939fc7 elementor-widget elementor-widget-heading\" data-id=\"2939fc7\" data-element_type=\"widget\" data-e-type=\"widget\" data-widget_type=\"heading.default\">\n\t\t\t\t<div class=\"elementor-widget-container\">\n\t\t\t\t\t<h2 class=\"elementor-heading-title elementor-size-default\">Ceret  : Un pont de trop<\/h2>\t\t\t\t<\/div>\n\t\t\t\t<\/div>\n\t\t\t\t\t<\/div>\n\t\t<\/div>\n\t\t\t\t\t<\/div>\n\t\t<\/section>\n\t\t\t\t<section class=\"elementor-section elementor-top-section elementor-element elementor-element-b34efd0 elementor-section-boxed elementor-section-height-default elementor-section-height-default\" data-id=\"b34efd0\" data-element_type=\"section\" data-e-type=\"section\">\n\t\t\t\t\t\t<div class=\"elementor-container elementor-column-gap-default\">\n\t\t\t\t\t<div class=\"elementor-column elementor-col-100 elementor-top-column elementor-element elementor-element-c9d9288\" data-id=\"c9d9288\" data-element_type=\"column\" data-e-type=\"column\">\n\t\t\t<div class=\"elementor-widget-wrap elementor-element-populated\">\n\t\t\t\t\t\t<div class=\"elementor-element elementor-element-b76cb4b elementor-widget elementor-widget-image\" data-id=\"b76cb4b\" data-element_type=\"widget\" data-e-type=\"widget\" data-widget_type=\"image.default\">\n\t\t\t\t<div class=\"elementor-widget-container\">\n\t\t\t\t\t\t\t\t\t\t\t\t\t\t\t\t<a href=\"https:\/\/www.bienvivreenvallespir.com\/?utm_campaign=f3accfe0-bcb1-4e37-bc5a-5f35c3853045&#038;utm_source=so&#038;utm_medium=mail&#038;utm_content=4aeb15ed-fe89-4d5b-baba-8455357bfe07&#038;cid=d84dfdea-4134-4e23-994e-0808a64ddd06\">\n\t\t\t\t\t\t\t<img loading=\"lazy\" decoding=\"async\" width=\"1024\" height=\"524\" src=\"https:\/\/seta66.com\/wp-content\/uploads\/2022\/03\/2022-07-20-at-10-14-50-1024x524.png\" class=\"attachment-large size-large wp-image-1510\" alt=\"\" srcset=\"https:\/\/seta66.com\/wp-content\/uploads\/2022\/03\/2022-07-20-at-10-14-50-1024x524.png 1024w, https:\/\/seta66.com\/wp-content\/uploads\/2022\/03\/2022-07-20-at-10-14-50-300x154.png 300w, https:\/\/seta66.com\/wp-content\/uploads\/2022\/03\/2022-07-20-at-10-14-50-768x393.png 768w, https:\/\/seta66.com\/wp-content\/uploads\/2022\/03\/2022-07-20-at-10-14-50-412x211.png 412w, https:\/\/seta66.com\/wp-content\/uploads\/2022\/03\/2022-07-20-at-10-14-50.png 1453w\" sizes=\"(max-width: 1024px) 100vw, 1024px\" \/>\t\t\t\t\t\t\t\t<\/a>\n\t\t\t\t\t\t\t\t\t\t\t\t\t\t\t<\/div>\n\t\t\t\t<\/div>\n\t\t\t\t\t<\/div>\n\t\t<\/div>\n\t\t\t\t\t<\/div>\n\t\t<\/section>\n\t\t\t\t<\/div>\n\t\t","protected":false},"excerpt":{"rendered":"<p>Ceret &#8212; 66400 Site de la Mairie : Seta vous informe sur la situation\u00a0 financi\u00e9re de la commune et plus\u00a0\u00a0 L&rsquo;ACTUALIT\u00c9 DE BIEN VIVRE EN VALLESPIR \u00a0 \u00a0 BVV INFO &hellip;<\/p>\n","protected":false},"author":2,"featured_media":1792,"comment_status":"closed","ping_status":"closed","sticky":false,"template":"elementor_theme","format":"standard","meta":{"_bbp_topic_count":0,"_bbp_reply_count":0,"_bbp_total_topic_count":0,"_bbp_total_reply_count":0,"_bbp_voice_count":0,"_bbp_anonymous_reply_count":0,"_bbp_topic_count_hidden":0,"_bbp_reply_count_hidden":0,"_bbp_forum_subforum_count":0,"footnotes":""},"categories":[9],"tags":[],"class_list":["post-373","post","type-post","status-publish","format-standard","has-post-thumbnail","hentry","category-vallespir"],"_links":{"self":[{"href":"https:\/\/seta66.com\/index.php\/wp-json\/wp\/v2\/posts\/373","targetHints":{"allow":["GET"]}}],"collection":[{"href":"https:\/\/seta66.com\/index.php\/wp-json\/wp\/v2\/posts"}],"about":[{"href":"https:\/\/seta66.com\/index.php\/wp-json\/wp\/v2\/types\/post"}],"author":[{"embeddable":true,"href":"https:\/\/seta66.com\/index.php\/wp-json\/wp\/v2\/users\/2"}],"replies":[{"embeddable":true,"href":"https:\/\/seta66.com\/index.php\/wp-json\/wp\/v2\/comments?post=373"}],"version-history":[{"count":11,"href":"https:\/\/seta66.com\/index.php\/wp-json\/wp\/v2\/posts\/373\/revisions"}],"predecessor-version":[{"id":7655,"href":"https:\/\/seta66.com\/index.php\/wp-json\/wp\/v2\/posts\/373\/revisions\/7655"}],"wp:featuredmedia":[{"embeddable":true,"href":"https:\/\/seta66.com\/index.php\/wp-json\/wp\/v2\/media\/1792"}],"wp:attachment":[{"href":"https:\/\/seta66.com\/index.php\/wp-json\/wp\/v2\/media?parent=373"}],"wp:term":[{"taxonomy":"category","embeddable":true,"href":"https:\/\/seta66.com\/index.php\/wp-json\/wp\/v2\/categories?post=373"},{"taxonomy":"post_tag","embeddable":true,"href":"https:\/\/seta66.com\/index.php\/wp-json\/wp\/v2\/tags?post=373"}],"curies":[{"name":"wp","href":"https:\/\/api.w.org\/{rel}","templated":true}]}}