{"id":359,"date":"2022-03-12T16:38:30","date_gmt":"2022-03-12T15:38:30","guid":{"rendered":"https:\/\/seta66.com\/?p=359"},"modified":"2026-01-14T23:35:41","modified_gmt":"2026-01-14T22:35:41","slug":"vallespir","status":"publish","type":"post","link":"https:\/\/seta66.com\/index.php\/2022\/03\/12\/vallespir\/","title":{"rendered":"Vallespir"},"content":{"rendered":"\t\t<div data-elementor-type=\"wp-post\" data-elementor-id=\"359\" class=\"elementor elementor-359\">\n\t\t\t\t\t\t<section class=\"elementor-section elementor-top-section elementor-element elementor-element-c91f40d elementor-section-boxed elementor-section-height-default elementor-section-height-default\" data-id=\"c91f40d\" data-element_type=\"section\" data-e-type=\"section\">\n\t\t\t\t\t\t<div class=\"elementor-container elementor-column-gap-default\">\n\t\t\t\t\t<div class=\"elementor-column elementor-col-100 elementor-top-column elementor-element elementor-element-73a734b\" data-id=\"73a734b\" data-element_type=\"column\" data-e-type=\"column\">\n\t\t\t<div class=\"elementor-widget-wrap elementor-element-populated\">\n\t\t\t\t\t\t<div class=\"elementor-element elementor-element-5e7c83b elementor-widget elementor-widget-heading\" data-id=\"5e7c83b\" data-element_type=\"widget\" data-e-type=\"widget\" data-widget_type=\"heading.default\">\n\t\t\t\t<div class=\"elementor-widget-container\">\n\t\t\t\t\t<h2 class=\"elementor-heading-title elementor-size-default\">Vallespir<\/h2>\t\t\t\t<\/div>\n\t\t\t\t<\/div>\n\t\t\t\t\t<\/div>\n\t\t<\/div>\n\t\t\t\t\t<\/div>\n\t\t<\/section>\n\t\t\t\t<section class=\"elementor-section elementor-top-section elementor-element elementor-element-27c70dc elementor-section-boxed elementor-section-height-default elementor-section-height-default\" data-id=\"27c70dc\" data-element_type=\"section\" data-e-type=\"section\">\n\t\t\t\t\t\t<div class=\"elementor-container elementor-column-gap-default\">\n\t\t\t\t\t<div class=\"elementor-column elementor-col-100 elementor-top-column elementor-element elementor-element-e34e5fe\" data-id=\"e34e5fe\" data-element_type=\"column\" data-e-type=\"column\">\n\t\t\t<div class=\"elementor-widget-wrap elementor-element-populated\">\n\t\t\t\t\t\t<div class=\"elementor-element elementor-element-7cb13a7 elementor-widget elementor-widget-text-editor\" data-id=\"7cb13a7\" data-element_type=\"widget\" data-e-type=\"widget\" data-widget_type=\"text-editor.default\">\n\t\t\t\t<div class=\"elementor-widget-container\">\n\t\t\t\t\t\t\t\t\t<h4><a href=\"https:\/\/www.vallespir.com\/\">Site de la communaut\u00e9 de communes du Vallespir\u00a0 :<\/a><\/h4><h4>\u00a0<\/h4>\t\t\t\t\t\t\t\t<\/div>\n\t\t\t\t<\/div>\n\t\t\t\t\t<\/div>\n\t\t<\/div>\n\t\t\t\t\t<\/div>\n\t\t<\/section>\n\t\t\t\t<section class=\"elementor-section elementor-top-section elementor-element elementor-element-333afbe elementor-section-boxed elementor-section-height-default elementor-section-height-default\" data-id=\"333afbe\" data-element_type=\"section\" data-e-type=\"section\">\n\t\t\t\t\t\t<div class=\"elementor-container elementor-column-gap-default\">\n\t\t\t\t\t<div class=\"elementor-column elementor-col-100 elementor-top-column elementor-element elementor-element-857fba3\" data-id=\"857fba3\" data-element_type=\"column\" data-e-type=\"column\">\n\t\t\t<div class=\"elementor-widget-wrap elementor-element-populated\">\n\t\t\t\t\t\t<div class=\"elementor-element elementor-element-ab267b0 elementor-widget elementor-widget-ekit-nav-menu\" data-id=\"ab267b0\" data-element_type=\"widget\" data-e-type=\"widget\" data-widget_type=\"ekit-nav-menu.default\">\n\t\t\t\t<div class=\"elementor-widget-container\">\n\t\t\t\t\t\t\t<nav class=\"ekit-wid-con ekit_menu_responsive_mobile\"\n\t\t\tdata-hamburger-icon=\"\"\n\t\t\tdata-hamburger-icon-type=\"icon\"\n\t\t\tdata-responsive-breakpoint=\"767\">\n\t\t\t            <button class=\"elementskit-menu-hamburger elementskit-menu-toggler\"  type=\"button\" aria-label=\"hamburger-icon\">\n                                    <span class=\"elementskit-menu-hamburger-icon\"><\/span><span class=\"elementskit-menu-hamburger-icon\"><\/span><span class=\"elementskit-menu-hamburger-icon\"><\/span>\n                            <\/button>\n            <div id=\"ekit-megamenu-vallespir\" class=\"elementskit-menu-container elementskit-menu-offcanvas-elements elementskit-navbar-nav-default ekit-nav-menu-one-page-no ekit-nav-dropdown-hover\"><ul id=\"menu-vallespir\" class=\"elementskit-navbar-nav elementskit-menu-po-center submenu-click-on-icon\"><li id=\"menu-item-1316\" class=\"menu-item menu-item-type-post_type menu-item-object-post menu-item-1316 nav-item elementskit-mobile-builder-content\" data-vertical-menu=750px><a href=\"https:\/\/seta66.com\/index.php\/2022\/03\/13\/ceret\/\" class=\"ekit-menu-nav-link\">Ceret<\/a><\/li>\n<li id=\"menu-item-1317\" class=\"menu-item menu-item-type-post_type menu-item-object-post menu-item-1317 nav-item elementskit-mobile-builder-content\" data-vertical-menu=750px><a href=\"https:\/\/seta66.com\/index.php\/2022\/03\/13\/le-boulou\/\" class=\"ekit-menu-nav-link\">Le Boulou<\/a><\/li>\n<li id=\"menu-item-1318\" class=\"menu-item menu-item-type-post_type menu-item-object-post menu-item-1318 nav-item elementskit-mobile-builder-content\" data-vertical-menu=750px><a href=\"https:\/\/seta66.com\/index.php\/2022\/03\/13\/maureillas-las-illas\/\" class=\"ekit-menu-nav-link\">Maureillas las Illas<\/a><\/li>\n<li id=\"menu-item-1319\" class=\"menu-item menu-item-type-post_type menu-item-object-post menu-item-1319 nav-item elementskit-mobile-builder-content\" data-vertical-menu=750px><a href=\"https:\/\/seta66.com\/index.php\/2022\/03\/13\/saint-jean-pla-de-corts\/\" class=\"ekit-menu-nav-link\">Saint Jean Pla de Corts<\/a><\/li>\n<\/ul><div class=\"elementskit-nav-identity-panel\"><button class=\"elementskit-menu-close elementskit-menu-toggler\" type=\"button\">X<\/button><\/div><\/div>\n\t\t\t<div class=\"elementskit-menu-overlay elementskit-menu-offcanvas-elements elementskit-menu-toggler ekit-nav-menu--overlay\"><\/div>        <\/nav>\n\t\t\t\t\t\t<\/div>\n\t\t\t\t<\/div>\n\t\t\t\t\t<\/div>\n\t\t<\/div>\n\t\t\t\t\t<\/div>\n\t\t<\/section>\n\t\t\t\t<section class=\"elementor-section elementor-top-section elementor-element elementor-element-ce07fa0 elementor-section-boxed elementor-section-height-default elementor-section-height-default\" data-id=\"ce07fa0\" data-element_type=\"section\" data-e-type=\"section\">\n\t\t\t\t\t\t<div class=\"elementor-container elementor-column-gap-default\">\n\t\t\t\t\t<div class=\"elementor-column elementor-col-100 elementor-top-column elementor-element elementor-element-7d48fca\" data-id=\"7d48fca\" data-element_type=\"column\" data-e-type=\"column\">\n\t\t\t<div class=\"elementor-widget-wrap\">\n\t\t\t\t\t\t\t<\/div>\n\t\t<\/div>\n\t\t\t\t\t<\/div>\n\t\t<\/section>\n\t\t\t\t<section class=\"elementor-section elementor-top-section elementor-element elementor-element-0eb4694 elementor-section-boxed elementor-section-height-default elementor-section-height-default\" data-id=\"0eb4694\" data-element_type=\"section\" data-e-type=\"section\">\n\t\t\t\t\t\t<div class=\"elementor-container elementor-column-gap-default\">\n\t\t\t\t\t<div class=\"elementor-column elementor-col-100 elementor-top-column elementor-element elementor-element-9f22e1d\" data-id=\"9f22e1d\" data-element_type=\"column\" data-e-type=\"column\">\n\t\t\t<div class=\"elementor-widget-wrap elementor-element-populated\">\n\t\t\t\t\t\t<div class=\"elementor-element elementor-element-f941230 elementor-widget elementor-widget-google_maps\" data-id=\"f941230\" data-element_type=\"widget\" data-e-type=\"widget\" data-widget_type=\"google_maps.default\">\n\t\t\t\t<div class=\"elementor-widget-container\">\n\t\t\t\t\t\t\t<div class=\"elementor-custom-embed\">\n\t\t\t<iframe loading=\"lazy\"\n\t\t\t\t\tsrc=\"https:\/\/maps.google.com\/maps?q=%20Communaut%C3%A9%20de%20Communes%20Vallespir%202%20Av.%20du%20Vallespir%2C%2066400%20C%C3%A9ret&#038;t=m&#038;z=11&#038;output=embed&#038;iwloc=near\"\n\t\t\t\t\ttitle=\" Communaut\u00e9 de Communes Vallespir 2 Av. du Vallespir, 66400 C\u00e9ret\"\n\t\t\t\t\taria-label=\" Communaut\u00e9 de Communes Vallespir 2 Av. du Vallespir, 66400 C\u00e9ret\"\n\t\t\t><\/iframe>\n\t\t<\/div>\n\t\t\t\t\t\t<\/div>\n\t\t\t\t<\/div>\n\t\t\t\t\t<\/div>\n\t\t<\/div>\n\t\t\t\t\t<\/div>\n\t\t<\/section>\n\t\t\t\t<section class=\"elementor-section elementor-top-section elementor-element elementor-element-71dde92 elementor-section-boxed elementor-section-height-default elementor-section-height-default\" data-id=\"71dde92\" data-element_type=\"section\" data-e-type=\"section\">\n\t\t\t\t\t\t<div class=\"elementor-container elementor-column-gap-default\">\n\t\t\t\t\t<div class=\"elementor-column elementor-col-100 elementor-top-column elementor-element elementor-element-308d7e5\" data-id=\"308d7e5\" data-element_type=\"column\" data-e-type=\"column\">\n\t\t\t<div class=\"elementor-widget-wrap elementor-element-populated\">\n\t\t\t\t\t\t<div class=\"elementor-element elementor-element-13ee177 elementor-widget elementor-widget-text-editor\" data-id=\"13ee177\" data-element_type=\"widget\" data-e-type=\"widget\" data-widget_type=\"text-editor.default\">\n\t\t\t\t<div class=\"elementor-widget-container\">\n\t\t\t\t\t\t\t\t\t<div><i><b><span style=\"color: #38761d;\"><img decoding=\"async\" class=\"CToWUd\" src=\"https:\/\/ci3.googleusercontent.com\/mail-sig\/AIorK4yVcdBtVcaCgPpWiA_PP59DfJauCXju-rDBFEeu5CyhgWO3woUSF7iHA9wrl0KAfc2zG_LixOs\" width=\"96\" height=\"96\" data-bit=\"iit\" \/><br \/><\/span><\/b><\/i><\/div><div><i><b><span style=\"color: #38761d;\">Association S.E.T.A<\/span><\/b><\/i><\/div><div><div><i><span style=\"color: #cc0000;\"><b>S<\/b><\/span>auvegarde de l&rsquo;<span style=\"color: #cc0000;\"><b>E<\/b><\/span>nvironnement du\u00a0<b><span style=\"color: #cc0000;\">T<\/span><\/b>ech et des\u00a0<span style=\"color: #cc0000;\"><b>A<\/b><\/span>lb\u00e8res<\/i><\/div><div><i><b>Association reconnue d&rsquo;int\u00e9r\u00eat g\u00e9n\u00e9ral<\/b><br \/><\/i><i>avec le soutien de la\u00a0<span style=\"color: #0000ff;\">DRAJES Occitanie\u00a0\u00a0<\/span><\/i><i><br \/><\/i><\/div><div><i>n\u00b0 association : W661006296 ; identifiant SIRET : 909 096 976 00024<\/i><\/div><\/div><div><i>\u00a011, avenue de la Mer &#8211; 66740 Montesquieu des Alb\u00e8res<\/i><\/div><div><i>Email :<\/i>\u00a0<a href=\"mailto:seta66740@gmail.com\" target=\"_blank\" rel=\"noopener\"><span style=\"color: #0b5394;\"><i>seta66740@gmail.com<\/i><\/span><\/a><\/div><div><u>Site Web<\/u>\u00a0:\u00a0<a href=\"https:\/\/seta66.com\/\" target=\"_blank\" rel=\"noopener\" data-saferedirecturl=\"https:\/\/www.google.com\/url?q=https:\/\/seta66.com\/&amp;source=gmail&amp;ust=1684415478732000&amp;usg=AOvVaw0i_3aLdq0u7MZwUKiR7uoe\"><span style=\"color: #6aa84f;\">https:\/\/seta66.com\/<\/span><\/a><\/div><div>Rejoignez-nous sur\u00a0<a href=\"https:\/\/www.facebook.com\/SETA-107745111526763\/about\/?ref=page_internal\" target=\"_blank\" rel=\"noopener\" data-saferedirecturl=\"https:\/\/www.google.com\/url?q=https:\/\/www.facebook.com\/SETA-107745111526763\/about\/?ref%3Dpage_internal&amp;source=gmail&amp;ust=1684415478732000&amp;usg=AOvVaw1hdBe1OnaYhIb6NBTWatEl\"><b><span style=\"color: #0b5394;\">facebook<\/span><\/b><\/a><\/div><div>Rejoignez-nous sur\u00a0<a href=\"https:\/\/www.instagram.com\/associationseta66\/\" target=\"_blank\" rel=\"noopener\" data-saferedirecturl=\"https:\/\/www.google.com\/url?q=https:\/\/www.instagram.com\/associationseta66\/&amp;source=gmail&amp;ust=1684415478732000&amp;usg=AOvVaw2ms6d4Fx1ZF8xSP_VnUJj1\"><b>instagram<\/b><\/a><\/div><div><i>Cliquez pour\u00a0<a href=\"https:\/\/www.helloasso.com\/associations\/sauvegarde-de-l-environnement-du-tech-et-des-alber\/adhesions\/adhesion-cotisation-a-la-seta-pour-l-annee-2026\" target=\"_blank\" rel=\"noopener\" data-saferedirecturl=\"https:\/\/www.google.com\/url?q=https:\/\/www.helloasso.com\/associations\/sauvegarde-de-l-environnement-du-tech-et-des-alber\/adhesions\/adhesion-cotisation-a-la-seta-pour-l-annee-2023&amp;source=gmail&amp;ust=1684415478732000&amp;usg=AOvVaw3RO33o326WGVORvp6y_rsI\">Adh\u00e9rer en ligne \u00e0 la SETA pour l&rsquo;ann\u00e9e<\/a><\/i><\/div><div><i>Cliquez pour<\/i>\u00a0<a href=\"https:\/\/www.helloasso.com\/associations\/sauvegarde-de-l-environnement-du-tech-et-des-alber\/formulaires\/1?_gl=1*4xr5wm*_gcl_aw*R0NMLjE3NjQ4NjgwNTMuQ2owS0NRaUFfOFRKQmhETkFSSXNBUFg1cXhUcDU2TnpGQXFoUjNHdFVDakR5TmZoQXFIWmM1anFqbjN4VjhxSXA5bHFIT2ZvaHZQbThZY2FBazF2RUFMd193Y0I.*_gcl_au*ODQyNjI4OTEyLjE3NjI5NTI4NDIuMTgxNzM5Mzk4OC4xNzY4NDI5NjAwLjE3Njg0Mjk2MDA.\" target=\"_blank\" rel=\"noopener\" data-saferedirecturl=\"https:\/\/www.google.com\/url?q=https:\/\/www.helloasso.com\/associations\/sauvegarde-de-l-environnement-du-tech-et-des-alber\/formulaires\/1\/widget&amp;source=gmail&amp;ust=1684415478732000&amp;usg=AOvVaw3wTKX6Dw5p3KLZ_9PGEjR-\"><i>faire un don \u00e0 la SETA<\/i><\/a><\/div><p><a href=\"https:\/\/seta66.com\/wp-content\/uploads\/2026\/01\/qrcode-2.png\"><img fetchpriority=\"high\" decoding=\"async\" class=\"aligncenter wp-image-7510\" src=\"https:\/\/seta66.com\/wp-content\/uploads\/2026\/01\/qrcode-2.png\" alt=\"\" width=\"299\" height=\"299\" srcset=\"https:\/\/seta66.com\/wp-content\/uploads\/2026\/01\/qrcode-2.png 600w, https:\/\/seta66.com\/wp-content\/uploads\/2026\/01\/qrcode-2-300x300.png 300w, https:\/\/seta66.com\/wp-content\/uploads\/2026\/01\/qrcode-2-150x150.png 150w\" sizes=\"(max-width: 299px) 100vw, 299px\" \/><\/a><\/p>\t\t\t\t\t\t\t\t<\/div>\n\t\t\t\t<\/div>\n\t\t\t\t\t<\/div>\n\t\t<\/div>\n\t\t\t\t\t<\/div>\n\t\t<\/section>\n\t\t\t\t<\/div>\n\t\t","protected":false},"excerpt":{"rendered":"<p>Vallespir Site de la communaut\u00e9 de communes du Vallespir\u00a0 : \u00a0 Ceret Le Boulou Maureillas las Illas Saint Jean Pla de Corts X Association S.E.T.ASauvegarde de l&rsquo;Environnement du\u00a0Tech et des\u00a0Alb\u00e8resAssociation &hellip;<\/p>\n","protected":false},"author":2,"featured_media":0,"comment_status":"closed","ping_status":"closed","sticky":false,"template":"elementor_theme","format":"standard","meta":{"_bbp_topic_count":0,"_bbp_reply_count":0,"_bbp_total_topic_count":0,"_bbp_total_reply_count":0,"_bbp_voice_count":0,"_bbp_anonymous_reply_count":0,"_bbp_topic_count_hidden":0,"_bbp_reply_count_hidden":0,"_bbp_forum_subforum_count":0,"footnotes":""},"categories":[9],"tags":[],"class_list":["post-359","post","type-post","status-publish","format-standard","hentry","category-vallespir"],"_links":{"self":[{"href":"https:\/\/seta66.com\/index.php\/wp-json\/wp\/v2\/posts\/359","targetHints":{"allow":["GET"]}}],"collection":[{"href":"https:\/\/seta66.com\/index.php\/wp-json\/wp\/v2\/posts"}],"about":[{"href":"https:\/\/seta66.com\/index.php\/wp-json\/wp\/v2\/types\/post"}],"author":[{"embeddable":true,"href":"https:\/\/seta66.com\/index.php\/wp-json\/wp\/v2\/users\/2"}],"replies":[{"embeddable":true,"href":"https:\/\/seta66.com\/index.php\/wp-json\/wp\/v2\/comments?post=359"}],"version-history":[{"count":8,"href":"https:\/\/seta66.com\/index.php\/wp-json\/wp\/v2\/posts\/359\/revisions"}],"predecessor-version":[{"id":7546,"href":"https:\/\/seta66.com\/index.php\/wp-json\/wp\/v2\/posts\/359\/revisions\/7546"}],"wp:attachment":[{"href":"https:\/\/seta66.com\/index.php\/wp-json\/wp\/v2\/media?parent=359"}],"wp:term":[{"taxonomy":"category","embeddable":true,"href":"https:\/\/seta66.com\/index.php\/wp-json\/wp\/v2\/categories?post=359"},{"taxonomy":"post_tag","embeddable":true,"href":"https:\/\/seta66.com\/index.php\/wp-json\/wp\/v2\/tags?post=359"}],"curies":[{"name":"wp","href":"https:\/\/api.w.org\/{rel}","templated":true}]}}